{"id":289657,"date":"2020-04-17T12:53:14","date_gmt":"2020-04-17T09:53:14","guid":{"rendered":"https:\/\/www.nationalturk.com\/?p=289657"},"modified":"2020-04-17T12:53:14","modified_gmt":"2020-04-17T09:53:14","slug":"din-adamlarinin-cuma-namazi-israri-ve-gerginlikler-suruyor-289657","status":"publish","type":"post","link":"https:\/\/www.nationalturk.com\/tr\/din-adamlarinin-cuma-namazi-israri-ve-gerginlikler-suruyor-289657\/","title":{"rendered":"Din adamlar\u0131n\u0131n cuma namaz\u0131 \u0131srar\u0131 ve gerginlikler s\u00fcr\u00fcyor!"},"content":{"rendered":"<p>Pakistan&#8217;daki baz\u0131 din adamlar\u0131, Covid-19&#8217;un yay\u0131lmas\u0131n\u0131 \u00f6nlemek i\u00e7in toplu ibadetler yasaklanmas\u0131na ra\u011fmen \u00fclke \u00e7ap\u0131nda Cuma namaz\u0131 k\u0131l\u0131naca\u011f\u0131n\u0131 duyurdu.<\/p>\n<p>Bu haftan\u0131n ba\u015flar\u0131nda, bir grup din alimi, karantina \u00f6nlemlerinin camiler i\u00e7in ge\u00e7erli olmad\u0131\u011f\u0131n\u0131 s\u00f6yledi. Ya\u015fl\u0131lara evde dua etmeleri tavsiye edildi\u011fini ve camilerde sosyal mesafe kurallar\u0131na uyulaca\u011f\u0131n\u0131 da s\u00f6zlerine eklediler. <\/p>\n<p>Din alimi M\u00fcft\u00fc Taqi Usmani Sal\u0131 g\u00fcn\u00fc yapt\u0131\u011f\u0131 a\u00e7\u0131klamada, &#8220;Mevcut ko\u015fullarda, ihtiyati tedbirlerle birlikte be\u015f vakit namaz k\u0131lmaya devam edece\u011fiz&#8221; dedi. <\/p>\n<p>Pakistan&#8217;\u0131n toplu ibadetlere y\u00f6nelik yasaklar\u0131 birka\u00e7 haftad\u0131r y\u00fcr\u00fcrl\u00fckte ancak halk camilere ak\u0131n etmeye devam ediyor.<\/p>\n<p>Pakistan&#8217;da bug\u00fcn itibariyle 7 binin \u00fczerinde koronavir\u00fcs vakas\u0131 ve 135 \u00f6l\u00fc bulunuyor.<\/p>\n<!-- Error, Advert is not available at this time due to schedule\/geolocation restrictions! -->\n","protected":false},"excerpt":{"rendered":"<p>Pakistan&#8217;daki baz\u0131 din adamlar\u0131, Covid-19&#8217;un yay\u0131lmas\u0131n\u0131 \u00f6nlemek i\u00e7in toplu ibadetler yasaklanmas\u0131na ra\u011fmen \u00fclke \u00e7ap\u0131nda Cuma namaz\u0131 k\u0131l\u0131naca\u011f\u0131n\u0131 duyurdu. Bu haftan\u0131n ba\u015flar\u0131nda, bir grup din alimi, karantina \u00f6nlemlerinin camiler i\u00e7in ge\u00e7erli olmad\u0131\u011f\u0131n\u0131 s\u00f6yledi. Ya\u015fl\u0131lara evde dua etmeleri tavsiye edildi\u011fini ve camilerde sosyal mesafe kurallar\u0131na uyulaca\u011f\u0131n\u0131 da s\u00f6zlerine eklediler. Din alimi M\u00fcft\u00fc Taqi Usmani Sal\u0131 g\u00fcn\u00fc yapt\u0131\u011f\u0131 &hellip;<\/p>\n","protected":false},"author":4,"featured_media":289658,"comment_status":"open","ping_status":"closed","sticky":false,"template":"","format":"standard","meta":{"_acf_changed":false,"footnotes":""},"categories":[6769,6155,5005],"tags":[51441,220418,2547],"class_list":["post-289657","post","type-post","status-publish","format-standard","has-post-thumbnail","hentry","category-asya","category-gundem","category-manset","tag-cuma-namazi","tag-koronavirus","tag-pakistan"],"acf":[],"_links":{"self":[{"href":"https:\/\/www.nationalturk.com\/tr\/wp-json\/wp\/v2\/posts\/289657","targetHints":{"allow":["GET"]}}],"collection":[{"href":"https:\/\/www.nationalturk.com\/tr\/wp-json\/wp\/v2\/posts"}],"about":[{"href":"https:\/\/www.nationalturk.com\/tr\/wp-json\/wp\/v2\/types\/post"}],"author":[{"embeddable":true,"href":"https:\/\/www.nationalturk.com\/tr\/wp-json\/wp\/v2\/users\/4"}],"replies":[{"embeddable":true,"href":"https:\/\/www.nationalturk.com\/tr\/wp-json\/wp\/v2\/comments?post=289657"}],"version-history":[{"count":0,"href":"https:\/\/www.nationalturk.com\/tr\/wp-json\/wp\/v2\/posts\/289657\/revisions"}],"wp:featuredmedia":[{"embeddable":true,"href":"https:\/\/www.nationalturk.com\/tr\/wp-json\/wp\/v2\/media\/289658"}],"wp:attachment":[{"href":"https:\/\/www.nationalturk.com\/tr\/wp-json\/wp\/v2\/media?parent=289657"}],"wp:term":[{"taxonomy":"category","embeddable":true,"href":"https:\/\/www.nationalturk.com\/tr\/wp-json\/wp\/v2\/categories?post=289657"},{"taxonomy":"post_tag","embeddable":true,"href":"https:\/\/www.nationalturk.com\/tr\/wp-json\/wp\/v2\/tags?post=289657"}],"curies":[{"name":"wp","href":"https:\/\/api.w.org\/{rel}","templated":true}]}}