{"id":289783,"date":"2020-04-20T09:19:39","date_gmt":"2020-04-20T06:19:39","guid":{"rendered":"https:\/\/www.nationalturk.com\/?p=289783"},"modified":"2020-04-20T14:23:39","modified_gmt":"2020-04-20T11:23:39","slug":"80-kibrisli-turk-hayatini-kaybetti-289783","status":"publish","type":"post","link":"https:\/\/www.nationalturk.com\/tr\/80-kibrisli-turk-hayatini-kaybetti-289783\/","title":{"rendered":"80 K\u0131br\u0131sl\u0131 T\u00fcrk hayat\u0131n\u0131 kaybetti"},"content":{"rendered":"<p>Kuzey K\u0131br\u0131s T\u00fcrk Cumhuriyeti (KKTC) Ba\u015fbakan Yard\u0131mc\u0131s\u0131 ve D\u0131\u015fi\u015fleri Bakan\u0131 Kudret \u00d6zersay, \u0130ngiltere&#8217;de ya\u015fayan 80 K\u0131br\u0131sl\u0131 T\u00fcrk\u2019\u00fcn yeni tip koronavir\u00fcs (Kovid-19) sebebiyle ya\u015fam\u0131n\u0131 yitirdi\u011fini belirtti.<\/p>\n<p>\u00d6zersay, \u0130ngiltere&#8217;de vir\u00fcs nedeniyle ya\u015fam\u0131n\u0131 kaybeden K\u0131br\u0131sl\u0131 T\u00fcrklere ili\u015fkin Facebook\u2019tan bir payla\u015f\u0131mda bulundu.<\/p>\n<p>Salg\u0131n nedeniyle K\u0131br\u0131s T\u00fcrk halk\u0131n\u0131n \u00f6nemli kay\u0131plar verdi\u011fini kaydeden \u00d6zersay, \u201cBug\u00fcn Londra Temsilcili\u011fimizden ald\u0131\u011f\u0131m resmi rakamlara g\u00f6re salg\u0131n sonucu Birle\u015fik Krall\u0131k\u2019ta bug\u00fcne kadar 80 vatanda\u015f\u0131m\u0131z\u0131 kaybettik. Aralar\u0131nda \u0130ngiltere\u2019de ya\u015fayan K\u0131br\u0131sl\u0131 T\u00fcrklere \u00f6nemli katk\u0131lar\u0131 olmu\u015f isimlerin de yer ald\u0131\u011f\u0131 onca g\u00fczel insan&#8230;\u201d ifadelerini kulland\u0131.<\/p>\n<p>\u00d6zersay, hayat\u0131n\u0131 kaybedenler i\u00e7in Allah&#8217;tan rahmet, ailelerine ve sevenlerine ise sab\u0131r diledi.<\/p>\n<!-- Error, Advert is not available at this time due to schedule\/geolocation restrictions! -->\n","protected":false},"excerpt":{"rendered":"<p>Kuzey K\u0131br\u0131s T\u00fcrk Cumhuriyeti (KKTC) Ba\u015fbakan Yard\u0131mc\u0131s\u0131 ve D\u0131\u015fi\u015fleri Bakan\u0131 Kudret \u00d6zersay, \u0130ngiltere&#8217;de ya\u015fayan 80 K\u0131br\u0131sl\u0131 T\u00fcrk\u2019\u00fcn yeni tip koronavir\u00fcs (Kovid-19) sebebiyle ya\u015fam\u0131n\u0131 yitirdi\u011fini belirtti. \u00d6zersay, \u0130ngiltere&#8217;de vir\u00fcs nedeniyle ya\u015fam\u0131n\u0131 kaybeden K\u0131br\u0131sl\u0131 T\u00fcrklere ili\u015fkin Facebook\u2019tan bir payla\u015f\u0131mda bulundu. Salg\u0131n nedeniyle K\u0131br\u0131s T\u00fcrk halk\u0131n\u0131n \u00f6nemli kay\u0131plar verdi\u011fini kaydeden \u00d6zersay, \u201cBug\u00fcn Londra Temsilcili\u011fimizden ald\u0131\u011f\u0131m resmi rakamlara g\u00f6re &hellip;<\/p>\n","protected":false},"author":4,"featured_media":289784,"comment_status":"open","ping_status":"closed","sticky":false,"template":"","format":"standard","meta":{"_acf_changed":false,"footnotes":""},"categories":[6770,6155,5005,349],"tags":[1874,2534,220418,27382],"class_list":["post-289783","post","type-post","status-publish","format-standard","has-post-thumbnail","hentry","category-avrupa","category-gundem","category-manset","category-son-dakika","tag-ingiltere","tag-kktc","tag-koronavirus","tag-son-dakika"],"acf":[],"_links":{"self":[{"href":"https:\/\/www.nationalturk.com\/tr\/wp-json\/wp\/v2\/posts\/289783","targetHints":{"allow":["GET"]}}],"collection":[{"href":"https:\/\/www.nationalturk.com\/tr\/wp-json\/wp\/v2\/posts"}],"about":[{"href":"https:\/\/www.nationalturk.com\/tr\/wp-json\/wp\/v2\/types\/post"}],"author":[{"embeddable":true,"href":"https:\/\/www.nationalturk.com\/tr\/wp-json\/wp\/v2\/users\/4"}],"replies":[{"embeddable":true,"href":"https:\/\/www.nationalturk.com\/tr\/wp-json\/wp\/v2\/comments?post=289783"}],"version-history":[{"count":0,"href":"https:\/\/www.nationalturk.com\/tr\/wp-json\/wp\/v2\/posts\/289783\/revisions"}],"wp:featuredmedia":[{"embeddable":true,"href":"https:\/\/www.nationalturk.com\/tr\/wp-json\/wp\/v2\/media\/289784"}],"wp:attachment":[{"href":"https:\/\/www.nationalturk.com\/tr\/wp-json\/wp\/v2\/media?parent=289783"}],"wp:term":[{"taxonomy":"category","embeddable":true,"href":"https:\/\/www.nationalturk.com\/tr\/wp-json\/wp\/v2\/categories?post=289783"},{"taxonomy":"post_tag","embeddable":true,"href":"https:\/\/www.nationalturk.com\/tr\/wp-json\/wp\/v2\/tags?post=289783"}],"curies":[{"name":"wp","href":"https:\/\/api.w.org\/{rel}","templated":true}]}}