{"id":289842,"date":"2020-04-21T11:35:07","date_gmt":"2020-04-21T08:35:07","guid":{"rendered":"https:\/\/www.nationalturk.com\/?p=289842"},"modified":"2020-04-21T08:49:56","modified_gmt":"2020-04-21T05:49:56","slug":"ingiliz-basini-yazdi-gecikmenin-sebebi-turkiye-degil-289842","status":"publish","type":"post","link":"https:\/\/www.nationalturk.com\/tr\/ingiliz-basini-yazdi-gecikmenin-sebebi-turkiye-degil-289842\/","title":{"rendered":"\u0130ngiliz bas\u0131n\u0131 yazd\u0131: Gecikmenin sebebi T\u00fcrkiye de\u011fil"},"content":{"rendered":"<p>The Times gazetesinin haberine g\u00f6re, bir h\u00fck\u00fcmet kayna\u011f\u0131, a\u00e7\u0131klamay\u0131 yapan \u0130ngiltere \u0130skan Bakan\u0131 Robert Jenrick&#8217;in iyi bir haber vermek isterken erken davrand\u0131\u011f\u0131n\u0131 s\u00f6yledi. Ayn\u0131 kaynak, \u00fcr\u00fcnler yola \u00e7\u0131kmadan \u00f6nce duyuru yapmalar\u0131n\u0131n hata oldu\u011funu da kabul etti. <\/p>\n<p>Gazeteye konu\u015fan T\u00fcrk kaynaklar\u0131 ise a\u00e7\u0131klama 18 Nisan Cumartesi yap\u0131lmas\u0131na ra\u011fmen resmi talebi ancak 19 Nisan Pazar g\u00fcn\u00fc ald\u0131klar\u0131n\u0131 belirtti.  <\/p>\n<p>T\u00fcrkiye&#8217;nin Londra B\u00fcy\u00fckel\u00e7isi \u00dcmit Yal\u00e7\u0131n da gecikmenin sorumlusunun T\u00fcrkiye olmad\u0131\u011f\u0131n\u0131 belirterek, &#8220;Evrak, izin, g\u00fcmr\u00fck gibi bizim yapmam\u0131z gereken ne varsa yap\u0131ld\u0131. Mesele, \u0130ngiltere h\u00fck\u00fcmeti ile T\u00fcrkiye&#8217;deki \u00f6zel bir \u015firket aras\u0131nda.&#8221; dedi. <\/p>\n<p>Yakla\u015f\u0131k 100 sa\u011fl\u0131k \u00e7al\u0131\u015fan\u0131n\u0131n hayat\u0131n\u0131 kaybetti\u011fi \u0130ngiltere&#8217;de, ki\u015fisel koruyucu ekipman eksikli\u011fi nedeniyle h\u00fck\u00fcmetin \u00fczerindeki bask\u0131 giderek art\u0131yor. <\/p>\n<h3>\u0130ngiltere&#8217;ye 84 tonluk sevkiyat<\/h3>\n<p>Bakan Jenrick, 18 Nisan&#8217;da koruyucu ekipman s\u0131k\u0131nt\u0131s\u0131yla ilgili soru \u00fczerine, T\u00fcrkiye&#8217;den 19 Nisan&#8217;da yeni bir sevkiyat beklediklerini s\u00f6ylemi\u015fti.<\/p>\n<p>Bu \u00fcr\u00fcnlere k\u00fcresel \u00e7apta yo\u011fun talep oldu\u011funa dikkati \u00e7eken Jenrick, &#8220;Yar\u0131n T\u00fcrkiye&#8217;den yakla\u015f\u0131k 84 tonluk b\u00fcy\u00fck bir ki\u015fisel koruyucu ekipman sevkiyat\u0131 bekliyoruz. Bunun i\u00e7inde 400 bin \u00f6nl\u00fck de olacak.&#8221; diye konu\u015fmu\u015ftu. Ancak, \u00fcr\u00fcnlerin pazar g\u00fcn\u00fc gelmemesi h\u00fck\u00fcmete kar\u015f\u0131 tepkiye neden olmu\u015ftu.<\/p>\n<p>Halk Sa\u011fl\u0131\u011f\u0131 Kurumunun yeni k\u0131lavuzunda, Kovid-19 hastalar\u0131na m\u00fcdahalede giyilmesi gereken s\u0131v\u0131 ge\u00e7irmez tulumlar yerine, tekrar kullan\u0131labilir tulumlarla uzun kollu laboratuvar \u00f6nl\u00fcklerinin kullan\u0131labilece\u011fi kaydedilmi\u015fti.<\/p>\n","protected":false},"excerpt":{"rendered":"<p>The Times gazetesinin haberine g\u00f6re, bir h\u00fck\u00fcmet kayna\u011f\u0131, a\u00e7\u0131klamay\u0131 yapan \u0130ngiltere \u0130skan Bakan\u0131 Robert Jenrick&#8217;in iyi bir haber vermek isterken erken davrand\u0131\u011f\u0131n\u0131 s\u00f6yledi. Ayn\u0131 kaynak, \u00fcr\u00fcnler yola \u00e7\u0131kmadan \u00f6nce duyuru yapmalar\u0131n\u0131n hata oldu\u011funu da kabul etti. Gazeteye konu\u015fan T\u00fcrk kaynaklar\u0131 ise a\u00e7\u0131klama 18 Nisan Cumartesi yap\u0131lmas\u0131na ra\u011fmen resmi talebi ancak 19 Nisan Pazar g\u00fcn\u00fc ald\u0131klar\u0131n\u0131 &hellip;<\/p>\n","protected":false},"author":4,"featured_media":289843,"comment_status":"open","ping_status":"closed","sticky":false,"template":"","format":"standard","meta":{"_acf_changed":false,"footnotes":""},"categories":[6770,6155,5005,349],"tags":[1874,220418,195938],"class_list":["post-289842","post","type-post","status-publish","format-standard","has-post-thumbnail","hentry","category-avrupa","category-gundem","category-manset","category-son-dakika","tag-ingiltere","tag-koronavirus","tag-turkiye"],"acf":[],"_links":{"self":[{"href":"https:\/\/www.nationalturk.com\/tr\/wp-json\/wp\/v2\/posts\/289842","targetHints":{"allow":["GET"]}}],"collection":[{"href":"https:\/\/www.nationalturk.com\/tr\/wp-json\/wp\/v2\/posts"}],"about":[{"href":"https:\/\/www.nationalturk.com\/tr\/wp-json\/wp\/v2\/types\/post"}],"author":[{"embeddable":true,"href":"https:\/\/www.nationalturk.com\/tr\/wp-json\/wp\/v2\/users\/4"}],"replies":[{"embeddable":true,"href":"https:\/\/www.nationalturk.com\/tr\/wp-json\/wp\/v2\/comments?post=289842"}],"version-history":[{"count":0,"href":"https:\/\/www.nationalturk.com\/tr\/wp-json\/wp\/v2\/posts\/289842\/revisions"}],"wp:featuredmedia":[{"embeddable":true,"href":"https:\/\/www.nationalturk.com\/tr\/wp-json\/wp\/v2\/media\/289843"}],"wp:attachment":[{"href":"https:\/\/www.nationalturk.com\/tr\/wp-json\/wp\/v2\/media?parent=289842"}],"wp:term":[{"taxonomy":"category","embeddable":true,"href":"https:\/\/www.nationalturk.com\/tr\/wp-json\/wp\/v2\/categories?post=289842"},{"taxonomy":"post_tag","embeddable":true,"href":"https:\/\/www.nationalturk.com\/tr\/wp-json\/wp\/v2\/tags?post=289842"}],"curies":[{"name":"wp","href":"https:\/\/api.w.org\/{rel}","templated":true}]}}