{"id":289929,"date":"2020-04-22T13:48:22","date_gmt":"2020-04-22T10:48:22","guid":{"rendered":"https:\/\/www.nationalturk.com\/?p=289929"},"modified":"2022-09-12T12:50:07","modified_gmt":"2022-09-12T09:50:07","slug":"barcelonadan-abdulkadir-omur-paylasimi-289929","status":"publish","type":"post","link":"https:\/\/www.nationalturk.com\/tr\/barcelonadan-abdulkadir-omur-paylasimi-289929\/","title":{"rendered":"Barcelona&#8217;dan Abd\u00fclkadir \u00d6m\u00fcr payla\u015f\u0131m\u0131"},"content":{"rendered":"<p>La Liga ekibi Barcelona&#8217;n\u0131n Twitter&#8217;daki T\u00fcrk\u00e7e sayfas\u0131 Abd\u00fclkadir \u00d6m\u00fcr payla\u015f\u0131m\u0131 ile \u015fa\u015f\u0131rtt\u0131. Gen\u00e7 futbolcunun bordo-mavili kul\u00fcb\u00fcn Twitter hesab\u0131ndan Barcelona ve Messi ile ilgili &#8220;&#8221;Barcelona&#8217;da Messi ile oynamak futbolda zirve. Bar\u00e7a ve Messi hayranl\u0131\u011f\u0131m malum. Ya\u015fan\u0131lmas\u0131 zor bir hayalmi\u015f gibi g\u00f6r\u00fcn\u00fcyor ama ben bu hayali ger\u00e7ekle\u015ftirmeyi hep d\u00fc\u015f\u00fcn\u00fcyorum&#8221; s\u00f6zleri al\u0131nt\u0131 yap\u0131larak futbolcuya cevap verildi.<\/p>\n<p>Barcelona Kul\u00fcb\u00fcn\u00fcn sosyal medya hesab\u0131ndan yap\u0131lan payla\u015f\u0131m\u0131nda, &#8220;Hayaller h\u0131zl\u0131 bile olsa, pe\u015finden ko\u015fmay\u0131 b\u0131rakma&#8230;&#8221; ifadeleri kullan\u0131ld\u0131.<\/p>\n<!-- Error, Advert is not available at this time due to schedule\/geolocation restrictions! -->\n","protected":false},"excerpt":{"rendered":"<p>La Liga ekibi Barcelona&#8217;n\u0131n Twitter&#8217;daki T\u00fcrk\u00e7e sayfas\u0131 Abd\u00fclkadir \u00d6m\u00fcr payla\u015f\u0131m\u0131 ile \u015fa\u015f\u0131rtt\u0131. Gen\u00e7 futbolcunun bordo-mavili kul\u00fcb\u00fcn Twitter hesab\u0131ndan Barcelona ve Messi ile ilgili &#8220;&#8221;Barcelona&#8217;da Messi ile oynamak futbolda zirve. Bar\u00e7a ve Messi hayranl\u0131\u011f\u0131m malum. Ya\u015fan\u0131lmas\u0131 zor bir hayalmi\u015f gibi g\u00f6r\u00fcn\u00fcyor ama ben bu hayali ger\u00e7ekle\u015ftirmeyi hep d\u00fc\u015f\u00fcn\u00fcyorum&#8221; s\u00f6zleri al\u0131nt\u0131 yap\u0131larak futbolcuya cevap verildi. Barcelona Kul\u00fcb\u00fcn\u00fcn &hellip;<\/p>\n","protected":false},"author":4,"featured_media":289930,"comment_status":"open","ping_status":"closed","sticky":false,"template":"","format":"standard","meta":{"_acf_changed":false,"footnotes":""},"categories":[6155,6774,5005],"tags":[213539,1038,15,21033,220662],"class_list":["post-289929","post","type-post","status-publish","format-standard","has-post-thumbnail","hentry","category-gundem","category-futbol","category-manset","tag-abdulkadir-omur","tag-barcelona","tag-ispanya","tag-la-liga","tag-spor"],"acf":[],"_links":{"self":[{"href":"https:\/\/www.nationalturk.com\/tr\/wp-json\/wp\/v2\/posts\/289929","targetHints":{"allow":["GET"]}}],"collection":[{"href":"https:\/\/www.nationalturk.com\/tr\/wp-json\/wp\/v2\/posts"}],"about":[{"href":"https:\/\/www.nationalturk.com\/tr\/wp-json\/wp\/v2\/types\/post"}],"author":[{"embeddable":true,"href":"https:\/\/www.nationalturk.com\/tr\/wp-json\/wp\/v2\/users\/4"}],"replies":[{"embeddable":true,"href":"https:\/\/www.nationalturk.com\/tr\/wp-json\/wp\/v2\/comments?post=289929"}],"version-history":[{"count":0,"href":"https:\/\/www.nationalturk.com\/tr\/wp-json\/wp\/v2\/posts\/289929\/revisions"}],"wp:featuredmedia":[{"embeddable":true,"href":"https:\/\/www.nationalturk.com\/tr\/wp-json\/wp\/v2\/media\/289930"}],"wp:attachment":[{"href":"https:\/\/www.nationalturk.com\/tr\/wp-json\/wp\/v2\/media?parent=289929"}],"wp:term":[{"taxonomy":"category","embeddable":true,"href":"https:\/\/www.nationalturk.com\/tr\/wp-json\/wp\/v2\/categories?post=289929"},{"taxonomy":"post_tag","embeddable":true,"href":"https:\/\/www.nationalturk.com\/tr\/wp-json\/wp\/v2\/tags?post=289929"}],"curies":[{"name":"wp","href":"https:\/\/api.w.org\/{rel}","templated":true}]}}