{"id":289997,"date":"2020-04-23T14:12:34","date_gmt":"2020-04-23T11:12:34","guid":{"rendered":"https:\/\/www.nationalturk.com\/?p=289997"},"modified":"2020-04-23T16:06:28","modified_gmt":"2020-04-23T13:06:28","slug":"bos-orta-koltuk-tartismasi-fikir-aptalca-uygulanamaz-289997","status":"publish","type":"post","link":"https:\/\/www.nationalturk.com\/tr\/bos-orta-koltuk-tartismasi-fikir-aptalca-uygulanamaz-289997\/","title":{"rendered":"&#8220;Bo\u015f orta koltuk&#8221; tart\u0131\u015fmas\u0131! &#8220;Fikir aptalca, uygulanamaz&#8221;"},"content":{"rendered":"<p>Ryanair&#8217;in patronu Michael O&#8217;Leary, baz\u0131 havayolu \u015firketlerinin Covid-19 ile sava\u015fmak i\u00e7in orta koltuklar\u0131 bo\u015f tutulmas\u0131 y\u00f6n\u00fcndeki fikirlerini &#8220;aptalca&#8221; buldu\u011funu, fikrin uygulamaya ge\u00e7ilmesi halinde i\u00e7 u\u00e7mayacaklar\u0131n\u0131 s\u00f6yledi.<\/p>\n<p>O&#8217;Leary, Temmuz ay\u0131nda seyahat k\u0131s\u0131tlamalar\u0131n\u0131n hafifletilmesi durumunda u\u00e7u\u015flar\u0131n %80&#8217;inin Ekim ay\u0131na kadar devam edebilece\u011finden umutlu oldu\u011funu belirtti. Ancak bo\u015f koltuklar\u0131n g\u00fcvenli bir sosyal mesafeyi sa\u011flamad\u0131\u011f\u0131n\u0131 ve mali a\u00e7\u0131dan imkans\u0131z oldu\u011funu iddia eden O&#8217;Leary &#8220;\u0130rlanda h\u00fck\u00fcmeti b\u00f6yle bir kural koyarsa u\u00e7mayaca\u011f\u0131z&#8221; dedi.<\/p>\n<p>Uzmanlar baz\u0131 k\u0131s\u0131tlamalarla yaz aylar\u0131nda u\u00e7u\u015flar\u0131n normale d\u00f6nmesini beklediklerini ifade ediyor.<\/p>\n<p>Emirates, easyJet ve Delta gibi havayolu \u015firketleri orta koltuklar\u0131 bo\u015f tutmay\u0131 planlad\u0131klar\u0131n\u0131 ve baz\u0131 h\u00fck\u00fcmetlerin bunu bir kural haline getirece\u011fini d\u00fc\u015f\u00fcn\u00fcyor.<\/p>\n<p>Ancak O&#8217;Leary Financial Times&#8217;a yapt\u0131\u011f\u0131 a\u00e7\u0131klamada yolcular aras\u0131nda 2 metrelik g\u00fcvenli bir mesafeyi sa\u011flamad\u0131\u011f\u0131 i\u00e7in bo\u015f orta koltuk fikrinin aptalca oldu\u011funu savunarak &#8220;Asya&#8217;y\u0131 \u00f6rnek almal\u0131y\u0131z. \u0130nsanlar\u0131 maske takmaya zorlamal\u0131 ve u\u00e7a\u011fa binmeden \u00f6nce ate\u015flerini \u00f6l\u00e7meliyiz. Bu tip etkili \u00f6nlemlerle yolumuza devam edebiliriz. Ryanair olarak h\u0131zl\u0131 bir toparlanma bekliyoruz.&#8221; diye konu\u015ftu.<\/p>\n<p>Bu arada, Avrupa Adalet Divan\u0131 Ryanair ve di\u011fer havayollar\u0131n\u0131n gelecekte online teklif verirken biletin tam fiyat\u0131n\u0131 belirtmesi gerekti\u011fine karar verdi.<\/p>\n<!-- Error, Advert is not available at this time due to schedule\/geolocation restrictions! -->\n","protected":false},"excerpt":{"rendered":"<p>Ryanair&#8217;in patronu Michael O&#8217;Leary, baz\u0131 havayolu \u015firketlerinin Covid-19 ile sava\u015fmak i\u00e7in orta koltuklar\u0131 bo\u015f tutulmas\u0131 y\u00f6n\u00fcndeki fikirlerini &#8220;aptalca&#8221; buldu\u011funu, fikrin uygulamaya ge\u00e7ilmesi halinde i\u00e7 u\u00e7mayacaklar\u0131n\u0131 s\u00f6yledi. O&#8217;Leary, Temmuz ay\u0131nda seyahat k\u0131s\u0131tlamalar\u0131n\u0131n hafifletilmesi durumunda u\u00e7u\u015flar\u0131n %80&#8217;inin Ekim ay\u0131na kadar devam edebilece\u011finden umutlu oldu\u011funu belirtti. Ancak bo\u015f koltuklar\u0131n g\u00fcvenli bir sosyal mesafeyi sa\u011flamad\u0131\u011f\u0131n\u0131 ve mali a\u00e7\u0131dan imkans\u0131z &hellip;<\/p>\n","protected":false},"author":4,"featured_media":289551,"comment_status":"open","ping_status":"closed","sticky":false,"template":"","format":"standard","meta":{"_acf_changed":false,"footnotes":""},"categories":[6155,5005,6671],"tags":[195131,2888,220661,5011,220418,106849],"class_list":["post-289997","post","type-post","status-publish","format-standard","has-post-thumbnail","hentry","category-gundem","category-manset","category-seyahat","tag-easyjet","tag-emirates","tag-gunun-olayi","tag-irlanda","tag-koronavirus","tag-ryanair"],"acf":[],"_links":{"self":[{"href":"https:\/\/www.nationalturk.com\/tr\/wp-json\/wp\/v2\/posts\/289997","targetHints":{"allow":["GET"]}}],"collection":[{"href":"https:\/\/www.nationalturk.com\/tr\/wp-json\/wp\/v2\/posts"}],"about":[{"href":"https:\/\/www.nationalturk.com\/tr\/wp-json\/wp\/v2\/types\/post"}],"author":[{"embeddable":true,"href":"https:\/\/www.nationalturk.com\/tr\/wp-json\/wp\/v2\/users\/4"}],"replies":[{"embeddable":true,"href":"https:\/\/www.nationalturk.com\/tr\/wp-json\/wp\/v2\/comments?post=289997"}],"version-history":[{"count":0,"href":"https:\/\/www.nationalturk.com\/tr\/wp-json\/wp\/v2\/posts\/289997\/revisions"}],"wp:featuredmedia":[{"embeddable":true,"href":"https:\/\/www.nationalturk.com\/tr\/wp-json\/wp\/v2\/media\/289551"}],"wp:attachment":[{"href":"https:\/\/www.nationalturk.com\/tr\/wp-json\/wp\/v2\/media?parent=289997"}],"wp:term":[{"taxonomy":"category","embeddable":true,"href":"https:\/\/www.nationalturk.com\/tr\/wp-json\/wp\/v2\/categories?post=289997"},{"taxonomy":"post_tag","embeddable":true,"href":"https:\/\/www.nationalturk.com\/tr\/wp-json\/wp\/v2\/tags?post=289997"}],"curies":[{"name":"wp","href":"https:\/\/api.w.org\/{rel}","templated":true}]}}