{"id":290002,"date":"2020-04-23T14:28:42","date_gmt":"2020-04-23T11:28:42","guid":{"rendered":"https:\/\/www.nationalturk.com\/?p=290002"},"modified":"2020-04-23T14:28:42","modified_gmt":"2020-04-23T11:28:42","slug":"park-ve-bahceler-1-ay-sonra-acildi-290002","status":"publish","type":"post","link":"https:\/\/www.nationalturk.com\/tr\/park-ve-bahceler-1-ay-sonra-acildi-290002\/","title":{"rendered":"Park ve bah\u00e7eler 1 ay sonra a\u00e7\u0131ld\u0131"},"content":{"rendered":"<p>IRNA&#8217;n\u0131n haberine g\u00f6re, \u0130\u00e7i\u015fleri Bakan Yard\u0131mc\u0131s\u0131 H\u00fcseyin Z\u00fclfikari, Koronayla Ulusal M\u00fccadele Kurulunun onay\u0131yla baz\u0131 k\u0131s\u0131tlamalar\u0131n kald\u0131r\u0131ld\u0131\u011f\u0131n\u0131 duyurdu. Salg\u0131na kar\u015f\u0131 tedbirler kapsam\u0131nda, ge\u00e7en ay kapat\u0131lan park ve bah\u00e7elerin, sa\u011fl\u0131k kurallar\u0131na uyulmas\u0131 \u015fart\u0131yla yeniden a\u00e7\u0131laca\u011f\u0131n\u0131 belirten Z\u00fclfikari, &#8220;Bug\u00fcne kadar korona hastal\u0131\u011f\u0131 d\u00fc\u015f\u00fc\u015f s\u00fcrecine girmi\u015ftir. Bu da al\u0131nan tedbirlerin \u00f6neminin ve halk\u0131n i\u015fbirli\u011finin g\u00f6stergesidir&#8221; dedi.<\/p>\n<p>Tahran Belediyesi Parklar ve Ye\u015fil Alanlar Kurumu Genel M\u00fcd\u00fcr\u00fc Ali Muhammed Muhtari parklar\u0131n yeniden a\u00e7\u0131ld\u0131\u011f\u0131n\u0131 duyururken halk\u0131 sosyal mesafe kural\u0131na uymaya devam etmeye \u00e7a\u011f\u0131rd\u0131.<\/p>\n<p>Salg\u0131n nedeniyle 5 binden fazla ki\u015finin hayat\u0131n\u0131 kaybetti\u011fi \u0130ran&#8217;da, son g\u00fcnlerde vir\u00fcs nedeniyle ya\u015fanan g\u00fcnl\u00fck can kay\u0131plar\u0131 100&#8217;\u00fcn alt\u0131na indi. Son bir haftad\u0131r vaka say\u0131s\u0131nda da d\u00fc\u015f\u00fc\u015f s\u00fcrecine girildi.<\/p>\n<p>Ancak yetkililer test imkan\u0131n\u0131n s\u0131n\u0131rl\u0131 olmas\u0131 nedeniyle ger\u00e7ek vaka say\u0131s\u0131n\u0131n \u00e7ok daha y\u00fcksek olabilece\u011fini kabul ediyor.<\/p>\n<!-- Error, Advert is not available at this time due to schedule\/geolocation restrictions! -->\n","protected":false},"excerpt":{"rendered":"<p>IRNA&#8217;n\u0131n haberine g\u00f6re, \u0130\u00e7i\u015fleri Bakan Yard\u0131mc\u0131s\u0131 H\u00fcseyin Z\u00fclfikari, Koronayla Ulusal M\u00fccadele Kurulunun onay\u0131yla baz\u0131 k\u0131s\u0131tlamalar\u0131n kald\u0131r\u0131ld\u0131\u011f\u0131n\u0131 duyurdu. Salg\u0131na kar\u015f\u0131 tedbirler kapsam\u0131nda, ge\u00e7en ay kapat\u0131lan park ve bah\u00e7elerin, sa\u011fl\u0131k kurallar\u0131na uyulmas\u0131 \u015fart\u0131yla yeniden a\u00e7\u0131laca\u011f\u0131n\u0131 belirten Z\u00fclfikari, &#8220;Bug\u00fcne kadar korona hastal\u0131\u011f\u0131 d\u00fc\u015f\u00fc\u015f s\u00fcrecine girmi\u015ftir. Bu da al\u0131nan tedbirlerin \u00f6neminin ve halk\u0131n i\u015fbirli\u011finin g\u00f6stergesidir&#8221; dedi. Tahran Belediyesi Parklar &hellip;<\/p>\n","protected":false},"author":4,"featured_media":290003,"comment_status":"open","ping_status":"closed","sticky":false,"template":"","format":"standard","meta":{"_acf_changed":false,"footnotes":""},"categories":[6772,6155,5005,349],"tags":[1981,220418,27382],"class_list":["post-290002","post","type-post","status-publish","format-standard","has-post-thumbnail","hentry","category-ortadogu","category-gundem","category-manset","category-son-dakika","tag-iran","tag-koronavirus","tag-son-dakika"],"acf":[],"_links":{"self":[{"href":"https:\/\/www.nationalturk.com\/tr\/wp-json\/wp\/v2\/posts\/290002","targetHints":{"allow":["GET"]}}],"collection":[{"href":"https:\/\/www.nationalturk.com\/tr\/wp-json\/wp\/v2\/posts"}],"about":[{"href":"https:\/\/www.nationalturk.com\/tr\/wp-json\/wp\/v2\/types\/post"}],"author":[{"embeddable":true,"href":"https:\/\/www.nationalturk.com\/tr\/wp-json\/wp\/v2\/users\/4"}],"replies":[{"embeddable":true,"href":"https:\/\/www.nationalturk.com\/tr\/wp-json\/wp\/v2\/comments?post=290002"}],"version-history":[{"count":0,"href":"https:\/\/www.nationalturk.com\/tr\/wp-json\/wp\/v2\/posts\/290002\/revisions"}],"wp:featuredmedia":[{"embeddable":true,"href":"https:\/\/www.nationalturk.com\/tr\/wp-json\/wp\/v2\/media\/290003"}],"wp:attachment":[{"href":"https:\/\/www.nationalturk.com\/tr\/wp-json\/wp\/v2\/media?parent=290002"}],"wp:term":[{"taxonomy":"category","embeddable":true,"href":"https:\/\/www.nationalturk.com\/tr\/wp-json\/wp\/v2\/categories?post=290002"},{"taxonomy":"post_tag","embeddable":true,"href":"https:\/\/www.nationalturk.com\/tr\/wp-json\/wp\/v2\/tags?post=290002"}],"curies":[{"name":"wp","href":"https:\/\/api.w.org\/{rel}","templated":true}]}}