{"id":290335,"date":"2020-04-29T15:05:28","date_gmt":"2020-04-29T12:05:28","guid":{"rendered":"https:\/\/www.nationalturk.com\/?p=290335"},"modified":"2020-04-29T15:05:28","modified_gmt":"2020-04-29T12:05:28","slug":"turkiyeyi-otokrasi-sinifina-soktular-290335","status":"publish","type":"post","link":"https:\/\/www.nationalturk.com\/tr\/turkiyeyi-otokrasi-sinifina-soktular-290335\/","title":{"rendered":"T\u00fcrkiye&#8217;yi &#8220;otokrasi&#8221; s\u0131n\u0131f\u0131na soktular!"},"content":{"rendered":"<p>Alman Bertelsmann Vakf\u0131\u2019n\u0131n 2004 y\u0131l\u0131ndan bu yana iki y\u0131lda bir yay\u0131nlad\u0131\u011f\u0131 \u2018D\u00f6n\u00fc\u015f\u00fcm Endeksi\u2019 (BTI) ara\u015ft\u0131rmas\u0131 bug\u00fcn yay\u0131mland\u0131.<\/p>\n<p>Raporun T\u00fcrkiye ile ilgili b\u00f6l\u00fcm\u00fcnde, 2017\u2019deki anayasa de\u011fi\u015fikli\u011fi referandumunun ard\u0131ndan Haziran 2018\u2019de yeni sisteme ge\u00e7ilmesiyle \u201cT\u00fcrk siyasetinde yeni bir d\u00f6nemin ba\u015flad\u0131\u011f\u0131na\u201d at\u0131fta bulunularak \u201cParlamenter sistemin yerine a\u015f\u0131r\u0131 g\u00fc\u00e7l\u00fc bir cumhurba\u015fkan\u0131n\u0131n mevcut oldu\u011fu yeni bir ba\u015fkanl\u0131k sistemi geldi. Bu de facto diktat\u00f6rl\u00fc\u011f\u00fcn, T\u00fcrk demokrasisi ve d\u0131\u015f politikas\u0131 \u00fczerinde etkileri oldu\u201d ifadelerine yer verildi.<\/p>\n<p>DW T\u00fcrk\u00e7e\u2019nin haberine g\u00f6re, endekste, \u201cyeni bir T\u00fcrkiye\u2019nin\u201d olu\u015ftu\u011funun g\u00f6zlemlendi\u011fi kaydedilirken, \u201c\u00dclkenin i\u00e7 politikas\u0131 ve uluslararas\u0131 ili\u015fkilerinde radikal bir d\u00f6n\u00fc\u015f\u00fcm ger\u00e7ekle\u015fti\u201d s\u00f6zlerine yer verildi. Raporda, son d\u00f6nemde ya\u015fanan geli\u015fmeler \u0131\u015f\u0131\u011f\u0131nda \u201cT\u00fcrkiye\u2019nin art\u0131k bir demokrasi olarak s\u0131n\u0131fland\u0131r\u0131lamayaca\u011f\u0131\u201d belirtildi.<\/p>\n<p>\u0130ncelenen \u00fclkeler aras\u0131nda T\u00fcrkiye, \u201cDemokrasi Stat\u00fcs\u00fc\u201d s\u0131ralamas\u0131nda 10 \u00fczerinden 4,9 puanla 77\u2019nci s\u0131rada geldi. Bu puan ile T\u00fcrkiye, orta kategori olan \u201c\u0131l\u0131ml\u0131 otokrasiler\u201d grubunda s\u0131n\u0131fland\u0131r\u0131ld\u0131. B\u00f6ylece T\u00fcrkiye, Bertelsmann taraf\u0131ndan ilk kez \u201cotokrasi\u201d olarak s\u0131n\u0131fland\u0131r\u0131lm\u0131\u015f oldu. Buna bas\u0131n \u00f6zg\u00fcrl\u00fc\u011f\u00fcn\u00fcn k\u0131s\u0131tlanmas\u0131, insan haklar\u0131n\u0131n ihlal edilmesi ve g\u00fc\u00e7ler ayr\u0131l\u0131\u011f\u0131 ilkesinin saf d\u0131\u015f\u0131 b\u0131rak\u0131lmas\u0131 gerek\u00e7e g\u00f6sterildi.<\/p>\n<p>De\u011ferlendirmeye al\u0131nan 137 \u00fclkeden 74\u2019\u00fc demokrasi ve 63\u2019\u00fc otokrasi olarak nitelendirildi. Buna g\u00f6re bu raporda demokrasilerin oran\u0131 y\u00fczde 54 oldu. Bu oran, 2010 y\u0131l\u0131nda y\u00fczde 57 idi.<\/p>\n<!-- Error, Advert is not available at this time due to schedule\/geolocation restrictions! -->\n","protected":false},"excerpt":{"rendered":"<p>Alman Bertelsmann Vakf\u0131\u2019n\u0131n 2004 y\u0131l\u0131ndan bu yana iki y\u0131lda bir yay\u0131nlad\u0131\u011f\u0131 \u2018D\u00f6n\u00fc\u015f\u00fcm Endeksi\u2019 (BTI) ara\u015ft\u0131rmas\u0131 bug\u00fcn yay\u0131mland\u0131. Raporun T\u00fcrkiye ile ilgili b\u00f6l\u00fcm\u00fcnde, 2017\u2019deki anayasa de\u011fi\u015fikli\u011fi referandumunun ard\u0131ndan Haziran 2018\u2019de yeni sisteme ge\u00e7ilmesiyle \u201cT\u00fcrk siyasetinde yeni bir d\u00f6nemin ba\u015flad\u0131\u011f\u0131na\u201d at\u0131fta bulunularak \u201cParlamenter sistemin yerine a\u015f\u0131r\u0131 g\u00fc\u00e7l\u00fc bir cumhurba\u015fkan\u0131n\u0131n mevcut oldu\u011fu yeni bir ba\u015fkanl\u0131k sistemi geldi. Bu &hellip;<\/p>\n","protected":false},"author":4,"featured_media":284079,"comment_status":"open","ping_status":"closed","sticky":false,"template":"","format":"standard","meta":{"_acf_changed":false,"footnotes":""},"categories":[6155,5005,6202],"tags":[27382,195938],"class_list":["post-290335","post","type-post","status-publish","format-standard","has-post-thumbnail","hentry","category-gundem","category-manset","category-politika","tag-son-dakika","tag-turkiye"],"acf":[],"_links":{"self":[{"href":"https:\/\/www.nationalturk.com\/tr\/wp-json\/wp\/v2\/posts\/290335","targetHints":{"allow":["GET"]}}],"collection":[{"href":"https:\/\/www.nationalturk.com\/tr\/wp-json\/wp\/v2\/posts"}],"about":[{"href":"https:\/\/www.nationalturk.com\/tr\/wp-json\/wp\/v2\/types\/post"}],"author":[{"embeddable":true,"href":"https:\/\/www.nationalturk.com\/tr\/wp-json\/wp\/v2\/users\/4"}],"replies":[{"embeddable":true,"href":"https:\/\/www.nationalturk.com\/tr\/wp-json\/wp\/v2\/comments?post=290335"}],"version-history":[{"count":0,"href":"https:\/\/www.nationalturk.com\/tr\/wp-json\/wp\/v2\/posts\/290335\/revisions"}],"wp:featuredmedia":[{"embeddable":true,"href":"https:\/\/www.nationalturk.com\/tr\/wp-json\/wp\/v2\/media\/284079"}],"wp:attachment":[{"href":"https:\/\/www.nationalturk.com\/tr\/wp-json\/wp\/v2\/media?parent=290335"}],"wp:term":[{"taxonomy":"category","embeddable":true,"href":"https:\/\/www.nationalturk.com\/tr\/wp-json\/wp\/v2\/categories?post=290335"},{"taxonomy":"post_tag","embeddable":true,"href":"https:\/\/www.nationalturk.com\/tr\/wp-json\/wp\/v2\/tags?post=290335"}],"curies":[{"name":"wp","href":"https:\/\/api.w.org\/{rel}","templated":true}]}}