{"id":290493,"date":"2020-05-02T16:12:22","date_gmt":"2020-05-02T13:12:22","guid":{"rendered":"https:\/\/www.nationalturk.com\/?p=290493"},"modified":"2020-05-02T16:44:18","modified_gmt":"2020-05-02T13:44:18","slug":"online-divan-toplantisi-290493","status":"publish","type":"post","link":"https:\/\/www.nationalturk.com\/tr\/online-divan-toplantisi-290493\/","title":{"rendered":"Online divan toplant\u0131s\u0131"},"content":{"rendered":"<p>Sar\u0131-lacivertli kul\u00fcb\u00fcn a\u00e7\u0131klamas\u0131nda, &#8220;D\u00fcnyay\u0131 saran ve \u00fclkemizi de etkisi alt\u0131na alan koronavir\u00fcs salg\u0131n\u0131 nedeniyle Y\u00fcksek Divan Kurulu toplant\u0131m\u0131z\u0131 ilk kez online (internet \u00fczerinden) d\u00fczenleyece\u011fiz.&#8221; denildi.<\/p>\n<p>\u0130nternet \u00fczerinden ger\u00e7ekle\u015ftirilmesi nedeniyle T\u00fcrkiye&#8217;de bir ilk olaca\u011f\u0131 duyurulan toplant\u0131n\u0131n, 15 May\u0131s Cuma g\u00fcn\u00fc 14.00-17.00 saatleri aras\u0131nda ger\u00e7ekle\u015ftirilece\u011fi ifade edildi.<\/p>\n<!-- Error, Advert is not available at this time due to schedule\/geolocation restrictions! -->\n","protected":false},"excerpt":{"rendered":"<p>Sar\u0131-lacivertli kul\u00fcb\u00fcn a\u00e7\u0131klamas\u0131nda, &#8220;D\u00fcnyay\u0131 saran ve \u00fclkemizi de etkisi alt\u0131na alan koronavir\u00fcs salg\u0131n\u0131 nedeniyle Y\u00fcksek Divan Kurulu toplant\u0131m\u0131z\u0131 ilk kez online (internet \u00fczerinden) d\u00fczenleyece\u011fiz.&#8221; denildi. \u0130nternet \u00fczerinden ger\u00e7ekle\u015ftirilmesi nedeniyle T\u00fcrkiye&#8217;de bir ilk olaca\u011f\u0131 duyurulan toplant\u0131n\u0131n, 15 May\u0131s Cuma g\u00fcn\u00fc 14.00-17.00 saatleri aras\u0131nda ger\u00e7ekle\u015ftirilece\u011fi ifade edildi.<\/p>\n","protected":false},"author":4,"featured_media":280243,"comment_status":"open","ping_status":"closed","sticky":false,"template":"","format":"standard","meta":{"_acf_changed":false,"footnotes":""},"categories":[6155,6774],"tags":[849,220662],"class_list":["post-290493","post","type-post","status-publish","format-standard","has-post-thumbnail","hentry","category-gundem","category-futbol","tag-fenerbahce","tag-spor"],"acf":[],"_links":{"self":[{"href":"https:\/\/www.nationalturk.com\/tr\/wp-json\/wp\/v2\/posts\/290493","targetHints":{"allow":["GET"]}}],"collection":[{"href":"https:\/\/www.nationalturk.com\/tr\/wp-json\/wp\/v2\/posts"}],"about":[{"href":"https:\/\/www.nationalturk.com\/tr\/wp-json\/wp\/v2\/types\/post"}],"author":[{"embeddable":true,"href":"https:\/\/www.nationalturk.com\/tr\/wp-json\/wp\/v2\/users\/4"}],"replies":[{"embeddable":true,"href":"https:\/\/www.nationalturk.com\/tr\/wp-json\/wp\/v2\/comments?post=290493"}],"version-history":[{"count":0,"href":"https:\/\/www.nationalturk.com\/tr\/wp-json\/wp\/v2\/posts\/290493\/revisions"}],"wp:featuredmedia":[{"embeddable":true,"href":"https:\/\/www.nationalturk.com\/tr\/wp-json\/wp\/v2\/media\/280243"}],"wp:attachment":[{"href":"https:\/\/www.nationalturk.com\/tr\/wp-json\/wp\/v2\/media?parent=290493"}],"wp:term":[{"taxonomy":"category","embeddable":true,"href":"https:\/\/www.nationalturk.com\/tr\/wp-json\/wp\/v2\/categories?post=290493"},{"taxonomy":"post_tag","embeddable":true,"href":"https:\/\/www.nationalturk.com\/tr\/wp-json\/wp\/v2\/tags?post=290493"}],"curies":[{"name":"wp","href":"https:\/\/api.w.org\/{rel}","templated":true}]}}