{"id":290646,"date":"2020-05-07T03:00:04","date_gmt":"2020-05-07T00:00:04","guid":{"rendered":"https:\/\/www.nationalturk.com\/tr\/?p=290646"},"modified":"2020-05-07T03:00:04","modified_gmt":"2020-05-07T00:00:04","slug":"irakta-kazimi-hukumetinin-15-bakani-guvenoyu-aldi","status":"publish","type":"post","link":"https:\/\/www.nationalturk.com\/tr\/irakta-kazimi-hukumetinin-15-bakani-guvenoyu-aldi\/","title":{"rendered":"Irak&#8217;ta Kazimi h\u00fck\u00fcmetinin 15 bakan\u0131 g\u00fcvenoyu ald\u0131"},"content":{"rendered":"<p>Ayr\u0131nt\u0131lar geliyor&#8230;<\/p>\n","protected":false},"excerpt":{"rendered":"<p>Ayr\u0131nt\u0131lar geliyor&#8230; <\/p>\n","protected":false},"author":1,"featured_media":290647,"comment_status":"open","ping_status":"closed","sticky":false,"template":"","format":"standard","meta":{"_acf_changed":false,"footnotes":""},"categories":[6665],"tags":[],"class_list":["post-290646","post","type-post","status-publish","format-standard","has-post-thumbnail","hentry","category-dunya"],"acf":[],"_links":{"self":[{"href":"https:\/\/www.nationalturk.com\/tr\/wp-json\/wp\/v2\/posts\/290646","targetHints":{"allow":["GET"]}}],"collection":[{"href":"https:\/\/www.nationalturk.com\/tr\/wp-json\/wp\/v2\/posts"}],"about":[{"href":"https:\/\/www.nationalturk.com\/tr\/wp-json\/wp\/v2\/types\/post"}],"author":[{"embeddable":true,"href":"https:\/\/www.nationalturk.com\/tr\/wp-json\/wp\/v2\/users\/1"}],"replies":[{"embeddable":true,"href":"https:\/\/www.nationalturk.com\/tr\/wp-json\/wp\/v2\/comments?post=290646"}],"version-history":[{"count":0,"href":"https:\/\/www.nationalturk.com\/tr\/wp-json\/wp\/v2\/posts\/290646\/revisions"}],"wp:featuredmedia":[{"embeddable":true,"href":"https:\/\/www.nationalturk.com\/tr\/wp-json\/wp\/v2\/media\/290647"}],"wp:attachment":[{"href":"https:\/\/www.nationalturk.com\/tr\/wp-json\/wp\/v2\/media?parent=290646"}],"wp:term":[{"taxonomy":"category","embeddable":true,"href":"https:\/\/www.nationalturk.com\/tr\/wp-json\/wp\/v2\/categories?post=290646"},{"taxonomy":"post_tag","embeddable":true,"href":"https:\/\/www.nationalturk.com\/tr\/wp-json\/wp\/v2\/tags?post=290646"}],"curies":[{"name":"wp","href":"https:\/\/api.w.org\/{rel}","templated":true}]}}