{"id":290696,"date":"2020-05-09T01:00:08","date_gmt":"2020-05-08T22:00:08","guid":{"rendered":"https:\/\/www.nationalturk.com\/tr\/?p=290696"},"modified":"2020-05-09T01:00:08","modified_gmt":"2020-05-08T22:00:08","slug":"dunya-egitimde-normallesmeye-basladi","status":"publish","type":"post","link":"https:\/\/www.nationalturk.com\/tr\/dunya-egitimde-normallesmeye-basladi\/","title":{"rendered":"D\u00fcnya e\u011fitimde normalle\u015fmeye ba\u015flad\u0131"},"content":{"rendered":"<p>Okullar\u0131n\u0131 a\u00e7an ilk \u00fclkelerden biri Danimarka oldu. Danimarka Aarhus \u00dcniversitesi\u2019nde e\u011fitim y\u00f6netimi ve politikalar\u0131 alan\u0131nda \u00e7al\u0131\u015fan, o\u011flu da okula giden Do\u00e7. Dr. Sedat G\u00fcm\u00fc\u015f s\u00fcreci \u015f\u00f6yle anlatt\u0131: \u201cMart ay\u0131n\u0131n ortas\u0131nda koronavir\u00fcs yay\u0131l\u0131nca okullar tatil edildi. 30 Mart\u2019tan itibaren ise vaka say\u0131s\u0131 d\u00fc\u015f\u00fc\u015fe ge\u00e7ti. 6 Nisan\u2019da Ba\u015fbakan 15 Nisan itibar\u0131yla kre\u015flerin ve okullar\u0131n 5\u2019inci s\u0131n\u0131fa kadar olan s\u0131n\u0131flar\u0131n (bizdeki 1-6 s\u0131n\u0131flara denk geliyor) a\u00e7\u0131laca\u011f\u0131n\u0131 duyurdu. Ancak, tam olarak hangi g\u00fcn a\u00e7\u0131laca\u011f\u0131n\u0131n inisiyatifini okullara b\u0131rakt\u0131lar. H\u00fck\u00fcmetin yay\u0131nlad\u0131\u011f\u0131 k\u0131lavuzdaki \u015fartlara tam olarak uyduktan sonra a\u00e7\u0131lmas\u0131n\u0131 istediler okullar\u0131n. \u0130lk g\u00fcn okullar\u0131n yar\u0131ya yak\u0131n\u0131 a\u00e7\u0131ld\u0131. Sonras\u0131nda da yava\u015f yava\u015f o ya\u015f gruplar\u0131 i\u00e7in olan t\u00fcm okullar a\u00e7\u0131ld\u0131. <\/p>\n<p><strong>SINIFLAR \u0130K\u0130YE B\u00d6L\u00dcND\u00dc<\/strong><\/p>\n<div><\/div>\n<p>Uygulamalar tespit edilen eksiklere g\u00f6re revize ediliyor zamanla. Al\u0131nan \u00f6nlemler \u015f\u00f6yle:<\/p>\n<p>T\u00fcm s\u0131n\u0131flar ikiye b\u00f6l\u00fcnecek. S\u0131n\u0131f\u0131n yar\u0131s\u0131 s\u0131n\u0131fta ders g\u00f6r\u00fcrken di\u011fer yar\u0131s\u0131 d\u0131\u015far\u0131da, spor salonunda vs. olacak. Havalar iyi oldu\u011fu s\u00fcrece benim o\u011flumun s\u0131n\u0131f\u0131nda bir grup s\u00fcrekli d\u0131\u015far\u0131da bir grup i\u00e7erideydi. S\u0131n\u0131f i\u00e7inde \u00f6\u011frenciler aras\u0131ndan 1.5 metre civar\u0131 bir uzakl\u0131k olacak. Ayr\u0131ca, \u00f6\u011frenciler sabah s\u0131n\u0131fa girmeden ve d\u0131\u015far\u0131 \u00e7\u0131k\u0131p d\u00f6nd\u00fcklerinde el y\u0131kayacaklar. \u00d6\u011frencilere sosyal mesafeyi korumalar\u0131 \u00f6\u011fretilecek. Okullarda temizlik artt\u0131r\u0131lacak, kap\u0131 kollar\u0131 yerler, masalar vs g\u00fcnde birka\u00e7 kez silinecek. Okullara ek temizlik malzemesi b\u00fct\u00e7esi verildi\u011fi a\u00e7\u0131kland\u0131. Ders saatleri azalt\u0131ld\u0131. <\/p>\n<p><strong>VEL\u0130LERDEN \u0130T\u0130RAZ<\/strong><\/p>\n<p>Facebook\u2019ta 40 bin \u00fcyeli \u2018Benim \u00e7ocu\u011fum deney tav\u015fan\u0131 de\u011fil\u2019 adl\u0131 bir grup kuruldu. Baz\u0131 veliler \u00e7ocuklar\u0131n\u0131 g\u00f6ndermek istemediler. Ancak \u015fu ana kadar rakamlar okul a\u00e7\u0131lmas\u0131 sonras\u0131nda bir k\u00f6t\u00fcye gidi\u015f olmad\u0131\u011f\u0131n\u0131 g\u00f6steriyor. G\u00f6zlemim belirlenen ya\u015f grubundaki \u00e7ocuklar\u0131n \u00e7ok b\u00fcy\u00fck oranda okula ba\u015flad\u0131klar\u0131 y\u00f6n\u00fcnde.<\/p>\n<p><span><strong><\/p>\n<figure>\n<div>\n<div><img decoding=\"async\" src=\"https:\/\/i4.hurimg.com\/i\/hurriyet\/75\/770x0\/5eb3199d67b0a908d8c64557\" alt=\"\" title=\"\"><\/div>\n<\/div>\n<\/figure>\n<p>D\u00dcNYADAN \u00d6RNEKLER<\/strong><\/span><\/p>\n<p><strong>\u00c7\u0130N:<\/strong> \u00c7in\u2019de okullarda e\u011fitim ge\u00e7ti\u011fimiz aydan beri s\u00fcr\u00fcyor. <\/p>\n<p><strong>HONG KONG:<\/strong> S\u0131navlar spor salonlar\u0131nda birbirinden uzak mesafede maske ve dezenfektanlarla ger\u00e7ekle\u015fti.<\/p>\n<p><strong>V\u0130ETNAM:<\/strong> Maske takan \u00f6\u011frenciler sosyal mesafe kural\u0131na uyarak derslerine ba\u015flad\u0131. \u00d6\u011fretmenler derse ba\u015flamadan \u00f6nce \u00f6\u011frencilerin ate\u015fini \u00f6l\u00e7\u00fcyor.<\/p>\n<p><strong>TAYLAND:<\/strong> Molilokayaram Okulu\u2019nda sosyal mesafe kural\u0131n\u0131 g\u00f6zeterek derslere ba\u015flayan \u00f6\u011frencilerin giydi\u011fi maske ve koruma aparatlar\u0131 dikkat \u00e7ekiyor.<\/p>\n<p><strong>\u0130SRA\u0130L:<\/strong> Ortaokul \u00f6\u011frencileri maske ve eldivenlerle s\u0131n\u0131flar\u0131n\u0131 dezenfekte ettikten sonra derslere ba\u015fl\u0131yor. \u0130lkokul \u00f6\u011frencileri ise s\u0131n\u0131f \u00f6\u011fretmenlerinin kontrol\u00fcnde okullar\u0131na maskeleri tak\u0131l\u0131 \u015fekilde giri\u015f yap\u0131yorlar. <\/p>\n<p><strong>F\u0130L\u0130ST\u0130N:<\/strong> Gazzeli lise \u00f6\u011frencileri s\u0131nav giri\u015f belgelerini maskeli ve eldivenli g\u00f6revlilerin elinden al\u0131yorlar. <\/p>\n<div><\/div>\n<p><strong>ALMANYA<\/strong>: \u00d6\u011fretmenler \u00f6\u011frencilerini s\u00fcrekli olarak hijyen konusunda bilgilendiriyor. D\u00fcsseldorf\u2019ta bir lise \u00f6\u011frencisi okullar\u0131n a\u00e7\u0131lmas\u0131n\u0131 D\u00fcseldorf Parlamento binas\u0131 \u00f6n\u00fcnde pankart a\u00e7\u0131p oturma eylemi yaparak protesto etti. <\/p>\n<p><strong>NORVE\u00c7:<\/strong> \u00d6\u011frenciler okullar\u0131na uzun kuyruklar olu\u015fturarak ve sosyal mesafe kurallar\u0131na uyarak giri\u015f yap\u0131yorlar.<\/p>\n<p><strong>\u0130ZLANDA:<\/strong> S\u0131n\u0131flardaki \u00f6\u011frenci say\u0131s\u0131 azalt\u0131ld\u0131. Maske kullanmayan \u00f6\u011fretmen ve \u00f6\u011frenciler s\u0131n\u0131fta sosyal mesafe kural\u0131na uyarak s\u0131ralar\u0131n\u0131 birbirinden ay\u0131r\u0131p ders i\u015fliyorlar.<\/p>\n<p><span><strong>DAR\u00dc\u015e\u015eAFAKA \u00d6\u011eRENC\u0130LER\u0130N\u0130 BEKL\u0130YOR<\/strong><\/span><\/p>\n<p>\u25ca Annesi ya da babas\u0131 hayatta olmayan, maddi olanaklar\u0131 yetersiz ve ba\u015far\u0131l\u0131 \u00f6\u011frencilere e\u011fitim f\u0131rsat\u0131 tan\u0131yan Dar\u00fc\u015f\u015fafaka\u2019ya ba\u015fvurular 22 Haziran\u2019a kadar uzat\u0131ld\u0131. D\u00fcr\u00fc\u015f\u015fafaka s\u0131navlar\u0131 28 Haziran\u2019da 24 ilde yap\u0131lacak. S\u0131navda ba\u015far\u0131l\u0131 olanlar ortaokuldan \u00fcniversiteye kadar hi\u00e7bir \u00fccret \u00f6demeden kolejde e\u011fitim g\u00f6recek. Detayl\u0131 bilgileri Dar\u00fc\u015f\u015fafaka\u2019n\u0131n internet sitesinde yer alan s\u0131nav i\u00e7in ba\u015fvuru \u015fartlar\u0131 \u015f\u00f6yle: <\/p>\n<p>&#8211; T.C. vatanda\u015f\u0131 olmas\u0131.<\/p>\n<p>&#8211; Annesinin ve\/veya babas\u0131n\u0131n hayatta olmamas\u0131.<\/p>\n<p>&#8211; Ailenin maddi durumunun \u00f6\u011frenimini s\u00fcrd\u00fcrmesine yeterli olmamas\u0131.<\/p>\n<p>&#8211; 2009 ya da daha sonraki y\u0131llarda do\u011fmu\u015f olmas\u0131 (Ya\u015f d\u00fczeltmesi ge\u00e7ersizdir.)<\/p>\n<p>&#8211; 2019-2020 e\u011fitim-\u00f6\u011fretim y\u0131l\u0131nda ilkokul 4. s\u0131n\u0131f \u00f6\u011frencisi olmas\u0131.<\/p>\n<p>&#8211; Beden ve ruh sa\u011fl\u0131\u011f\u0131n\u0131n yat\u0131l\u0131 okulda okumaya uygun olmas\u0131. <\/p>\n<p><span><strong>LGS KILAVUZU G\u00dcNCELLEND\u0130<\/strong><\/span><\/p>\n<p>\u25ca Milli E\u011fitim Bakanl\u0131\u011f\u0131 (MEB), 3 Nisan\u2019da yay\u0131nlad\u0131\u011f\u0131 \u2018Liselere Ge\u00e7i\u015f Sistemi kapsam\u0131nda yap\u0131lacak Merkezi S\u0131nav Ba\u015fvuru ve Uygulama K\u0131lavuzu\u2019nu g\u00fcncelledi. S\u0131nav tarihi 20 Haziran Cumartesi g\u00fcn\u00fc olarak de\u011fi\u015ftirildi. K\u0131lavuza g\u00f6re bu y\u0131l t\u00fcm \u00f6\u011frenciler s\u0131nava kendi okullar\u0131nda girecek. Yap\u0131lan \u00f6nemli de\u011fi\u015fikliklerden biri de s\u0131nav giri\u015f belgelerine ili\u015fkin. Belgeler okul m\u00fcd\u00fcrl\u00fckleri taraf\u0131ndan elektronik ortamdan al\u0131narak onaylan\u0131p \u00f6\u011frencinin s\u0131nava girece\u011fi salon ve s\u0131rada haz\u0131r bulundurulacak. Bu y\u0131l \u00f6\u011frencilerin n\u00fcfus c\u00fczdan\u0131 ya da T.C. kimlik kartlar\u0131nda 15 ya\u015f\u0131ndan itibaren foto\u011fraf bulundurulmas\u0131 \u015fart\u0131 aranmayacak. Nakil, zorunlu ikamet de\u011fi\u015fikli\u011fi, mevsimlik i\u015f\u00e7ilik, yurtd\u0131\u015f\u0131ndan d\u00f6n\u00fc\u015f, tayin nedeniyle yer de\u011fi\u015fikli\u011fi gibi m\u00fccbir sebeplerle farkl\u0131 ilde bulunan \u00f6\u011frencilerin s\u0131nava kat\u0131labilmesi i\u00e7in velileri 15 Haziran\u2019a kadar ba\u015fvuru yapabilecek. \u00d6\u011frencilerin s\u0131nav giri\u015f yeri, salonu, s\u0131ra numaras\u0131, alaca\u011f\u0131 s\u0131nav tedbir hizmeti gibi bilgiler s\u0131navdan en az yedi g\u00fcn \u00f6nce e-Okul Veli Bilgilendirme Sistemi\u2019nden ilan edilecek. S\u0131nav sonu\u00e7lar\u0131, 16 Temmuz\u2019da https:\/\/www.meb.gov.tr internet adresinden a\u00e7\u0131klanacak. <br \/>(\u25ca E\u011fitim Servisi)<\/p>\n<p>\u00a0<\/p>\n","protected":false},"excerpt":{"rendered":"<p>Okullar\u0131n\u0131 a\u00e7an ilk \u00fclkelerden biri Danimarka oldu. Danimarka Aarhus \u00dcniversitesi\u2019nde e\u011fitim y\u00f6netimi ve politikalar\u0131 alan\u0131nda \u00e7al\u0131\u015fan, o\u011flu da &#8230;<\/p>\n","protected":false},"author":1,"featured_media":290697,"comment_status":"open","ping_status":"closed","sticky":false,"template":"","format":"standard","meta":{"_acf_changed":false,"footnotes":""},"categories":[6665],"tags":[88885,56006,141665,66954],"class_list":["post-290696","post","type-post","status-publish","format-standard","has-post-thumbnail","hentry","category-dunya","tag-maske","tag-ogrenciler","tag-okullar","tag-sinav"],"acf":[],"_links":{"self":[{"href":"https:\/\/www.nationalturk.com\/tr\/wp-json\/wp\/v2\/posts\/290696","targetHints":{"allow":["GET"]}}],"collection":[{"href":"https:\/\/www.nationalturk.com\/tr\/wp-json\/wp\/v2\/posts"}],"about":[{"href":"https:\/\/www.nationalturk.com\/tr\/wp-json\/wp\/v2\/types\/post"}],"author":[{"embeddable":true,"href":"https:\/\/www.nationalturk.com\/tr\/wp-json\/wp\/v2\/users\/1"}],"replies":[{"embeddable":true,"href":"https:\/\/www.nationalturk.com\/tr\/wp-json\/wp\/v2\/comments?post=290696"}],"version-history":[{"count":0,"href":"https:\/\/www.nationalturk.com\/tr\/wp-json\/wp\/v2\/posts\/290696\/revisions"}],"wp:featuredmedia":[{"embeddable":true,"href":"https:\/\/www.nationalturk.com\/tr\/wp-json\/wp\/v2\/media\/290697"}],"wp:attachment":[{"href":"https:\/\/www.nationalturk.com\/tr\/wp-json\/wp\/v2\/media?parent=290696"}],"wp:term":[{"taxonomy":"category","embeddable":true,"href":"https:\/\/www.nationalturk.com\/tr\/wp-json\/wp\/v2\/categories?post=290696"},{"taxonomy":"post_tag","embeddable":true,"href":"https:\/\/www.nationalturk.com\/tr\/wp-json\/wp\/v2\/tags?post=290696"}],"curies":[{"name":"wp","href":"https:\/\/api.w.org\/{rel}","templated":true}]}}