{"id":291095,"date":"2022-02-15T16:40:05","date_gmt":"2022-02-15T13:40:05","guid":{"rendered":"https:\/\/www.nationalturk.com\/tr\/?p=291095"},"modified":"2022-08-17T00:16:57","modified_gmt":"2022-08-16T21:16:57","slug":"halil-falyali-soylemez-kardesler-lideri","status":"publish","type":"post","link":"https:\/\/www.nationalturk.com\/tr\/halil-falyali-soylemez-kardesler-lideri\/","title":{"rendered":"Halil Falyal\u0131&#8217;ya son teti\u011fi &#8216;S\u00f6ylemez Karde\u015fler&#8217; lideri \u00e7ekti iddias\u0131"},"content":{"rendered":"<p>Halil Falyal\u0131 suikast\u0131 ile ilgili \u0130stanbul\u2019da g\u00f6zalt\u0131 say\u0131s\u0131 6\u2019ya, K\u0131br\u0131s\u2019\u0131n kuzeyinde g\u00f6zalt\u0131 say\u0131s\u0131 4\u2019e y\u00fckseldi. Elde etti\u011fi t\u00fcm bulgular\u0131 payla\u015fan emniyet g\u00fc\u00e7lerinden edinilen bilgiye g\u00f6re Falyal\u0131\u2019ya son teti\u011fi Mustafa S\u00f6ylemez \u00e7ekti.<\/p>\n<h2>\u00d6mer Tun\u00e7 ile Mustafa S\u00f6ylemez\u2019in cinayet g\u00fcn\u00fc ayn\u0131 otelde olduklar\u0131 tespit edildi<\/h2>\n<p>Halil Falyal\u0131 suikast\u0131na ili\u015fkin yeni detaylar ortaya \u00e7\u0131kt\u0131. KKTC\u2019de g\u00f6zalt\u0131na al\u0131nan \u00d6mer Tun\u00e7 ile \u0130stanbul\u2019da yakalanan Mustafa S\u00f6ylemez\u2019in cinayet g\u00fcn\u00fc ayn\u0131 otelde olduklar\u0131 ve g\u00f6r\u00fc\u015ft\u00fcklerine dair g\u00f6r\u00fcnt\u00fcler ortaya \u00e7\u0131kt\u0131.<\/p>\n<h3>Halil Falyal\u0131 suikast\u0131 ile ilgili \u0130stanbul\u2019da g\u00f6zalt\u0131 say\u0131s\u0131 6\u2019ya, K\u0131br\u0131s\u2019\u0131n kuzeyinde g\u00f6zalt\u0131 say\u0131s\u0131 4\u2019e y\u00fckseldi.<\/h3>\n<p>Halil Falyal\u0131 suikast\u0131 ile ilgili \u0130stanbul\u2019da g\u00f6zalt\u0131 say\u0131s\u0131 6\u2019ya, K\u0131br\u0131s\u2019\u0131n kuzeyinde g\u00f6zalt\u0131 say\u0131s\u0131 4\u2019e y\u00fckseldi. Elde etti\u011fi t\u00fcm bulgular\u0131 payla\u015fan emniyet g\u00fc\u00e7lerinden edinilen bilgiye g\u00f6re Falyal\u0131\u2019ya son teti\u011fi Mustafa S\u00f6ylemez \u00e7ekti.<\/p>\n<p>Cinayetten \u00f6nce Falyal\u0131 ile telefonda konu\u015ftuklar\u0131 tespit edilen S\u00f6ylemez Karde\u015fler \u00e7etesinin lideri Mustafa S\u00f6ylemez\u2019in dakikalarca kala\u015fnikofla taranan Halil Falyal\u0131\u2019n\u0131n yan\u0131na giderek kafas\u0131na ate\u015f eden ki\u015fi oldu\u011fu \u00f6\u011frenildi. Olayla ilgili karde\u015f Faysal S\u00f6ylemez de g\u00f6zalt\u0131na al\u0131nd\u0131.<\/p>\n<p><strong>EV\u0130 MUSTAFA S\u00d6YLEMEZ K\u0130RALADI<\/strong><br \/>\nS\u00f6ylemez Karde\u015fler \u00e7etesinin lideri Mustafa S\u00f6ylemez\u2019in cinayeti birlikte i\u015fledi\u011fi d\u00fc\u015f\u00fcn\u00fclen ve adaya yasa d\u0131\u015f\u0131 yollarla tekne ile girdikleri tespit edilen g\u00f6zalt\u0131ndaki Veysel Sar\u0131 ve Musa \u00c7i\u00e7ek yakaland\u0131klar\u0131 Alsancak\u2019taki evi Mustafa S\u00f6ylemez\u2019in kiralad\u0131\u011f\u0131n\u0131 belirtti. Zanl\u0131lar\u0131n evinde 1 adet uzun namlulu silah ile 15 adet canl\u0131 mermi bulundu.<\/p>\n<p>Suikast\u0131n perde arkas\u0131: &#8216;T\u00fcrkiye&#8217;de baz\u0131 g\u00fc\u00e7 odaklar\u0131n\u0131n Halil Falyal\u0131&#8217;y\u0131 g\u00f6zden \u00e7\u0131kard\u0131\u011f\u0131 s\u00f6yleniyor&#8217;<\/p>\n<p><strong>\u0130NG\u0130L\u0130Z BARON \u0130DD\u0130ASI<\/strong><br \/>\nCumhuriyet Gazetesi ise k\u00fcresel sanal bahis baronu \u0130ngiliz Scott William Masterson\u2019un K\u0131br\u0131s\u2019taki ayaklar\u0131 oldu\u011funu belirtti\u011fi Halil Falyal\u0131 ile Veysel \u015eahin ile birlikte \u00e7al\u0131\u015ft\u0131\u011f\u0131n\u0131, K\u0131br\u0131s\u2019ta Falyal\u0131\u2019n\u0131n yerine ge\u00e7ecek ki\u015finin de ancak Scott William Masterson\u2019un onay\u0131yla olabilece\u011fini yazd\u0131.<\/p>\n<p><strong>HAL\u0130L FALYALI SALDIRISI NASIL OLDU?<\/strong><\/p>\n<p>Cinayet ge\u00e7ti\u011fimiz ak\u015fam Girne\u2019nin \u00c7atalk\u00f6y b\u00f6lgesinde meydana geldi. KKTC d\u0131\u015f\u0131nda da otel, casino, sanal bahis i\u015fletmeleri bulundu\u011fu belirtilen Halil Falyal\u0131(53), bir s\u00fcredir koruma say\u0131s\u0131n\u0131 artt\u0131rm\u0131\u015f ve z\u0131rhl\u0131 ara\u00e7la seyahat ediyordu. Girne\u2019deki Les Ambassadeurs otelinden e\u015fi \u00d6zge Falyal\u0131 ve \u00fc\u00e7 k\u00fc\u00e7\u00fck \u00e7ocu\u011fuyla evine do\u011fru yola \u00e7\u0131kt\u0131. Z\u0131rhl\u0131 araca ailesini bindirdi ve kendi uzun s\u00fcredir ilk kez ba\u015fka bir ara\u00e7la seyahat etti. Biri korumalar\u0131na ait \u00fc\u00e7 ara\u00e7l\u0131k konvoy \u00c7atalk\u00f6y\u2019deki villaya yakla\u015ft\u0131\u011f\u0131 s\u0131rada, dar ve karanl\u0131k yolda d\u00f6rtl\u00fclerini yakm\u0131\u015f bir ara\u00e7 nedeniyle yava\u015flad\u0131.<\/p>\n<p>Yolu kesen ara\u00e7tan \u00e7\u0131kan birinci sald\u0131rgan \u00f6nce \u015fof\u00f6r Murat Demirta\u015f\u2019a ate\u015f a\u00e7t\u0131, ard\u0131ndan arac\u0131n \u00f6n koltu\u011funda oturan Halil Falyal\u0131 yak\u0131n mesafeden Kala\u015fnikof marka silahla yayl\u0131m ate\u015fine tutuldu. Geriden gelen ailesinin i\u00e7inde oldu\u011fu z\u0131rhl\u0131 ara\u00e7 ve korumalar\u0131n\u0131n oldu\u011fu \u00fc\u00e7\u00fcnc\u00fc araca ate\u015f a\u00e7\u0131lmad\u0131. Sald\u0131rganlar, biri kiral\u0131k iki ara\u00e7la olay yerinden h\u0131zla ka\u00e7arken, korumalar ailenin g\u00fcvenli\u011fini sa\u011flamaya \u00e7al\u0131\u015ft\u0131.<\/p>\n<p>\u015eof\u00f6r Murat Demirta\u015f sald\u0131r\u0131 an\u0131nda hayat\u0131n\u0131 kaybederken, kanlar i\u00e7inde kalan Halil Falyal\u0131 ambulansla Lefko\u015fa\u2019daki Yak\u0131n Do\u011fu \u00dcniversitesi hastanesine g\u00f6t\u00fcr\u00fcld\u00fc. Yolda duran kalbine s\u00fcrekli masaj ve suni solunum yap\u0131ld\u0131. Falyal\u0131 hastanede t\u00fcm m\u00fcdahalelere ra\u011fmen hayat\u0131n\u0131 kaybetti. Hastane Ba\u015fhekimi Prof. Dr. M\u00fcfit Yenen, ba\u015f\u0131ndan aya\u011f\u0131na var\u0131ncaya kadar \u00e7ok say\u0131da kur\u015fun yaras\u0131 alan Falyal\u0131\u2019n\u0131n kurtar\u0131lamad\u0131\u011f\u0131n\u0131 a\u00e7\u0131klad\u0131. Hastanede d\u00fcn yap\u0131lan otopside Falyal\u0131\u2019n\u0131n bedeninden 16 mermi \u00e7\u0131kart\u0131ld\u0131.\u00a0MOBESE incelemesinde sald\u0131rganlar\u0131n yolu kesmek i\u00e7in kulland\u0131\u011f\u0131 arac\u0131n sahte plaka oldu\u011fu belirlendi.<\/p>\n<p>Olay yerine h\u0131zla gelen polis, \u00e7evrede 31\u2019den fazla mermi kovan\u0131 buldu. MOBESE incelemesinde sald\u0131rganlar\u0131n yolu kesmek i\u00e7in kulland\u0131\u011f\u0131 (PM 649 plakal\u0131 Nissan marka) arac\u0131n sahte plaka oldu\u011fu belirlendi. Sald\u0131rganlar\u0131n kulland\u0131\u011f\u0131 \u00f6ne s\u00fcr\u00fclen bir ba\u015fka kiral\u0131k arac\u0131n \u015fof\u00f6r\u00fc \u00d6mer Tun\u00e7 d\u00fcn sabaha kar\u015f\u0131 yakaland\u0131 ve g\u00fcnd\u00fcz saatlerinde Girne\u2019de mahkemeye \u00e7\u0131kart\u0131larak hakk\u0131nda soru\u015fturma ama\u00e7l\u0131 2 g\u00fcn tutukluluk karar\u0131 al\u0131nd\u0131. Soru\u015fturmay\u0131 b\u00fcy\u00fck bir gizlilikle y\u00fcr\u00fcten polis, hen\u00fcz sald\u0131rganlar\u0131n say\u0131s\u0131 hakk\u0131nda a\u00e7\u0131klama yapmad\u0131. Yetkililer, sald\u0131rganlar\u0131n Falyal\u0131\u2019n\u0131n otelden hareket saati, z\u0131rhl\u0131 araca binmedi\u011fi, hangi ara\u00e7ta bulundu\u011fu gibi detaylara sahip oldu\u011funu, uzun s\u00fcredir takip ettiklerini ve ka\u00e7\u0131\u015f planlar\u0131n\u0131 yapt\u0131klar\u0131n\u0131 de\u011ferlendiriyor.<\/p>\n<p><strong>\u0130FADELER\u0130 ORTAYA \u00c7IKTI<\/strong><\/p>\n<p>\u0130ki \u015f\u00fcpheli ifadelerinde, \u201cBirbirimizi tan\u0131yoruz. Ancak cinayetle ilgimiz yok\u201d dediler. Mustafa S\u00f6ylemez&#8217;in, Faryal\u0131&#8217;n\u0131n \u00f6ld\u00fcr\u00fcld\u00fc\u011f\u00fc g\u00fcn\u00fcn saat 04.00 u\u00e7a\u011f\u0131yla \u0130stanbul&#8217;a geldi\u011fi belirlendi. Bu durum dikkat \u00e7ekti. Tun\u00e7, cinayet gecesinin sabah\u0131na kar\u015f\u0131 bir otelin kumarhanesinde yakaland\u0131. Kumarhanede polis oldu\u011funu tahmin etti\u011fi ki\u015filerin yan\u0131na yakla\u015fmaya ba\u015flamas\u0131ndan \u015f\u00fcphelenen Tun\u00e7 ka\u00e7mak istedi. Ancak, sivil g\u00f6revliler taraf\u0131ndan yakaland\u0131.<\/p>\n<p>Falyal\u0131&#8217;n\u0131n \u00f6ld\u00fcr\u00fcld\u00fc\u011f\u00fc yerde MOBESE ve kamera kayd\u0131n\u0131n bulunmad\u0131\u011f\u0131 anla\u015f\u0131ld\u0131. KKTC&#8217;deki bir g\u00fcvenlik yetkilisi, \u201cCinayet yeri konusunda da daha \u00f6nce ke\u015fif yap\u0131ld\u0131\u011f\u0131n\u0131 san\u0131yoruz. \u00c7\u00fcnk\u00fc MOBESE ve kamera olmayan bir yer se\u00e7ilmi\u015f. G\u00f6zalt\u0131na al\u0131nanlar aras\u0131ndaki ili\u015fki, otel giri\u015f-\u00e7\u0131k\u0131\u015f\u0131ndaki birlikte kamera g\u00f6r\u00fcnt\u00fcleri onlar\u0131 \u015f\u00fcpheli konumuna getirdi\u201d dedi.<\/p>\n<p>&#8220;SOSYAL MEDYADAN DUYDUK&#8221; DED\u0130LER<br \/>\n\u0130fadelerinde birbirlerini tan\u0131d\u0131klar\u0131n\u0131, KKTC&#8217;de birlikte olduklar\u0131n\u0131, telefon konu\u015fmalar\u0131 yapt\u0131klar\u0131n\u0131 kabul eden Tun\u00e7 ve S\u00f6ylemez, kesinlikle Falyal\u0131 cinayetiyle bir ilgilerinin olmad\u0131\u011f\u0131n\u0131, kendilerinin de KKTC&#8217;de sosyal medyadan bu cinayeti \u00f6\u011frendiklerini \u00f6ne s\u00fcrd\u00fc. Ge\u00e7mi\u015fte karde\u015fleriyle birlikte \u2018S\u00f6ylemezler \u00c7etesi&#8217; olarak an\u0131lan Mustafa S\u00f6ylemez, ifadesinde bahis i\u015fleriyle ilgili olarak KKTC&#8217;ye gitti\u011fini s\u00f6yledi.<\/p>\n<blockquote class=\"wp-embedded-content\" data-secret=\"7nd6WNsapn\"><p><a href=\"https:\/\/www.nationalturk.com\/haberler\/halil-falyali-suikastinde-kibris-polisi-4-kisiyi-daha-tutukladi\/\">Halil Falyal\u0131 suikastinde K\u0131br\u0131s polisi, 4 ki\u015fiyi daha tutuklad\u0131<\/a><\/p><\/blockquote>\n<p><iframe loading=\"lazy\" class=\"wp-embedded-content\" sandbox=\"allow-scripts\" security=\"restricted\" style=\"position: absolute; clip: rect(1px, 1px, 1px, 1px);\" title=\"&#8220;Halil Falyal\u0131 suikastinde K\u0131br\u0131s polisi, 4 ki\u015fiyi daha tutuklad\u0131&#8221; &#8212; NationalTurk\" src=\"https:\/\/www.nationalturk.com\/haberler\/halil-falyali-suikastinde-kibris-polisi-4-kisiyi-daha-tutukladi\/embed\/#?secret=BSkvHYBtgE#?secret=7nd6WNsapn\" data-secret=\"7nd6WNsapn\" width=\"500\" height=\"282\" frameborder=\"0\" marginwidth=\"0\" marginheight=\"0\" scrolling=\"no\"><\/iframe><\/p>\n","protected":false},"excerpt":{"rendered":"<p>Halil Falyal\u0131 suikast\u0131 ile ilgili \u0130stanbul\u2019da g\u00f6zalt\u0131 say\u0131s\u0131 6\u2019ya, K\u0131br\u0131s\u2019\u0131n kuzeyinde g\u00f6zalt\u0131 say\u0131s\u0131 4\u2019e y\u00fckseldi. Elde etti\u011fi t\u00fcm bulgular\u0131 payla\u015fan emniyet g\u00fc\u00e7lerinden edinilen bilgiye g\u00f6re Falyal\u0131\u2019ya son teti\u011fi Mustafa S\u00f6ylemez \u00e7ekti. \u00d6mer Tun\u00e7 ile Mustafa S\u00f6ylemez\u2019in cinayet g\u00fcn\u00fc ayn\u0131 otelde olduklar\u0131 tespit edildi Halil Falyal\u0131 suikast\u0131na ili\u015fkin yeni detaylar ortaya \u00e7\u0131kt\u0131. KKTC\u2019de g\u00f6zalt\u0131na al\u0131nan \u00d6mer &hellip;<\/p>\n","protected":false},"author":6,"featured_media":291097,"comment_status":"open","ping_status":"closed","sticky":false,"template":"","format":"standard","meta":{"_acf_changed":false,"footnotes":""},"categories":[6155],"tags":[220732],"class_list":["post-291095","post","type-post","status-publish","format-standard","has-post-thumbnail","hentry","category-gundem","tag-halil-falyali"],"acf":[],"_links":{"self":[{"href":"https:\/\/www.nationalturk.com\/tr\/wp-json\/wp\/v2\/posts\/291095","targetHints":{"allow":["GET"]}}],"collection":[{"href":"https:\/\/www.nationalturk.com\/tr\/wp-json\/wp\/v2\/posts"}],"about":[{"href":"https:\/\/www.nationalturk.com\/tr\/wp-json\/wp\/v2\/types\/post"}],"author":[{"embeddable":true,"href":"https:\/\/www.nationalturk.com\/tr\/wp-json\/wp\/v2\/users\/6"}],"replies":[{"embeddable":true,"href":"https:\/\/www.nationalturk.com\/tr\/wp-json\/wp\/v2\/comments?post=291095"}],"version-history":[{"count":0,"href":"https:\/\/www.nationalturk.com\/tr\/wp-json\/wp\/v2\/posts\/291095\/revisions"}],"wp:featuredmedia":[{"embeddable":true,"href":"https:\/\/www.nationalturk.com\/tr\/wp-json\/wp\/v2\/media\/291097"}],"wp:attachment":[{"href":"https:\/\/www.nationalturk.com\/tr\/wp-json\/wp\/v2\/media?parent=291095"}],"wp:term":[{"taxonomy":"category","embeddable":true,"href":"https:\/\/www.nationalturk.com\/tr\/wp-json\/wp\/v2\/categories?post=291095"},{"taxonomy":"post_tag","embeddable":true,"href":"https:\/\/www.nationalturk.com\/tr\/wp-json\/wp\/v2\/tags?post=291095"}],"curies":[{"name":"wp","href":"https:\/\/api.w.org\/{rel}","templated":true}]}}