{"id":291523,"date":"2022-08-16T14:32:57","date_gmt":"2022-08-16T11:32:57","guid":{"rendered":"https:\/\/www.nationalturk.com\/tr\/?p=291523"},"modified":"2026-04-26T13:03:38","modified_gmt":"2026-04-26T10:03:38","slug":"akp-kurulusunun-21inci-yilini-kutluyor","status":"publish","type":"post","link":"https:\/\/www.nationalturk.com\/tr\/akp-kurulusunun-21inci-yilini-kutluyor\/","title":{"rendered":"AKP, kurulu\u015funun 21\u2019inci y\u0131l\u0131n\u0131 kutluyor"},"content":{"rendered":"<p>Cumhurba\u015fkan\u0131 ve AKP Genel Ba\u015fkan\u0131 Recep Tayyip Erdo\u011fan, milletvekilleri, parti te\u015fkilatlar\u0131ndan kat\u0131laca\u011f\u0131 kutlama program\u0131nda partinin, 20 y\u0131ll\u0131k iktidar s\u00fcrecine ili\u015fkin film g\u00f6sterimi de yap\u0131lacak.<\/p>\n<p>Kuruldu\u011fu 14 A\u011fustos 2001\u2019den yakla\u015f\u0131k 1 y\u0131l sonra, 3 Kas\u0131m 2002 se\u00e7imlerinde tek ba\u015f\u0131na iktidara gelen AKP, iktidarlar\u0131 d\u00f6neminde 2 cumhurba\u015fkan\u0131, Erdo\u011fan ba\u015fta olmak \u00fczere 4 ba\u015fbakan \u00e7\u0131kard\u0131.<br \/>\nT\u00fcrkiye\u2019nin 2018\u2019de \u201cT\u00fcrk tipi ba\u015fkanl\u0131k\u201d olarak da nitelenen sistemine ge\u00e7i\u015finden sonra Erdo\u011fan, cumhurba\u015fkan\u0131 se\u00e7ildi.<\/p>\n<p>\u0130ktidar\u0131n\u0131n ilk y\u0131llar\u0131nda demokratikle\u015fme ad\u0131mlar\u0131 ile dikkat \u00e7eken ve \u201cK\u00fcrt sorununun \u00e7\u00f6z\u00fcm s\u00fcrecini\u201d ba\u015flatan AKP iktidar\u0131, 15 Temmuz 2016\u2019daki darbe giri\u015fimi sonras\u0131nda ise ge\u00e7mi\u015fte g\u00fcvenlik\u00e7i olarak niteledi\u011fi politikalar\u0131 \u00f6ne \u00e7\u0131karmakla ele\u015ftirildi.&lt;<\/p>\n<p>T\u00fcm se\u00e7imlerden birinci \u00e7\u0131kt\u0131<br \/>\nAKP, 2002\u2019den bu yana kat\u0131ld\u0131\u011f\u0131 t\u00fcm se\u00e7imlerden birinci parti olarak \u00e7\u0131kmay\u0131 ba\u015fard\u0131. Kurulduktan sonra da se\u00e7men deste\u011fini g\u00f6zle g\u00f6r\u00fcl\u00fcr \u015fekilde art\u0131rd\u0131.<\/p>\n<p>Y\u00fczde 34\u2019lerle ba\u015flayan oy deste\u011fi y\u00fczde 49,5\u2019e kadar y\u00fckseldi.<\/p>\n<p>Genel se\u00e7imlerin yan\u0131s\u0131ra, 2004 yerel se\u00e7imlerinde de ba\u015fta Ankara, \u0130stanbul olmak 11\u2019i b\u00fcy\u00fck\u015fehir 1950 belediye kazanan AKP; 2007 genel se\u00e7imlerinde ise Tunceli d\u0131\u015f\u0131ndaki b\u00fct\u00fcn illerden milletvekili \u00e7\u0131kard\u0131.<\/p>\n<ul>\n<li><a href=\"https:\/\/www.nationalturk.com\/gundem\/seytan-ayetleri-salman-rusdi\/\" target=\"_blank\" rel=\"noopener\">Salman R\u00fc\u015fdi\u2019nin cihazdan \u00e7\u0131kar\u0131ld\u0131\u011f\u0131 ve konu\u015fmaya ba\u015flad\u0131\u011f\u0131 a\u00e7\u0131kland\u0131.\u00a0<\/a><\/li>\n<\/ul>\n<blockquote class=\"wp-embedded-content\" data-secret=\"TKG6DfmuL1\"><p><a href=\"https:\/\/www.nationalturk.com\/tr\/el-kaidenin-yeni-lideri-misir-dogumlu-seyf-el-adil-mi-olacak\/\">El Kaide&#8217;nin yeni lideri M\u0131s\u0131r do\u011fumlu Seyf El Adl mi olacak?<\/a><\/p><\/blockquote>\n<p><iframe loading=\"lazy\" class=\"wp-embedded-content\" sandbox=\"allow-scripts\" security=\"restricted\" style=\"position: absolute; clip: rect(1px, 1px, 1px, 1px);\" title=\"&#8220;El Kaide&#8217;nin yeni lideri M\u0131s\u0131r do\u011fumlu Seyf El Adl mi olacak?&#8221; &#8212; NationalTurk\" src=\"https:\/\/www.nationalturk.com\/tr\/el-kaidenin-yeni-lideri-misir-dogumlu-seyf-el-adil-mi-olacak\/embed\/#?secret=vDykGzFTN5#?secret=TKG6DfmuL1\" data-secret=\"TKG6DfmuL1\" width=\"500\" height=\"282\" frameborder=\"0\" marginwidth=\"0\" marginheight=\"0\" scrolling=\"no\"><\/iframe><\/p>\n<p>&nbsp;<\/p>\n","protected":false},"excerpt":{"rendered":"<p>3 Kas\u0131m 2002 se\u00e7imlerinde tek ba\u015f\u0131na iktidara gelen AK Parti, iktidarlar\u0131 d\u00f6neminde 2 cumhurba\u015fkan\u0131, Erdo\u011fan ba\u015fta olmak \u00fczere 4 ba\u015fbakan \u00e7\u0131kard\u0131.<\/p>\n","protected":false},"author":6,"featured_media":291525,"comment_status":"open","ping_status":"closed","sticky":false,"template":"","format":"standard","meta":{"_acf_changed":false,"footnotes":""},"categories":[6202],"tags":[3557,9476,3888,787,4134],"class_list":["post-291523","post","type-post","status-publish","format-standard","has-post-thumbnail","hentry","category-politika","tag-ak-parti","tag-akp","tag-basbakan-erdogan","tag-recep-tayyip-erdogan","tag-tunceli"],"acf":[],"_links":{"self":[{"href":"https:\/\/www.nationalturk.com\/tr\/wp-json\/wp\/v2\/posts\/291523","targetHints":{"allow":["GET"]}}],"collection":[{"href":"https:\/\/www.nationalturk.com\/tr\/wp-json\/wp\/v2\/posts"}],"about":[{"href":"https:\/\/www.nationalturk.com\/tr\/wp-json\/wp\/v2\/types\/post"}],"author":[{"embeddable":true,"href":"https:\/\/www.nationalturk.com\/tr\/wp-json\/wp\/v2\/users\/6"}],"replies":[{"embeddable":true,"href":"https:\/\/www.nationalturk.com\/tr\/wp-json\/wp\/v2\/comments?post=291523"}],"version-history":[{"count":1,"href":"https:\/\/www.nationalturk.com\/tr\/wp-json\/wp\/v2\/posts\/291523\/revisions"}],"predecessor-version":[{"id":308563,"href":"https:\/\/www.nationalturk.com\/tr\/wp-json\/wp\/v2\/posts\/291523\/revisions\/308563"}],"wp:featuredmedia":[{"embeddable":true,"href":"https:\/\/www.nationalturk.com\/tr\/wp-json\/wp\/v2\/media\/291525"}],"wp:attachment":[{"href":"https:\/\/www.nationalturk.com\/tr\/wp-json\/wp\/v2\/media?parent=291523"}],"wp:term":[{"taxonomy":"category","embeddable":true,"href":"https:\/\/www.nationalturk.com\/tr\/wp-json\/wp\/v2\/categories?post=291523"},{"taxonomy":"post_tag","embeddable":true,"href":"https:\/\/www.nationalturk.com\/tr\/wp-json\/wp\/v2\/tags?post=291523"}],"curies":[{"name":"wp","href":"https:\/\/api.w.org\/{rel}","templated":true}]}}