{"id":29172,"date":"2010-06-19T15:31:28","date_gmt":"2010-06-19T13:31:28","guid":{"rendered":"http:\/\/www.nationalturk.com\/?p=29172"},"modified":"2022-08-26T12:43:08","modified_gmt":"2022-08-26T09:43:08","slug":"besiktas-serdal-adali-borc-4792802","status":"publish","type":"post","link":"https:\/\/www.nationalturk.com\/tr\/besiktas-serdal-adali-borc-4792802\/","title":{"rendered":"Be\u015fikta\u015f, Serdal Adal\u0131&#8217;ya da bor\u00e7land\u0131!"},"content":{"rendered":"<p><strong><img loading=\"lazy\" decoding=\"async\" class=\"alignleft size-medium wp-image-29173\" title=\"Serdal Adal\u0131\" src=\"http:\/\/www.nationalturk.com\/tr\/wp-content\/uploads\/2010\/06\/serdal_adali_mazbata613-280x113.jpg\" alt=\"\" width=\"280\" height=\"113\" srcset=\"https:\/\/www.nationalturk.com\/tr\/wp-content\/uploads\/2010\/06\/serdal_adali_mazbata613-280x113.jpg 280w, https:\/\/www.nationalturk.com\/tr\/wp-content\/uploads\/2010\/06\/serdal_adali_mazbata613-610x246.jpg 610w, https:\/\/www.nationalturk.com\/tr\/wp-content\/uploads\/2010\/06\/serdal_adali_mazbata613.jpg 613w\" sizes=\"auto, (max-width: 280px) 100vw, 280px\" \/>K\u00f6t\u00fc mali y\u00f6netim sonucu kul\u00fcb\u00fc kendisine milyonlarca dolar bor\u00e7land\u0131ran Be\u015fikta\u015f Ba\u015fkan\u0131 Y\u0131ld\u0131r\u0131m Demir\u00f6ren&#8217;e rakip geldi! Be\u015fikta\u015f&#8217;\u0131n alacakl\u0131lar\u0131 aras\u0131na taze y\u00f6netici Serdal Adal\u0131 da eklendi!<\/strong><\/p>\n<p>Bug\u00fcn yap\u0131lan Divan Kurulu toplant\u0131s\u0131nda Be\u015fikta\u015f Kul\u00fcb\u00fc&#8217;n\u00fcn borcunun 222 milyon lira oldu\u011fu a\u00e7\u0131kland\u0131.<\/p>\n<p>Denetleme Kurulu Ba\u015fkan\u0131 Feyyaz Tuncel, Ceylan Intercontinental Oteli&#8217;nde d\u00fczenlenen Divan Kurulu toplant\u0131s\u0131nda, kurulunun raporunu a\u00e7\u0131klad\u0131.<\/p>\n<p>Tuncel, kul\u00fcb\u00fcn toplam borcunun 285 milyon 233 bin liraya, alacaklar\u0131n ise 62 milyon 364 bin liraya ula\u015ft\u0131\u011f\u0131n\u0131 belirterek, alacaklar\u0131 d\u00fc\u015ft\u00fckten sonra olu\u015fan net borcun ise 222 milyon 869 lira oldu\u011funu kaydetti.<\/p>\n<p>Bu bor\u00e7 i\u00e7inde kul\u00fcp ba\u015fkan\u0131 Y\u0131ld\u0131r\u0131m Demir\u00f6ren&#8217;e borcun 66 milyon 294 bin liraya ula\u015ft\u0131\u011f\u0131, Y\u00f6netim Kurulu \u00fcyesi Serdal Adal\u0131&#8217;ya borcun ise 9 milyon 682 bin lira oldu\u011fu belirtildi.<\/p>\n<p>Yanl\u0131\u015f transfer uygulamalar\u0131 ve k\u00f6t\u00fc y\u00f6netim Be\u015fikta\u015f&#8217;taki borcun her ge\u00e7en ay daha da artmas\u0131na neden olurken Y\u0131ld\u0131r\u0131m Demir\u00f6ren&#8217;in yan\u0131s\u0131ra daha 6 ay \u00f6nce y\u00f6netici olan Serdal Adal\u0131&#8217;ya da kul\u00fcb\u00fcn bor\u00e7lanmas\u0131 camiada tepki toplad\u0131.<\/p>\n<span style=\"font-weight: bold; color: #f00;\">Error, group does not exist! Check your syntax! (ID: 103)<\/span>\n","protected":false},"excerpt":{"rendered":"<p>K\u00f6t\u00fc mali y\u00f6netim sonucu kul\u00fcb\u00fc kendisine milyonlarca dolar bor\u00e7land\u0131ran Be\u015fikta\u015f Ba\u015fkan\u0131 Y\u0131ld\u0131r\u0131m Demir\u00f6ren&#8217;e rakip geldi! Be\u015fikta\u015f&#8217;\u0131n alacakl\u0131lar\u0131 aras\u0131na taze y\u00f6netici Serdal Adal\u0131 da eklendi!<\/p>\n","protected":false},"author":4,"featured_media":191314,"comment_status":"open","ping_status":"open","sticky":false,"template":"","format":"standard","meta":{"_acf_changed":false,"footnotes":""},"categories":[6774,5005,6194],"tags":[1748,32133,13298,13300,32137,26415,2269],"class_list":["post-29172","post","type-post","status-publish","format-standard","has-post-thumbnail","hentry","category-futbol","category-manset","category-spor","tag-besiktas","tag-besiktas-2010-borcu","tag-besiktas-divan-kurulu","tag-besiktas-divan-kurulu-toplantisi","tag-feyyaz-tuncel","tag-serdal-adali","tag-yildirim-demiroren"],"acf":[],"_links":{"self":[{"href":"https:\/\/www.nationalturk.com\/tr\/wp-json\/wp\/v2\/posts\/29172","targetHints":{"allow":["GET"]}}],"collection":[{"href":"https:\/\/www.nationalturk.com\/tr\/wp-json\/wp\/v2\/posts"}],"about":[{"href":"https:\/\/www.nationalturk.com\/tr\/wp-json\/wp\/v2\/types\/post"}],"author":[{"embeddable":true,"href":"https:\/\/www.nationalturk.com\/tr\/wp-json\/wp\/v2\/users\/4"}],"replies":[{"embeddable":true,"href":"https:\/\/www.nationalturk.com\/tr\/wp-json\/wp\/v2\/comments?post=29172"}],"version-history":[{"count":0,"href":"https:\/\/www.nationalturk.com\/tr\/wp-json\/wp\/v2\/posts\/29172\/revisions"}],"wp:featuredmedia":[{"embeddable":true,"href":"https:\/\/www.nationalturk.com\/tr\/wp-json\/wp\/v2\/media\/191314"}],"wp:attachment":[{"href":"https:\/\/www.nationalturk.com\/tr\/wp-json\/wp\/v2\/media?parent=29172"}],"wp:term":[{"taxonomy":"category","embeddable":true,"href":"https:\/\/www.nationalturk.com\/tr\/wp-json\/wp\/v2\/categories?post=29172"},{"taxonomy":"post_tag","embeddable":true,"href":"https:\/\/www.nationalturk.com\/tr\/wp-json\/wp\/v2\/tags?post=29172"}],"curies":[{"name":"wp","href":"https:\/\/api.w.org\/{rel}","templated":true}]}}