{"id":292835,"date":"2022-09-07T10:36:25","date_gmt":"2022-09-07T07:36:25","guid":{"rendered":"https:\/\/www.nationalturk.com\/tr\/?p=292835"},"modified":"2022-09-20T21:12:40","modified_gmt":"2022-09-20T18:12:40","slug":"sanatci-gulsen-omer-celik-suc-duyurusu","status":"publish","type":"post","link":"https:\/\/www.nationalturk.com\/tr\/sanatci-gulsen-omer-celik-suc-duyurusu\/","title":{"rendered":"Sanat\u00e7\u0131 G\u00fcl\u015fen&#8217;den &#8216;Katli vaciptir&#8217; s\u00f6zlerine su\u00e7 duyurusu"},"content":{"rendered":"<h2>Sanat\u00e7\u0131 G\u00fcl\u015fen, Yeniden Refah Partisi Ka\u011f\u0131thane \u0130l\u00e7e Ba\u015fkan\u0131 \u00d6mer Y\u0131ld\u0131z hakk\u0131nda su\u00e7 duyurusunda bulundu.<\/h2>\n<p>\u0130mam hatip liseliler hakk\u0131nda d\u00f6rt aydan uzun s\u00fcre \u00f6nce yapt\u0131\u011f\u0131 bir \u015faka nedeniyle tutuklan\u0131p ev hapsi \u015fart\u0131yla tahliye edilen m\u00fczisyen G\u00fcl\u015fen, kendisi hakk\u0131nda &#8220;Bu kad\u0131n\u0131n katli vaciptir. G\u00fcl\u015fen Tutuklans\u0131n&#8221; payla\u015f\u0131m\u0131 yapan Yeniden Refah Partisi Ka\u011f\u0131thane \u0130l\u00e7e Ba\u015fkan\u0131 \u00d6mer Y\u0131ld\u0131z hakk\u0131nda su\u00e7 duyurusunda bulundu.<\/p>\n<p>HalkTV&#8217;nin \u00f6zel haberine g\u00f6re, G\u00fcl\u015fen&#8217;in avukat\u0131 Emre Emek \u0130stanbul Cumhuriyet Ba\u015fsavc\u0131l\u0131\u011f\u0131&#8217;na su\u00e7 duyurusunda bulundu. Su\u00e7 duyurusunda bulunan sanat\u00e7\u0131 Y\u0131ld\u0131z i\u00e7in &#8220;anayasay\u0131 ihlal&#8221;, &#8220;halk\u0131 kin ve d\u00fc\u015fmanl\u0131\u011fa tahrik&#8221;, &#8220;halk aras\u0131nda korku ve panik yaymak amac\u0131yla tehdit&#8221;, &#8220;su\u00e7 i\u015flemeye tahrik&#8221; ve resen takdir edilecek su\u00e7lar\u0131 sebebiyle soru\u015fturma ba\u015flat\u0131lmas\u0131 ve iddianame d\u00fczenlenmesi talep edildi.<br \/>\nY\u0131ld\u0131z, gelen tepkiler sonras\u0131 payla\u015f\u0131m\u0131n\u0131 silmi\u015fti.<\/p>\n<h3>G\u00fcl\u015fen , 21 Ekim&#8217;de hakim kar\u015f\u0131s\u0131na \u00e7\u0131kacak.<\/h3>\n<p>G\u00fcl\u015fen hakk\u0131nda 30 Nisan&#8217;daki imam hatiplilere y\u00f6nelik s\u00f6zleri nedeniyle ba\u015flat\u0131lan soru\u015fturma nedeniyle \u0130stanbul 11. Asliye Ceza Mahkemesinin iddianameyi kabul etmesinin ard\u0131ndan G\u00fcl\u015fen, 21 Ekim&#8217;de hakim kar\u015f\u0131s\u0131na \u00e7\u0131kacak.<br \/>\n<a title=\"ABD G\u00fcl\u015fen a\u00e7\u0131klamas\u0131\" href=\"https:\/\/www.nationalturk.com\/haberler\/abd-sarkici-gulsen-aciklamasi\/\" target=\"_blank\" rel=\"noopener\">ABD D\u0131\u015fi\u015fleri\u2019nden G\u00fcl\u015fen a\u00e7\u0131klamas\u0131: T\u00fcrkiye\u2019yi ifade \u00f6zg\u00fcrl\u00fc\u011f\u00fcne sayg\u0131 duymaya \u00e7a\u011f\u0131r\u0131yoruz.\u00a0<\/a><\/p>\n<blockquote class=\"wp-embedded-content\" data-secret=\"WDq6aFpc6Z\"><p><a href=\"https:\/\/www.nationalturk.com\/tr\/turkiye-sarkici-gulsen-gozaltina-alindi\/\">T\u00fcrkiye: \u015eark\u0131c\u0131 G\u00fcl\u015fen g\u00f6zalt\u0131na al\u0131nd\u0131!<\/a><\/p><\/blockquote>\n<p><iframe loading=\"lazy\" class=\"wp-embedded-content\" sandbox=\"allow-scripts\" security=\"restricted\" style=\"position: absolute; clip: rect(1px, 1px, 1px, 1px);\" title=\"&#8220;T\u00fcrkiye: \u015eark\u0131c\u0131 G\u00fcl\u015fen g\u00f6zalt\u0131na al\u0131nd\u0131!&#8221; &#8212; NationalTurk\" src=\"https:\/\/www.nationalturk.com\/tr\/turkiye-sarkici-gulsen-gozaltina-alindi\/embed\/#?secret=Wj0kqLGYqU#?secret=WDq6aFpc6Z\" data-secret=\"WDq6aFpc6Z\" width=\"500\" height=\"282\" frameborder=\"0\" marginwidth=\"0\" marginheight=\"0\" scrolling=\"no\"><\/iframe><\/p>\n","protected":false},"excerpt":{"rendered":"<p>Sanat\u00e7\u0131 G\u00fcl\u015fen, Yeniden Refah Partisi Ka\u011f\u0131thane \u0130l\u00e7e Ba\u015fkan\u0131 \u00d6mer Y\u0131ld\u0131z hakk\u0131nda su\u00e7 duyurusunda bulundu. \u0130mam hatip liseliler hakk\u0131nda d\u00f6rt aydan uzun s\u00fcre \u00f6nce yapt\u0131\u011f\u0131 bir \u015faka nedeniyle tutuklan\u0131p ev hapsi \u015fart\u0131yla tahliye edilen m\u00fczisyen G\u00fcl\u015fen, kendisi hakk\u0131nda &#8220;Bu kad\u0131n\u0131n katli vaciptir. G\u00fcl\u015fen Tutuklans\u0131n&#8221; payla\u015f\u0131m\u0131 yapan Yeniden Refah Partisi Ka\u011f\u0131thane \u0130l\u00e7e Ba\u015fkan\u0131 \u00d6mer Y\u0131ld\u0131z hakk\u0131nda su\u00e7 &hellip;<\/p>\n","protected":false},"author":6,"featured_media":291601,"comment_status":"open","ping_status":"closed","sticky":false,"template":"","format":"standard","meta":{"_acf_changed":false,"footnotes":""},"categories":[6805],"tags":[203637,188064],"class_list":["post-292835","post","type-post","status-publish","format-standard","has-post-thumbnail","hentry","category-turkiye","tag-gulsen","tag-suc-duyurusu"],"acf":[],"_links":{"self":[{"href":"https:\/\/www.nationalturk.com\/tr\/wp-json\/wp\/v2\/posts\/292835","targetHints":{"allow":["GET"]}}],"collection":[{"href":"https:\/\/www.nationalturk.com\/tr\/wp-json\/wp\/v2\/posts"}],"about":[{"href":"https:\/\/www.nationalturk.com\/tr\/wp-json\/wp\/v2\/types\/post"}],"author":[{"embeddable":true,"href":"https:\/\/www.nationalturk.com\/tr\/wp-json\/wp\/v2\/users\/6"}],"replies":[{"embeddable":true,"href":"https:\/\/www.nationalturk.com\/tr\/wp-json\/wp\/v2\/comments?post=292835"}],"version-history":[{"count":0,"href":"https:\/\/www.nationalturk.com\/tr\/wp-json\/wp\/v2\/posts\/292835\/revisions"}],"wp:featuredmedia":[{"embeddable":true,"href":"https:\/\/www.nationalturk.com\/tr\/wp-json\/wp\/v2\/media\/291601"}],"wp:attachment":[{"href":"https:\/\/www.nationalturk.com\/tr\/wp-json\/wp\/v2\/media?parent=292835"}],"wp:term":[{"taxonomy":"category","embeddable":true,"href":"https:\/\/www.nationalturk.com\/tr\/wp-json\/wp\/v2\/categories?post=292835"},{"taxonomy":"post_tag","embeddable":true,"href":"https:\/\/www.nationalturk.com\/tr\/wp-json\/wp\/v2\/tags?post=292835"}],"curies":[{"name":"wp","href":"https:\/\/api.w.org\/{rel}","templated":true}]}}