{"id":297006,"date":"2022-09-09T21:52:05","date_gmt":"2022-09-09T18:52:05","guid":{"rendered":"https:\/\/www.nationalturk.com\/tr\/?p=297006"},"modified":"2022-09-20T22:28:19","modified_gmt":"2022-09-20T19:28:19","slug":"avrupa-universiteler-kurek-sampiyonasinin-acilis-toreni-istanbulda-gerceklesti","status":"publish","type":"post","link":"https:\/\/www.nationalturk.com\/tr\/avrupa-universiteler-kurek-sampiyonasinin-acilis-toreni-istanbulda-gerceklesti\/","title":{"rendered":"Avrupa \u00dcniversiteler K\u00fcrek \u015eampiyonas\u0131\u2019n\u0131n A\u00e7\u0131l\u0131\u015f T\u00f6reni \u0130stanbul\u2019da Ger\u00e7ekle\u015fti"},"content":{"rendered":"<p>Yeditepe \u00dcniversitesi, \u0130nan K\u0131ra\u00e7 Salonu\u2019nda ger\u00e7ekle\u015fen Avrupa \u00dcniversiteler K\u00fcrek \u015eampiyonas\u0131 a\u00e7\u0131l\u0131\u015f\u0131na EUSA Ba\u015fkan\u0131 Adam Roczek, T\u00fcrkiye \u00dcniversite Sporlar\u0131 Federasyonu Ba\u015fkan\u0131 Prof. Dr. Mehmet G\u00fcnay, Yeditepe \u00dcniversitesi Onursal Ba\u015fkan\u0131 Bedrettin Dalan, Yeditepe \u00dcniversitesi Rekt\u00f6r\u00fc Prof. Dr. Canan Aykut Bing\u00f6l ve \u00e7ok say\u0131da davetli kat\u0131ld\u0131.<\/p>\n<p>Saat 20.00\u2019de ba\u015flayan a\u00e7\u0131l\u0131\u015f t\u00f6reni, 500\u2019den fazla sporcunun bayrakl\u0131 ge\u00e7i\u015fi ile ba\u015flad\u0131. \u015eampiyonada yar\u0131\u015facak tak\u0131mlar ayr\u0131ca \u00fcniversitelerini temsil eden pankartlar da ta\u015f\u0131d\u0131. T\u00f6ren, sayg\u0131 duru\u015fu ve \u0130stiklal Mar\u015f\u0131\u2019n\u0131n ard\u0131ndan, \u0130stanbul ve Hali\u00e7\u2019in tan\u0131t\u0131ld\u0131\u011f\u0131 k\u0131sa bir tan\u0131t\u0131m filmi, Yeditepe \u00dcniversitesi \u00d6\u011frenci Kul\u00fcpleri taraf\u0131ndan sergilenen \u00e7e\u015fitli dans, m\u00fczik ve folklor etkinlikleriyle devam etti.<\/p>\n<p>AVRUPA \u00dcN\u0130VERS\u0130TE OYUNLARI T\u00dcRK\u0130YE\u2019DE GER\u00c7EKLE\u015e\u0130RSE MUTLU OLURUM<br \/>\n<a title=\"EUSA\" href=\"https:\/\/www.eusa.eu\/\" target=\"_blank\" rel=\"noopener\">EUSA<\/a> Ba\u015fkan\u0131 Rozcek organizasyonla ilgili yapt\u0131\u011f\u0131 a\u00e7\u0131l\u0131\u015f konu\u015fmas\u0131nda, \u201c\u00d6ncelikle \u0130stanbul\u2019da olma f\u0131rsat\u0131n\u0131 ya\u015fad\u0131\u011f\u0131m\u0131z ve Hali\u00e7\u2019te yar\u0131\u015f\u0131n ger\u00e7ekle\u015fecek olmas\u0131ndan dolay\u0131 \u00e7ok mutluyuz. Genellikle T\u00fcrkiye\u2019de organizasyonlar g\u00fczel ge\u00e7iyor, bu organizasyon da buna bir \u00f6rnek. Hava \u015fartlar\u0131 d\u0131\u015f\u0131nda her \u015fey harika i\u015fliyor. Hava muhalefeti nedeniyle bug\u00fcnk\u00fc yar\u0131\u015flar\u0131 yar\u0131na erteledik. M\u00fcthi\u015f bir a\u00e7\u0131l\u0131\u015f ger\u00e7ekle\u015ftirildi, \u00fcniversitenin yetenekli \u00f6\u011frencilerini de tebrik ediyorum. Gelecekte Avrupa \u00dcniversite Oyunlar\u0131 T\u00fcrkiye\u2019de ger\u00e7ekle\u015firse \u00e7ok mutlu olurum\u201d dedi.<br \/>\nEUSA Ba\u015fkan\u0131 Adam Roczek\u2019e t\u00f6ren s\u0131ras\u0131nda \u00fcniversite taraf\u0131ndan plaket takdim edildi.<\/p>\n<p>T\u00f6rende konu\u015fan Yeditepe \u00dcniversitesi Onursal Ba\u015fkan\u0131 ve Eski \u0130stanbul B\u00fcy\u00fck\u015fehir Belediyesi Ba\u015fkan\u0131 Bedrettin Dalan da, \u00fcniversiteli gen\u00e7leri selamlayarak \u201cBu etkinlik sizlerden \u00f6nce, Oxford, Cambridge ve Bo\u011fazi\u00e7i \u00dcniversitesi\u2019yle ba\u015flam\u0131\u015ft\u0131. Hali\u00e7\u2019te yar\u0131\u015fm\u0131\u015flard\u0131. O zaman ba\u015flayan bu giri\u015fimin, arkada\u015fl\u0131k ve rekabetin bug\u00fcn bu hale, bu \u015fampiyona haline gelmesi mutluluk verici. Buraya sadece bir spor kar\u015f\u0131la\u015fmas\u0131 i\u00e7in de\u011fil, daha \u00f6nemlisi birlikte olmak ve birbirimizi anlamak, arkada\u015fl\u0131klar kurmak ve d\u00fcnyay\u0131 iyile\u015ftirmek daha iyi bir hale getirmek i\u00e7in de birliktesiniz. Umar\u0131m \u0130stanbul\u2019da ve \u00fcniversitemizde sa\u011fl\u0131kl\u0131, mutlu ve konforlu bir \u015fekilde kal\u0131rs\u0131n\u0131z.\u201d dedi.<\/p>\n<p>\u201c\u015eAMP\u0130YONAYA EV SAH\u0130PL\u0130\u011e\u0130 YAPMAK ONUR VER\u0130C\u0130\u201d<\/p>\n<p>Yeditepe \u00dcniversitesi Rekt\u00f6r\u00fc Prof. Dr. Canan Aykut Bing\u00f6l de, \u201c\u00c7ok mutluyuz ve gururluyuz, Avrupa K\u00fcrek \u015eampiyonas\u0131n\u0131n ev sahipli\u011fini yapmak ger\u00e7ekten bizi \u00e7ok onurland\u0131rd\u0131. 500\u2019\u00fcn \u00fczerinde kat\u0131l\u0131mc\u0131 kamp\u00fcs\u00fcm\u00fczde konakl\u0131yor, b\u00fct\u00fcn organizasyonda onlar\u0131n en iyi \u015fekilde yar\u0131\u015fmas\u0131 i\u00e7in elimizden geleni yapt\u0131k. Eski \u0130BB Ba\u015fkan\u0131m\u0131z Bedrettin Dalan, Hali\u00e7\u2019i temizleyen ki\u015fi ve bu yar\u0131\u015flar\u0131 ilk kez Oxford, Cambridge ve Bo\u011fazi\u00e7i olarak ba\u015flatan ki\u015fi. 3 \u00fcniversiteyle ba\u015flayan yar\u0131\u015flara, \u015fimdi 73 \u00fcniversiteyle, 500 ki\u015fiden fazla kat\u0131l\u0131mc\u0131yla ve Avrupa \u015eampiyonas\u0131 olarak ev sahipli\u011fi yapt\u0131k, gen\u00e7lerimize destek olabildiysek \u00e7ok mutluyuz\u201d \u015feklinde de\u011ferlendirdi.<\/p>\n<p>\u0130STANBUL, TAR\u0130H\u0130 EN DER\u0130N \u015eEH\u0130RLERDEN B\u0130R\u0130<\/p>\n<p>T\u00f6ren bitiminde \u015fampiyonaya kat\u0131lacak sporcular da a\u00e7\u0131klama yapt\u0131. \u015eampiyonada Oxford \u00dcniversitesi\u2019ni temsilen yar\u0131\u015facak olan \u0130ngiliz Mathew Hudson, \u201cTarihi en derin \u015fehirlerden biri olan \u0130stanbul\u2019da yar\u0131\u015faca\u011f\u0131m i\u00e7in \u00e7ok mutluyum, a\u00e7\u0131l\u0131\u015f t\u00f6reni harikayd\u0131. Yar\u0131n k\u00fcrek \u00e7ekece\u011fiz, cuma g\u00fcn\u00fc ise finalde olaca\u011f\u0131z\u201d dedi. Imperial College London ad\u0131na yar\u0131\u015facak bir di\u011fer \u0130ngiliz sporcu Milford Killian-Dawson, \u201c\u0130stanbul muhte\u015fem bir \u015fehir, daha \u00f6nce gelmi\u015ftim, tekrar d\u00f6nmek benim i\u00e7in \u00e7ok g\u00fczel. B\u00fct\u00fcn tak\u0131m \u015fehri \u00e7ok be\u011fendi. \u00d6zellikle Hali\u00e7\u2019i \u00e7ok be\u011fendik. M\u00fcsabakalar inan\u0131lmaz olacak\u201d diye konu\u015ftu.<\/p>\n<p>Yar\u0131\u015fmak i\u00e7in \u0130svi\u00e7re, Z\u00fcrih Federal Teknoloji Enstit\u00fcs\u00fc\u2019nden geldi\u011fini belirten Jan Egli \u201cBurada g\u00f6n\u00fcll\u00fcler bize yard\u0131mc\u0131 oluyorlar hem \u00e7evirmenlik yap\u0131yorlar hem \u015fehirde, \u015fehrin insanlar\u0131yla tan\u0131\u015ft\u0131r\u0131yorlar, bu \u00e7ok g\u00fczel. Burada kamp\u00fcste kal\u0131yoruz, orman\u0131n i\u00e7inde, bu ortam\u0131 \u00e7ok sevdik\u201d diye konu\u015ftu.<br \/>\nYar\u0131\u015fmaya Yeditepe \u00dcniversitesi ad\u0131na kat\u0131lan Elis \u00d6zbay ise \u2018Yeditepe \u00dcniversitesi spora ve sporcuya \u00e7ok de\u011fer veren bir kurum. Avrupa \u015eampiyonas\u0131na ev sahipli\u011fi yapmak ve Yeditepe ad\u0131na yar\u0131\u015fmak benim i\u00e7in b\u00fcy\u00fck bir gurur. Tarihi ve k\u00fclt\u00fcrel a\u00e7\u0131dan b\u00fcy\u00fck bir de\u011fere sahip olan Hali\u00e7\u2019te yar\u0131\u015fmak, Avrupa\u2019dan gelen misafirlerimiz i\u00e7in de \u00e7ok heyecan verici\u2019 dedi<\/p>\n<p>Karlsruhe Instute of Technology ad\u0131na yar\u0131\u015facak olan ve heyecanl\u0131 oldu\u011funu belirten Adrian Elter ise \u201cBurada olmak harika bir f\u0131rsat, \u0130stanbul\u2019u ziyaret etmek g\u00fczel, Hali\u00e7\u2019te k\u00fcrek \u00e7ekmi\u015f olmak hayat\u0131m boyunca g\u00fczel bir f\u0131rsat olarak kalacak. Hava k\u00f6t\u00fcyd\u00fc, yar\u0131\u015f\u0131labilecek gibi de\u011fildi fakat \u015fu an yar\u0131\u015f\u0131labilir durumda oldu\u011fu i\u00e7in yar\u0131\u015fma i\u00e7in \u00e7ok heyecanl\u0131y\u0131m\u201d dedi.<\/p>\n<p>\u015eampiyona 7-9 Eyl\u00fcl aras\u0131nda Hali\u00e7\u2019te ger\u00e7ekle\u015ftirilecek. Kad\u0131n ve erkek olarak, bir\u00e7ok farkl\u0131 kategoride ger\u00e7ekle\u015fecek yar\u0131\u015flar sonras\u0131nda madalyalar sahiplerini bulacak. \u015eampiyonaya T\u00fcrkiye\u2019den de bir\u00e7ok \u00fcniversitenin k\u00fcrek tak\u0131m\u0131 kat\u0131lacak. \u015eampiyonan\u0131n kapan\u0131\u015f t\u00f6reni 9 Eyl\u00fcl Cuma g\u00fcn\u00fc ger\u00e7ekle\u015fecek.<\/p>\n<p><iframe loading=\"lazy\" title=\"YouTube video player\" src=\"https:\/\/www.youtube.com\/embed\/Un1iSmC0qrA\" width=\"560\" height=\"315\" frameborder=\"0\" allowfullscreen=\"allowfullscreen\"><\/iframe><\/p>\n","protected":false},"excerpt":{"rendered":"<p>Yeditepe \u00dcniversitesi, \u0130nan K\u0131ra\u00e7 Salonu\u2019nda ger\u00e7ekle\u015fen Avrupa \u00dcniversiteler K\u00fcrek \u015eampiyonas\u0131 a\u00e7\u0131l\u0131\u015f\u0131na EUSA Ba\u015fkan\u0131 Adam Roczek, T\u00fcrkiye \u00dcniversite Sporlar\u0131 Federasyonu Ba\u015fkan\u0131 Prof. Dr. Mehmet G\u00fcnay, Yeditepe \u00dcniversitesi Onursal Ba\u015fkan\u0131 Bedrettin Dalan, Yeditepe \u00dcniversitesi Rekt\u00f6r\u00fc Prof. Dr. Canan Aykut Bing\u00f6l ve \u00e7ok say\u0131da davetli kat\u0131ld\u0131. Saat 20.00\u2019de ba\u015flayan a\u00e7\u0131l\u0131\u015f t\u00f6reni, 500\u2019den fazla sporcunun bayrakl\u0131 ge\u00e7i\u015fi ile ba\u015flad\u0131. &hellip;<\/p>\n","protected":false},"author":6,"featured_media":297007,"comment_status":"open","ping_status":"closed","sticky":false,"template":"","format":"standard","meta":{"_acf_changed":false,"footnotes":""},"categories":[6777,772],"tags":[42778,106728],"class_list":["post-297006","post","type-post","status-publish","format-standard","has-post-thumbnail","hentry","category-su-sporlari","category-sadece-nationalturk-de","tag-bedrettin-dalan","tag-eusa"],"acf":[],"_links":{"self":[{"href":"https:\/\/www.nationalturk.com\/tr\/wp-json\/wp\/v2\/posts\/297006","targetHints":{"allow":["GET"]}}],"collection":[{"href":"https:\/\/www.nationalturk.com\/tr\/wp-json\/wp\/v2\/posts"}],"about":[{"href":"https:\/\/www.nationalturk.com\/tr\/wp-json\/wp\/v2\/types\/post"}],"author":[{"embeddable":true,"href":"https:\/\/www.nationalturk.com\/tr\/wp-json\/wp\/v2\/users\/6"}],"replies":[{"embeddable":true,"href":"https:\/\/www.nationalturk.com\/tr\/wp-json\/wp\/v2\/comments?post=297006"}],"version-history":[{"count":0,"href":"https:\/\/www.nationalturk.com\/tr\/wp-json\/wp\/v2\/posts\/297006\/revisions"}],"wp:featuredmedia":[{"embeddable":true,"href":"https:\/\/www.nationalturk.com\/tr\/wp-json\/wp\/v2\/media\/297007"}],"wp:attachment":[{"href":"https:\/\/www.nationalturk.com\/tr\/wp-json\/wp\/v2\/media?parent=297006"}],"wp:term":[{"taxonomy":"category","embeddable":true,"href":"https:\/\/www.nationalturk.com\/tr\/wp-json\/wp\/v2\/categories?post=297006"},{"taxonomy":"post_tag","embeddable":true,"href":"https:\/\/www.nationalturk.com\/tr\/wp-json\/wp\/v2\/tags?post=297006"}],"curies":[{"name":"wp","href":"https:\/\/api.w.org\/{rel}","templated":true}]}}