{"id":29702,"date":"2010-06-25T12:07:39","date_gmt":"2010-06-25T10:07:39","guid":{"rendered":"http:\/\/www.nationalturk.com\/?p=29702"},"modified":"2022-09-17T16:41:44","modified_gmt":"2022-09-17T13:41:44","slug":"maalesef-hergun-oluyoruz","status":"publish","type":"post","link":"https:\/\/www.nationalturk.com\/tr\/maalesef-hergun-oluyoruz\/","title":{"rendered":"AB yolunda, Maalesef herg\u00fcn \u00f6l\u00fcyoruz"},"content":{"rendered":"<p><strong><a href=\"http:\/\/www.nationalturk.com\/tr\/wp-content\/uploads\/2010\/06\/sinan-adiguzel.jpg\"><img loading=\"lazy\" decoding=\"async\" class=\"alignleft size-full wp-image-30039\" title=\"Sinan Ad\u0131g\u00fczel\" src=\"http:\/\/www.nationalturk.com\/tr\/wp-content\/uploads\/2010\/06\/sinan-adiguzel.jpg\" alt=\"\" width=\"88\" height=\"115\"><\/a>Maalesef, \u00e7eyrek y\u00fczy\u0131ld\u0131r, halk\u0131m\u0131z\u0131n on binlerle ifade edilebilecek say\u0131da evlad\u0131, \u00f6l\u00fcyor ve \u00f6lmeye de, devam ediyor.<\/strong><\/p>\n<p>Hepsine Allah rahmet eylesin ve ac\u0131l\u0131 ailelerine de, yine Allah sab\u0131r ve dayanma g\u00fcc\u00fc versin\u2026<\/p>\n<p>Her g\u00fcn \u00f6l\u00fcm, her g\u00fcn kan ve maalesef, art\u0131k y\u00fcre\u011fimiz kald\u0131ram\u0131yor, bunca ac\u0131 ve g\u00f6zya\u015f\u0131n\u0131\u2026<\/p>\n<p>Bu, \u00e7\u00f6z\u00fcms\u00fczl\u00fckten beslenip boy salan, s\u00fcr\u00fcn cem de ki, tarifsiz ac\u0131lar\u0131m\u0131z, maalesef, izahtan yoksundur.<\/p>\n<p>Bu yara, \u00fclkemizin geli\u015fimi \u00f6n\u00fcndeki, en b\u00fcy\u00fck kangren ve en \u00f6nemli engeldir.<\/p>\n<p>Ve \u015fu da unutulmamal\u0131d\u0131r ki, maalesef, bu uzun s\u00fcre\u00e7 boyunca, her anlamda, her \u015fey ama her \u015fey, sadece bizden g\u00f6t\u00fcrmektedir. Yani, t\u00fcm bu olan biten her \u015feyin, tek kaybedeni, maalesef yine bizleriz.<\/p>\n<p>Birka\u00e7 g\u00fcnd\u00fcr, koca, koca devlet adamlar\u0131m\u0131z\u0131n ve her y\u00f6reden ayd\u0131nlar\u0131m\u0131z\u0131n vb. bu i\u015fi do\u011fru alg\u0131lay\u0131p, do\u011fru re\u00e7eteler sunmaktaki aczi de, bu i\u015fin gelece\u011fi ile ilgili olarak, \u00fcmitsizli\u011fimizi hepten katlamaktad\u0131r.<\/p>\n<p>\u00c7eyrek y\u00fczy\u0131ld\u0131r s\u00fcr\u00fcp giden bu \u00e7\u00f6z\u00fcms\u00fczl\u00fck buhran\u0131 ve beraberindeki kan ve \u015fiddet, et ve t\u0131rnak misali olmu\u015f, \u00fclkemizdeki zengin \u00e7e\u015fitlili\u011fin, zedelenmesinde ki, en \u00f6nemli fay hatt\u0131d\u0131r, ayn\u0131 zamanda.<\/p>\n<p>Yaln\u0131z, bu olduk\u00e7a uzun seyreden, \u00e7\u00f6z\u00fcms\u00fczl\u00fck s\u00fcresince, bu \u00fclkede, bu i\u015fin \u00e7\u00f6z\u00fcms\u00fczl\u00fc\u011f\u00fcne, g\u00f6z yummu\u015f bulunan, bu g\u00fcne kadar gelmi\u015f ge\u00e7mi\u015f, t\u00fcm mevkililerin, bu i\u015fte vebalinin olaca\u011f\u0131n\u0131 da, tarih, yeri ve zaman\u0131 geldi\u011finde, ortaya koyacakt\u0131r.<\/p>\n<p>Burada, g\u00f6z ard\u0131 edilmemesi gereken, en \u00f6nemli etkenlerden biri, art\u0131k hakk\u0131yla, do\u011fru a\u00e7\u0131l\u0131m re\u00e7etelerinin, yine hakk\u0131yla, bir an \u00f6nce olu\u015fturulmaya \u00e7al\u0131\u015f\u0131lmas\u0131d\u0131r. Ve yine, bu y\u00f6ndeki samimiyette, g\u00f6z ard\u0131 edilmeden.<\/p>\n<p>Yine, \u00e7ok \u00f6nemli bir di\u011fer etkende, \u00fclkemizin, her anlamda, AB yolundaki t\u00fcm reform ve iyile\u015fmelerinin, yine hakk\u0131yla ve firesiz tamamlamas\u0131n\u0131n, her a\u00e7\u0131dan, t\u00fcm \u00fclkemiz problemlerinin \u00e7\u00f6z\u00fcm\u00fcne, ola\u011fan\u00fcst\u00fc katk\u0131 sa\u011flayaca\u011f\u0131d\u0131r.<\/p>\n<p>Yani do\u011fru olan, hi\u00e7bir demokratik iyile\u015fmeden, geri ad\u0131m at\u0131lmamal\u0131d\u0131r\u2026<\/p>\n<p>Hadi hay\u0131rl\u0131s\u0131\u2026<\/p>\n<p><strong>Sinan Ad\u0131g\u00fczel<\/strong><\/p>\n","protected":false},"excerpt":{"rendered":"<p>Maalesef, \u00e7eyrek y\u00fczy\u0131ld\u0131r, halk\u0131m\u0131z\u0131n on binlerle ifade edilebilecek say\u0131da evlad\u0131, \u00f6l\u00fcyor ve \u00f6lmeye de, devam ediyor. Hepsine Allah rahmet eylesin ve ac\u0131l\u0131 ailelerine de, yine Allah sab\u0131r ve dayanma g\u00fcc\u00fc versin\u2026 Her g\u00fcn \u00f6l\u00fcm, her g\u00fcn kan ve maalesef, art\u0131k y\u00fcre\u011fimiz kald\u0131ram\u0131yor, bunca ac\u0131 ve g\u00f6zya\u015f\u0131n\u0131\u2026 Bu, \u00e7\u00f6z\u00fcms\u00fczl\u00fckten beslenip boy salan, s\u00fcr\u00fcn cem de ki, &hellip;<\/p>\n","protected":false},"author":9192217,"featured_media":290398,"comment_status":"open","ping_status":"open","sticky":false,"template":"","format":"standard","meta":{"_acf_changed":false,"footnotes":""},"categories":[6155,6202],"tags":[33009,5592,11097,32091,32536,195998,26866,33011,26867,33012,33010],"class_list":["post-29702","post","type-post","status-publish","format-standard","has-post-thumbnail","hentry","category-gundem","category-politika","tag-maalesef-hergun-oluyoruz","tag-pkk","tag-pkk-saldirilari","tag-sehit-aileleri","tag-sehitler","tag-sinan-adiguzel","tag-sinan-adiguzel-kimdir","tag-sinan-adiguzel-sehitler-yazisi","tag-sinan-adiguzel-yazilari","tag-turkiye-pkk-saldirisi","tag-turkiye-sehitler"],"acf":[],"_links":{"self":[{"href":"https:\/\/www.nationalturk.com\/tr\/wp-json\/wp\/v2\/posts\/29702","targetHints":{"allow":["GET"]}}],"collection":[{"href":"https:\/\/www.nationalturk.com\/tr\/wp-json\/wp\/v2\/posts"}],"about":[{"href":"https:\/\/www.nationalturk.com\/tr\/wp-json\/wp\/v2\/types\/post"}],"author":[{"embeddable":true,"href":"https:\/\/www.nationalturk.com\/tr\/wp-json\/wp\/v2\/users\/9192217"}],"replies":[{"embeddable":true,"href":"https:\/\/www.nationalturk.com\/tr\/wp-json\/wp\/v2\/comments?post=29702"}],"version-history":[{"count":0,"href":"https:\/\/www.nationalturk.com\/tr\/wp-json\/wp\/v2\/posts\/29702\/revisions"}],"wp:featuredmedia":[{"embeddable":true,"href":"https:\/\/www.nationalturk.com\/tr\/wp-json\/wp\/v2\/media\/290398"}],"wp:attachment":[{"href":"https:\/\/www.nationalturk.com\/tr\/wp-json\/wp\/v2\/media?parent=29702"}],"wp:term":[{"taxonomy":"category","embeddable":true,"href":"https:\/\/www.nationalturk.com\/tr\/wp-json\/wp\/v2\/categories?post=29702"},{"taxonomy":"post_tag","embeddable":true,"href":"https:\/\/www.nationalturk.com\/tr\/wp-json\/wp\/v2\/tags?post=29702"}],"curies":[{"name":"wp","href":"https:\/\/api.w.org\/{rel}","templated":true}]}}