{"id":29712,"date":"2010-06-23T17:50:38","date_gmt":"2010-06-23T15:50:38","guid":{"rendered":"http:\/\/www.nationalturk.com\/?p=29712"},"modified":"2010-06-23T17:50:38","modified_gmt":"2010-06-23T15:50:38","slug":"fenerbahce-trabzonspor-maci-olaylar-6-kisi-tekrar-gozaltiina-alindi-3097681","status":"publish","type":"post","link":"https:\/\/www.nationalturk.com\/tr\/fenerbahce-trabzonspor-maci-olaylar-6-kisi-tekrar-gozaltiina-alindi-3097681\/","title":{"rendered":"Fenerbah\u00e7e-Trabzonspor ma\u00e7\u0131nda olaylara kar\u0131\u015fan 6 ki\u015fi tekrar g\u00f6zalt\u0131na al\u0131nd\u0131"},"content":{"rendered":"<p><strong><a href=\"http:\/\/www.nationalturk.com\/tr\/wp-content\/uploads\/2010\/06\/fbstatyangin3.nationalturk.jpg\"><img loading=\"lazy\" decoding=\"async\" class=\"alignleft size-medium wp-image-29723\" title=\"F.B Stat Yang\u0131n.nationalturk\" src=\"http:\/\/www.nationalturk.com\/tr\/wp-content\/uploads\/2010\/06\/fbstatyangin3.nationalturk-e1277308058254-280x140.jpg\" alt=\"\" width=\"280\" height=\"140\" srcset=\"https:\/\/www.nationalturk.com\/tr\/wp-content\/uploads\/2010\/06\/fbstatyangin3.nationalturk-e1277308058254-280x140.jpg 280w, https:\/\/www.nationalturk.com\/tr\/wp-content\/uploads\/2010\/06\/fbstatyangin3.nationalturk-e1277308058254.jpg 460w\" sizes=\"auto, (max-width: 280px) 100vw, 280px\" \/><\/a>Fenerbah\u00e7e-Trabzonspor ma\u00e7\u0131 sonras\u0131 \u00e7\u0131kan olaylara kar\u0131\u015ft\u0131klar\u0131 iddias\u0131yla g\u00f6zalt\u0131na al\u0131n\u0131p mahkemede serbest b\u0131rak\u0131lan 6 ki\u015fi, tekrar g\u00f6zalt\u0131na al\u0131nd\u0131<\/strong><\/p>\n<p>Ma\u00e7 sonras\u0131 ya\u015fanan ta\u015fk\u0131nl\u0131k sonucu trib\u00fcnleri ate\u015fe verdikleri ve olay \u00e7\u0131kard\u0131klar\u0131 iddias\u0131yla Asayi\u015f \u015eube M\u00fcd\u00fcrl\u00fc\u011f\u00fc Gasp B\u00fcro Amirli\u011fi ekiplerince g\u00f6zalt\u0131na al\u0131narak, 9 Haziranda Kad\u0131k\u00f6y Adliyesi&#8217;ne sevk edilen Emre K. (27), Erdem A. (31), \u015eahin K. (19), Efe A. (21), Ahmet E.A. (35) ve Burak M. (19), \u00e7\u0131kar\u0131ld\u0131klar\u0131 mahkemece tutuksuz yarg\u0131lanmak \u00fczere serbest b\u0131rak\u0131lm\u0131\u015ft\u0131.<\/p>\n<p>Savc\u0131n\u0131n itirazda bulundu\u011fu \u00fcst mahkemenin, yakalanmalar\u0131 y\u00f6n\u00fcnde verdi\u011fi karar \u00fczerine tekrar g\u00f6zalt\u0131na al\u0131nan bu ki\u015filer, emniyetteki i\u015flemlerinin ard\u0131ndan Kad\u0131k\u00f6y Adliyesi&#8217;ne sevk edildi.<\/p>\n<span style=\"font-weight: bold; color: #f00;\">Error, group does not exist! Check your syntax! (ID: 78)<\/span>\n<span style=\"font-weight: bold; color: #f00;\">Error, group does not exist! Check your syntax! (ID: 77)<\/span>\n","protected":false},"excerpt":{"rendered":"<p>Fenerbah\u00e7e-Trabzonspor ma\u00e7\u0131 sonras\u0131 \u00e7\u0131kan olaylara kar\u0131\u015ft\u0131klar\u0131 iddias\u0131yla g\u00f6zalt\u0131na al\u0131n\u0131p mahkemede serbest b\u0131rak\u0131lan 6 ki\u015fi, tekrar g\u00f6zalt\u0131na al\u0131nd\u0131<\/p>\n","protected":false},"author":28,"featured_media":191270,"comment_status":"open","ping_status":"open","sticky":false,"template":"","format":"standard","meta":{"_acf_changed":false,"footnotes":""},"categories":[6774,5005,6194],"tags":[32820,25568,32821,32819,32816,32817,849,27230,25567,32815,25569,32818,32814,4117],"class_list":["post-29712","post","type-post","status-publish","format-standard","has-post-thumbnail","hentry","category-futbol","category-manset","category-spor","tag-ahmet-e-a-35","tag-asayis-sube-mudurlugu","tag-burak-m-19","tag-efe-a-21","tag-emre-k-27","tag-erdem-a-31","tag-fenerbahce","tag-fenerbahce-trabzonspor","tag-fenerbahce-trabzonspor-maci","tag-gasp-buro-amirligi-ekipleri","tag-kadikoy-adliyesi","tag-sahin-k-19","tag-serbest-birakilan-6-kisi-gozaltina-alindi","tag-trabzonspor"],"acf":[],"_links":{"self":[{"href":"https:\/\/www.nationalturk.com\/tr\/wp-json\/wp\/v2\/posts\/29712","targetHints":{"allow":["GET"]}}],"collection":[{"href":"https:\/\/www.nationalturk.com\/tr\/wp-json\/wp\/v2\/posts"}],"about":[{"href":"https:\/\/www.nationalturk.com\/tr\/wp-json\/wp\/v2\/types\/post"}],"author":[{"embeddable":true,"href":"https:\/\/www.nationalturk.com\/tr\/wp-json\/wp\/v2\/users\/28"}],"replies":[{"embeddable":true,"href":"https:\/\/www.nationalturk.com\/tr\/wp-json\/wp\/v2\/comments?post=29712"}],"version-history":[{"count":0,"href":"https:\/\/www.nationalturk.com\/tr\/wp-json\/wp\/v2\/posts\/29712\/revisions"}],"wp:featuredmedia":[{"embeddable":true,"href":"https:\/\/www.nationalturk.com\/tr\/wp-json\/wp\/v2\/media\/191270"}],"wp:attachment":[{"href":"https:\/\/www.nationalturk.com\/tr\/wp-json\/wp\/v2\/media?parent=29712"}],"wp:term":[{"taxonomy":"category","embeddable":true,"href":"https:\/\/www.nationalturk.com\/tr\/wp-json\/wp\/v2\/categories?post=29712"},{"taxonomy":"post_tag","embeddable":true,"href":"https:\/\/www.nationalturk.com\/tr\/wp-json\/wp\/v2\/tags?post=29712"}],"curies":[{"name":"wp","href":"https:\/\/api.w.org\/{rel}","templated":true}]}}