{"id":297694,"date":"2022-10-07T13:34:38","date_gmt":"2022-10-07T10:34:38","guid":{"rendered":"https:\/\/www.nationalturk.com\/tr\/?p=297694"},"modified":"2022-10-07T13:34:38","modified_gmt":"2022-10-07T10:34:38","slug":"erol-yildiz-takipsizlik-karari-verildi","status":"publish","type":"post","link":"https:\/\/www.nationalturk.com\/tr\/erol-yildiz-takipsizlik-karari-verildi\/","title":{"rendered":"Erol Y\u0131ld\u0131z&#8217;\u0131n \u00f6l\u00fcm\u00fc soru\u015fturmas\u0131nda takipsizlik karar\u0131 verildi"},"content":{"rendered":"<p>B\u00fcy\u00fck Birlik Partisi (BBP) Kurucu Genel Ba\u015fkan\u0131 Muhsin Yaz\u0131c\u0131o\u011flu&#8217;nun koruma polisi Erol Y\u0131ld\u0131z, 16 May\u0131s&#8217;ta, evinin otopark\u0131nda geri ka\u00e7an, kendisine ait otomobilin alt\u0131nda kald\u0131. Hastaneye a\u011f\u0131r yaral\u0131 kald\u0131r\u0131lan Y\u0131ld\u0131z, ya\u015fam\u0131n\u0131 yitirdi.<\/p>\n<p>Olayla ilgili Ankara Cumhuriyet Savc\u0131l\u0131\u011f\u0131 soru\u015fturma ba\u015flatt\u0131. Soru\u015fturma kapsam\u0131nda g\u00f6rg\u00fc tan\u0131klar\u0131n\u0131n ifadesini alan savc\u0131l\u0131k, bilirki\u015fi g\u00f6revlendirdi.<\/p>\n<h1>Bilirki\u015fi: Erol Y\u0131ld\u0131z arac\u0131n\u0131n itmeye \u00e7al\u0131\u015f\u0131rken ara\u00e7 kendisini ezmi\u015ftir.<\/h1>\n<p>Dosyaya giren bilirki\u015fi raporunda, &#8220;Ak\u00fcs\u00fc de\u015farj olan arac\u0131 mar\u015f ile \u00e7al\u0131\u015ft\u0131ramayan m\u00fcteveffa, bunun \u00fczerine arac\u0131n arkas\u0131na ge\u00e7erek bulundu\u011fu d\u00fcz zeminden sokak asfalt y\u00fczeyine do\u011fru arac\u0131 itmeye ba\u015flam\u0131\u015ft\u0131r. Bu esnada e\u011fimli kesimde durduramad\u0131\u011f\u0131 ara\u00e7, geriye giderek kendisine \u00e7arpm\u0131\u015f, apartman\u0131n otopark\u0131n\u0131 \u00e7evreleyen duvara kadar s\u00fcr\u00fckledikten sonra durabilmi\u015ftir. Kazan\u0131n bu \u015fekilde meydana geldi\u011fi g\u00f6r\u00fc\u015f ve kanaatine var\u0131lm\u0131\u015ft\u0131r&#8221; denildi.<\/p>\n<p>Erol Y\u0131ld\u0131z\u2019\u0131n \u00f6l\u00fcm\u00fcyle ilgili Adli T\u0131p Kurumu\u2019ndan istenilen rapor da dosyaya girdi. Raporda, &#8220;Ki\u015finin \u00f6l\u00fcm\u00fc, genel beden travmas\u0131na ba\u011fl\u0131 \u00e7oklu kot, ekstremite, kal\u00e7a kemi\u011fi k\u0131r\u0131klar\u0131yla birlikte akci\u011fer yaralanmas\u0131, g\u00f6\u011f\u00fcs bo\u015fluklar\u0131na hava ve kan birikimi sonucu meydana geldi\u011fi oy birli\u011fiyle m\u00fctalaa edilmi\u015ftir&#8221; de\u011ferlendirmesi yap\u0131ld\u0131.<\/p>\n<p>Savc\u0131l\u0131k\u00e7a, al\u0131nan ifadeler, bilirki\u015fi ve Adli T\u0131p Kurumu raporu do\u011frultusunda; Y\u0131ld\u0131z&#8217;\u0131n \u00f6l\u00fcm\u00fcyle sonu\u00e7lanan kazan\u0131n \u015f\u00fcpheli oldu\u011funa dair herhangi bir belge, bilgi ve delilin bulunmad\u0131\u011f\u0131 belirtilerek, &#8220;Tan\u0131klar\u0131n, \u015f\u00fcpheli bir durum g\u00f6rmediklerini belirttikleri, herhangi bir su\u00e7 unsuruna rastlanmad\u0131\u011f\u0131 ve olay\u0131n kazaen meydana geldi\u011fi, bu haliyle kovu\u015fturma yapma olana\u011f\u0131 bulunmad\u0131\u011f\u0131 anla\u015f\u0131lmakla olay hakk\u0131nda kamu ad\u0131na kovu\u015fturma yap\u0131lmas\u0131na yer olmad\u0131\u011f\u0131na karar verilmi\u015ftir&#8221; denildi.<\/p>\n<h2>Erol Y\u0131ld\u0131z \u00f6l\u00fcm\u00fcyle sonu\u00e7lanan kaza nas\u0131l olmu\u015ftu?<\/h2>\n<p>Erol Y\u0131ld\u0131z kazas\u0131, saat 10.30 s\u0131ralar\u0131nda Ke\u00e7i\u00f6ren&#8217;in Ayval\u0131 Mahallesi&#8217;nde meydana geldi. \u0130ddiaya g\u00f6re, Meclis Koruma Daire Ba\u015fkanl\u0131\u011f\u0131&#8217;nda g\u00f6rev yapan polis memuru Erol Y\u0131ld\u0131z&#8217;\u0131n 06 KHA 35 plakal\u0131 otomobili \u00e7al\u0131\u015fmad\u0131. Bunun \u00fczerine Y\u0131ld\u0131z, otomobilini iterek \u00e7al\u0131\u015ft\u0131rmak istedi.<\/p>\n<p><strong>DOKTORLARIN M\u00dcDAHALES\u0130NE RA\u011eMEN KURTARILAMADI<\/strong><\/p>\n<p>Y\u0131ld\u0131z, bu s\u0131rada geri gelen arac\u0131n alt\u0131nda kald\u0131. A\u011f\u0131r yaralanan ve ambulansla G\u00fclhane E\u011fitim Ara\u015ft\u0131rma Hastanesi&#8217;ne kald\u0131r\u0131lan Erol Y\u0131ld\u0131z, doktorlar\u0131n t\u00fcm m\u00fcdahalesine ra\u011fmen kurtar\u0131lamad\u0131.<\/p>\n<p><strong>MUHS\u0130N YAZICI\u011eLU&#8217;NUN YAKIN KORUMASIYDI<\/strong><\/p>\n<p>Erol Y\u0131ld\u0131z, bir s\u00fcre BBP Kurucu Genel Ba\u015fkan\u0131 Muhsin Yaz\u0131c\u0131o\u011flu&#8217;nun yak\u0131n korumal\u0131\u011f\u0131n\u0131 da yapm\u0131\u015ft\u0131. Y\u0131ld\u0131z, Yaz\u0131c\u0131o\u011flu ile beraberindeki 5 ki\u015finin \u00f6l\u00fcm\u00fcyle ilgili y\u00fcr\u00fct\u00fclen soru\u015fturmaya FET\u00d6 eleba\u015f\u0131 Fetullah G\u00fclen ve \u00f6rg\u00fct y\u00f6neticilerinin talimatlar\u0131 do\u011frultusunda m\u00fcdahale ederek, \u00f6rg\u00fct\u00fcn ama\u00e7lar\u0131 do\u011frultusunda y\u00f6nlendirmede bulunup yard\u0131m ettikleri \u00f6ne s\u00fcr\u00fclen 19 ki\u015finin yarg\u0131land\u0131\u011f\u0131 Kahramanmara\u015f 2&#8217;nci A\u011f\u0131r Ceza Mahkemesi&#8217;nde tan\u0131k olarak dinlenecek 3 korumadan 1&#8217;iydi. Y\u0131ld\u0131z, 23 May\u0131s Pazartesi g\u00fcn\u00fc g\u00f6r\u00fclecek duru\u015fmaya Ankara&#8217;dan SEGB\u0130S ile kat\u0131lacakt\u0131.<\/p>\n<p><img loading=\"lazy\" decoding=\"async\" class=\"alignnone size-medium wp-image-297696\" src=\"https:\/\/www.nationalturk.com\/tr\/wp-content\/uploads\/2022\/10\/Erol-Yildiz-Otomobili-800x447.jpeg\" alt=\"Erol Y\u0131ld\u0131z Otomobili\" width=\"800\" height=\"447\" title=\"\" srcset=\"https:\/\/www.nationalturk.com\/tr\/wp-content\/uploads\/2022\/10\/Erol-Yildiz-Otomobili-800x447.jpeg 800w, https:\/\/www.nationalturk.com\/tr\/wp-content\/uploads\/2022\/10\/Erol-Yildiz-Otomobili.jpeg 840w\" sizes=\"auto, (max-width: 800px) 100vw, 800px\" \/><\/p>\n","protected":false},"excerpt":{"rendered":"<p>B\u00fcy\u00fck Birlik Partisi (BBP) Kurucu Genel Ba\u015fkan\u0131 Muhsin Yaz\u0131c\u0131o\u011flu&#8217;nun koruma polisi Erol Y\u0131ld\u0131z, 16 May\u0131s&#8217;ta, evinin otopark\u0131nda geri ka\u00e7an, kendisine ait otomobilin alt\u0131nda kald\u0131. Hastaneye a\u011f\u0131r yaral\u0131 kald\u0131r\u0131lan Y\u0131ld\u0131z, ya\u015fam\u0131n\u0131 yitirdi. Olayla ilgili Ankara Cumhuriyet Savc\u0131l\u0131\u011f\u0131 soru\u015fturma ba\u015flatt\u0131. Soru\u015fturma kapsam\u0131nda g\u00f6rg\u00fc tan\u0131klar\u0131n\u0131n ifadesini alan savc\u0131l\u0131k, bilirki\u015fi g\u00f6revlendirdi. Bilirki\u015fi: Erol Y\u0131ld\u0131z arac\u0131n\u0131n itmeye \u00e7al\u0131\u015f\u0131rken ara\u00e7 kendisini &hellip;<\/p>\n","protected":false},"author":6,"featured_media":297695,"comment_status":"open","ping_status":"closed","sticky":false,"template":"","format":"standard","meta":{"_acf_changed":false,"footnotes":""},"categories":[5005,6805],"tags":[6158,161669,58166,6157],"class_list":["post-297694","post","type-post","status-publish","format-standard","has-post-thumbnail","hentry","category-manset","category-turkiye","tag-bbp","tag-bilirkisi-raporu","tag-erol-yildiz","tag-muhsin-yazicioglu"],"acf":[],"_links":{"self":[{"href":"https:\/\/www.nationalturk.com\/tr\/wp-json\/wp\/v2\/posts\/297694","targetHints":{"allow":["GET"]}}],"collection":[{"href":"https:\/\/www.nationalturk.com\/tr\/wp-json\/wp\/v2\/posts"}],"about":[{"href":"https:\/\/www.nationalturk.com\/tr\/wp-json\/wp\/v2\/types\/post"}],"author":[{"embeddable":true,"href":"https:\/\/www.nationalturk.com\/tr\/wp-json\/wp\/v2\/users\/6"}],"replies":[{"embeddable":true,"href":"https:\/\/www.nationalturk.com\/tr\/wp-json\/wp\/v2\/comments?post=297694"}],"version-history":[{"count":0,"href":"https:\/\/www.nationalturk.com\/tr\/wp-json\/wp\/v2\/posts\/297694\/revisions"}],"wp:featuredmedia":[{"embeddable":true,"href":"https:\/\/www.nationalturk.com\/tr\/wp-json\/wp\/v2\/media\/297695"}],"wp:attachment":[{"href":"https:\/\/www.nationalturk.com\/tr\/wp-json\/wp\/v2\/media?parent=297694"}],"wp:term":[{"taxonomy":"category","embeddable":true,"href":"https:\/\/www.nationalturk.com\/tr\/wp-json\/wp\/v2\/categories?post=297694"},{"taxonomy":"post_tag","embeddable":true,"href":"https:\/\/www.nationalturk.com\/tr\/wp-json\/wp\/v2\/tags?post=297694"}],"curies":[{"name":"wp","href":"https:\/\/api.w.org\/{rel}","templated":true}]}}