{"id":297805,"date":"2022-10-26T11:39:28","date_gmt":"2022-10-26T08:39:28","guid":{"rendered":"https:\/\/www.nationalturk.com\/tr\/?p=297805"},"modified":"2022-10-26T11:39:28","modified_gmt":"2022-10-26T08:39:28","slug":"fakibaba-iyi-partide-rozeti-aksener-takti","status":"publish","type":"post","link":"https:\/\/www.nationalturk.com\/tr\/fakibaba-iyi-partide-rozeti-aksener-takti\/","title":{"rendered":"Fak\u0131baba \u0130yi Parti&#8217;de: Rozeti Ak\u015fener Takt\u0131"},"content":{"rendered":"<p>Ge\u00e7ti\u011fimiz hafta hem AKP&#8217;den hem de milletvekilli\u011finden istifa etti\u011fini duyuran Ahmet E\u015fref Fak\u0131baba \u0130yi Parti&#8217;ye ge\u00e7ti. Fak\u0131baba&#8217;n\u0131n parti rozetini genel ba\u015fkan Meral Ak\u015fener takt\u0131.<\/p>\n<p>Eski G\u0131da Tar\u0131m ve Hayvanc\u0131l\u0131k Bakan\u0131 Ahmet E\u015fref <a href=\"https:\/\/tr.wikipedia.org\/wiki\/Ahmet_E%C5%9Fref_Fak%C4%B1baba\" target=\"_blank\" rel=\"noopener\">Fak\u0131baba<\/a>, 20 Ekim&#8217;de milletvekilli\u011finden ve parti \u00fcyeli\u011finden istifa etti\u011fini a\u00e7\u0131klam\u0131\u015f ve Meral Ak\u015fener ile yapt\u0131\u011f\u0131 g\u00f6r\u00fc\u015fmeden sonra \u0130yi Parti&#8217;ye ge\u00e7meye karar verdi\u011fini duyurmu\u015ftu. Fak\u0131baba bug\u00fcn \u0130yi Parti&#8217;nin TBMM&#8217;deki grup toplant\u0131s\u0131na kat\u0131ld\u0131. <\/p>\n<p>Partiye kat\u0131l\u0131m\u0131yla ilgili konu\u015fma yapan Ahmet E\u015fref Fak\u0131baba &#8220;20 y\u0131ll\u0131k bir siyaset\u00e7i olarak, samimiyetimle s\u00f6yl\u00fcyorum, siyasete ilk kez ba\u015fl\u0131yor gibi kendimi \u00e7ok heyecanl\u0131 hissediyorum. Siyaseti halk\u0131n hizmetkar\u0131 olarak g\u00f6ren bir karde\u015finiz olarak benim burada olman\u0131n tek sebebi millete hizmet a\u015fk\u0131d\u0131r&#8221; diye konu\u015ftu.<\/p>\n<p>Fak\u0131baba \u015f\u00f6yle devam etti:<\/p>\n<blockquote class=\"quote-light\"><p>&#8220;Sans\u00fcr yerine demokratik hak ve \u00f6zg\u00fcrl\u00fcklerin ya\u015fand\u0131\u011f\u0131, gelirin belirli bir z\u00fcmre yerine t\u00fcm milletimize adil bir \u015fekilde da\u011f\u0131t\u0131ld\u0131\u011f\u0131, ki\u015fiye veya menfaatlere uygun uyarlanan de\u011fil, herkese e\u015fit davranan, kimsenin kay\u0131r\u0131lmad\u0131\u011f\u0131 hukuk ve adalet sisteminin oldu\u011fu, en \u00f6nemlisi ayr\u0131\u015fan bir toplum yerine kimsenin etnik k\u00f6kenine ve inanc\u0131na bak\u0131lmaks\u0131z\u0131n birlik i\u00e7erisinde bir T\u00fcrkiye hayal ediyorum.<\/p>\n<p>\u015eimdi art\u0131k bu hayalleri ger\u00e7ekle\u015ftirmenin, her \u015feyi iyi, hatta \u00e7ok iyi yapman\u0131n zaman\u0131 gelmi\u015ftir. Bug\u00fcn bana \u0130Y\u0130 Parti\u2019de siyasete devam etme f\u0131rsat\u0131 veren, say\u0131n genel ba\u015fkan\u0131m Meral Ak\u015fener han\u0131mefendiye \u015f\u00fckranlar\u0131m\u0131 arz ediyorum.&#8221;<\/p><\/blockquote>\n<p><iframe loading=\"lazy\" width=\"640\" height=\"360\" src=\"https:\/\/www.youtube.com\/embed\/jG7YFRBm5YY\" title=\"Fak\u0131baba resmen \u0130yi Parti'de! Rozeti Ak\u015fener takt\u0131\" frameborder=\"0\" allow=\"accelerometer; autoplay; clipboard-write; encrypted-media; gyroscope; picture-in-picture\" allowfullscreen><\/iframe><\/p>\n<p><a href=\"https:\/\/www.nationalturk.com\/tr\/fakibaba-akp-istifa-yeni-partisi\/\" target=\"_blank\" title=\"Fak\u0131baba AKP\u2019den \u0130stifa Etti, \u0130\u015fte Yeni Partisi\" rel=\"noopener\">Fak\u0131baba AKP\u2019den \u0130stifa Etti, \u0130\u015fte Yeni Partisi<\/a><\/p>\n","protected":false},"excerpt":{"rendered":"<p>Ge\u00e7ti\u011fimiz hafta hem AKP&#8217;den hem de milletvekilli\u011finden istifa etti\u011fini duyuran Ahmet E\u015fref Fak\u0131baba \u0130yi Parti&#8217;ye ge\u00e7ti. Fak\u0131baba&#8217;n\u0131n parti rozetini genel ba\u015fkan Meral Ak\u015fener takt\u0131. Eski G\u0131da Tar\u0131m ve Hayvanc\u0131l\u0131k Bakan\u0131 Ahmet E\u015fref Fak\u0131baba, 20 Ekim&#8217;de milletvekilli\u011finden ve parti \u00fcyeli\u011finden istifa etti\u011fini a\u00e7\u0131klam\u0131\u015f ve Meral Ak\u015fener ile yapt\u0131\u011f\u0131 g\u00f6r\u00fc\u015fmeden sonra \u0130yi Parti&#8217;ye ge\u00e7meye karar verdi\u011fini duyurmu\u015ftu. &hellip;<\/p>\n","protected":false},"author":4,"featured_media":297806,"comment_status":"open","ping_status":"closed","sticky":false,"template":"","format":"standard","meta":{"_acf_changed":false,"footnotes":""},"categories":[6202],"tags":[67340,9476,213880,99575],"class_list":["post-297805","post","type-post","status-publish","format-standard","has-post-thumbnail","hentry","category-politika","tag-ahmet-esref-fakibaba","tag-akp","tag-iyi-parti","tag-meral-aksener"],"acf":[],"_links":{"self":[{"href":"https:\/\/www.nationalturk.com\/tr\/wp-json\/wp\/v2\/posts\/297805","targetHints":{"allow":["GET"]}}],"collection":[{"href":"https:\/\/www.nationalturk.com\/tr\/wp-json\/wp\/v2\/posts"}],"about":[{"href":"https:\/\/www.nationalturk.com\/tr\/wp-json\/wp\/v2\/types\/post"}],"author":[{"embeddable":true,"href":"https:\/\/www.nationalturk.com\/tr\/wp-json\/wp\/v2\/users\/4"}],"replies":[{"embeddable":true,"href":"https:\/\/www.nationalturk.com\/tr\/wp-json\/wp\/v2\/comments?post=297805"}],"version-history":[{"count":0,"href":"https:\/\/www.nationalturk.com\/tr\/wp-json\/wp\/v2\/posts\/297805\/revisions"}],"wp:featuredmedia":[{"embeddable":true,"href":"https:\/\/www.nationalturk.com\/tr\/wp-json\/wp\/v2\/media\/297806"}],"wp:attachment":[{"href":"https:\/\/www.nationalturk.com\/tr\/wp-json\/wp\/v2\/media?parent=297805"}],"wp:term":[{"taxonomy":"category","embeddable":true,"href":"https:\/\/www.nationalturk.com\/tr\/wp-json\/wp\/v2\/categories?post=297805"},{"taxonomy":"post_tag","embeddable":true,"href":"https:\/\/www.nationalturk.com\/tr\/wp-json\/wp\/v2\/tags?post=297805"}],"curies":[{"name":"wp","href":"https:\/\/api.w.org\/{rel}","templated":true}]}}