{"id":297913,"date":"2022-11-02T10:06:40","date_gmt":"2022-11-02T07:06:40","guid":{"rendered":"https:\/\/www.nationalturk.com\/tr\/?p=297913"},"modified":"2022-11-02T10:06:40","modified_gmt":"2022-11-02T07:06:40","slug":"oyuncu-riza-akin-hayatini-kaybetti","status":"publish","type":"post","link":"https:\/\/www.nationalturk.com\/tr\/oyuncu-riza-akin-hayatini-kaybetti\/","title":{"rendered":"Oyuncu R\u0131za Ak\u0131n Hayat\u0131n\u0131 Kaybetti"},"content":{"rendered":"<p>R\u0131za Ak\u0131n 65 ya\u015f\u0131ndayd\u0131. \/ Oyuncu R\u0131za Ak\u0131n Hayat\u0131n\u0131 Kaybetti<\/p>\n<p>Rahats\u0131zlan\u0131nca hastaneye kald\u0131r\u0131lan <a href=\"https:\/\/tr.wikipedia.org\/wiki\/R%C4%B1za_Ak%C4%B1n\" target=\"_blank\" rel=\"noopener\">R\u0131za Ak\u0131n<\/a>\u2019\u0131n yap\u0131lan kontrollerin ard\u0131ndan beyin kanamas\u0131 ge\u00e7irdi\u011fi tespit edildi. Ameliyat edilen \u00fcnl\u00fc oyuncunun tedavisi yo\u011fun bak\u0131m servisinde devam ediyordu. Ancak yap\u0131lan t\u00fcm m\u00fcdahalelere ra\u011fmen Ak\u0131n kurtar\u0131lamad\u0131.<\/p>\n<p>Oyuncu Menderes Samanc\u0131lar, Twitter hesab\u0131ndan yapt\u0131\u011f\u0131 payla\u015f\u0131mda R\u0131za Ak\u0131n\u2019\u0131n hayat\u0131n\u0131 kaybetti\u011fini duyurdu. Samanc\u0131lar \u201cCan\u0131m karde\u015fim R\u0131za Ak\u0131n\u2019\u0131 kaybettik\u201d diye yazd\u0131.<\/p>\n<p>Oyuncular Sendikas\u0131 da yapt\u0131\u011f\u0131 a\u00e7\u0131klama ile ac\u0131 haberi \u015f\u00f6yle duyurdu:<\/p>\n<blockquote class=\"quote-light\"><p>\u201cDe\u011ferli \u00fcyemiz R\u0131za Ak\u0131n hayat\u0131n\u0131 kaybetti. \u00c7ok \u00fczg\u00fcn\u00fcz. Ba\u015fta ailesi olmak \u00fczere t\u00fcm sevenlerine sab\u0131r dileriz. Ba\u015f\u0131m\u0131z sa\u011f olsun\u201d <\/p><\/blockquote>\n<h3>R\u0131za Ak\u0131n Kimdir?<\/h3>\n<p>15 Eyl\u00fcl 1957\u2019de Adana&#8217;da do\u011fan R\u0131za Ak\u0131n daha sonra yerle\u015fti\u011fi Ankara&#8217;daki Birlik Tiyatrosu&#8217;nda mesle\u011fe ba\u015flad\u0131. Tiyatro ya\u015fant\u0131s\u0131na (1969-1977) ara verdikten sonra ileti\u015fim fak\u00fcltesinde okudu ve gazetecilik yapmaya ba\u015flad\u0131. 1997 y\u0131l\u0131nda Seyhan Belediyesi Tiyatro Toplulu\u011fu\u2019nu kurdu ve be\u015f y\u0131l sanat dan\u0131\u015fmanl\u0131\u011f\u0131n\u0131 yapt\u0131.<\/p>\n<p>2005 y\u0131l\u0131nda oyunculu\u011fa d\u00f6nen R\u0131za Ak\u0131n 2019&#8217;da Japon Miho Shimotashiro ile evlendi. Ak\u0131n, en son \u2018Sevmedim Deme\u2019 filminde rol ald\u0131.<\/p>\n<p><a href=\"https:\/\/www.nationalturk.com\/tr\/metin-gorgun-hayatini-kaybetti\/\" target=\"_blank\" title=\"Milli voleybolcu Metin G\u00f6rg\u00fcn hayat\u0131n\u0131 kaybetti\" rel=\"noopener\">Milli voleybolcu Metin G\u00f6rg\u00fcn hayat\u0131n\u0131 kaybetti<\/a><\/p>\n","protected":false},"excerpt":{"rendered":"<p>R\u0131za Ak\u0131n 65 ya\u015f\u0131ndayd\u0131. \/ Oyuncu R\u0131za Ak\u0131n Hayat\u0131n\u0131 Kaybetti Rahats\u0131zlan\u0131nca hastaneye kald\u0131r\u0131lan R\u0131za Ak\u0131n\u2019\u0131n yap\u0131lan kontrollerin ard\u0131ndan beyin kanamas\u0131 ge\u00e7irdi\u011fi tespit edildi. Ameliyat edilen \u00fcnl\u00fc oyuncunun tedavisi yo\u011fun bak\u0131m servisinde devam ediyordu. Ancak yap\u0131lan t\u00fcm m\u00fcdahalelere ra\u011fmen Ak\u0131n kurtar\u0131lamad\u0131. Oyuncu Menderes Samanc\u0131lar, Twitter hesab\u0131ndan yapt\u0131\u011f\u0131 payla\u015f\u0131mda R\u0131za Ak\u0131n\u2019\u0131n hayat\u0131n\u0131 kaybetti\u011fini duyurdu. Samanc\u0131lar \u201cCan\u0131m karde\u015fim &hellip;<\/p>\n","protected":false},"author":4,"featured_media":297914,"comment_status":"open","ping_status":"closed","sticky":false,"template":"","format":"standard","meta":{"_acf_changed":false,"footnotes":""},"categories":[6672],"tags":[169481],"class_list":["post-297913","post","type-post","status-publish","format-standard","has-post-thumbnail","hentry","category-sinema","tag-riza-akin"],"acf":[],"_links":{"self":[{"href":"https:\/\/www.nationalturk.com\/tr\/wp-json\/wp\/v2\/posts\/297913","targetHints":{"allow":["GET"]}}],"collection":[{"href":"https:\/\/www.nationalturk.com\/tr\/wp-json\/wp\/v2\/posts"}],"about":[{"href":"https:\/\/www.nationalturk.com\/tr\/wp-json\/wp\/v2\/types\/post"}],"author":[{"embeddable":true,"href":"https:\/\/www.nationalturk.com\/tr\/wp-json\/wp\/v2\/users\/4"}],"replies":[{"embeddable":true,"href":"https:\/\/www.nationalturk.com\/tr\/wp-json\/wp\/v2\/comments?post=297913"}],"version-history":[{"count":0,"href":"https:\/\/www.nationalturk.com\/tr\/wp-json\/wp\/v2\/posts\/297913\/revisions"}],"wp:featuredmedia":[{"embeddable":true,"href":"https:\/\/www.nationalturk.com\/tr\/wp-json\/wp\/v2\/media\/297914"}],"wp:attachment":[{"href":"https:\/\/www.nationalturk.com\/tr\/wp-json\/wp\/v2\/media?parent=297913"}],"wp:term":[{"taxonomy":"category","embeddable":true,"href":"https:\/\/www.nationalturk.com\/tr\/wp-json\/wp\/v2\/categories?post=297913"},{"taxonomy":"post_tag","embeddable":true,"href":"https:\/\/www.nationalturk.com\/tr\/wp-json\/wp\/v2\/tags?post=297913"}],"curies":[{"name":"wp","href":"https:\/\/api.w.org\/{rel}","templated":true}]}}