{"id":297932,"date":"2022-11-10T16:17:18","date_gmt":"2022-11-10T13:17:18","guid":{"rendered":"https:\/\/www.nationalturk.com\/tr\/?p=297932"},"modified":"2022-11-10T16:17:18","modified_gmt":"2022-11-10T13:17:18","slug":"almanya-2022-dunya-kupasi-kadrosu","status":"publish","type":"post","link":"https:\/\/www.nationalturk.com\/tr\/almanya-2022-dunya-kupasi-kadrosu\/","title":{"rendered":"Almanya 2022 D\u00fcnya Kupas\u0131 Kadrosu A\u00e7\u0131kland\u0131"},"content":{"rendered":"<p>Flick G\u00f6tze ve gen\u00e7 y\u0131ld\u0131z Moukoko&#8217;yu Katar&#8217;a g\u00f6t\u00fcr\u00fcyor, Hummels ise kadroya al\u0131nmad\u0131. \/ Almanya 2022 D\u00fcnya Kupas\u0131 Kadrosu<\/p>\n<p><a href=\"https:\/\/www.spiegel.de\/sport\/fussball\/fussball-wm-2022-bundestrainer-hansi-flick-hat-den-finalen-deutschen-kader-fuer-katar-nominiert-a-d641bd4b-15b7-4632-8148-09b7010a6e7b\" target=\"_blank\" rel=\"noopener\">Alman milli tak\u0131m\u0131<\/a> teknik direkt\u00f6r\u00fc Hansi Flick, 2022 D\u00fcnya Kupas\u0131 i\u00e7in 26 ki\u015filik kadroyu a\u00e7\u0131klad\u0131. Mario G\u00f6tze ve Youssoufa Moukoko kadroda kendine yer bulurken Mats Hummels ve Marco Reus turnuvay\u0131 ka\u00e7\u0131rd\u0131.<\/p>\n<p>Hansi Flick, Katar&#8217;daki D\u00fcnya Kupas\u0131 i\u00e7in geri d\u00f6nen Mario G\u00f6tze ve ilk kez d\u00fcnya kupas\u0131 kadrosuna \u00e7a\u011fr\u0131lan Youssoufa Moukoko ve Niclas F\u00fcllkrug ile \u015fa\u015f\u0131rtt\u0131. Dortmund&#8217;dan Mats Hummels ve Marco Reus, DFB&#8217;nin Frankfurt&#8217;ta a\u00e7\u0131klad\u0131\u011f\u0131 26 ki\u015filik kadroda yer alm\u0131yor.<\/p>\n<p>\u015eampiyon 2014 kadrosundan Manuel Neuer, Thomas M\u00fcller, G\u00f6tze ve Matthias Ginter yine kadroda yer ald\u0131. <\/p>\n<p>Hummels ve Gosens&#8217;in yan\u0131 s\u0131ra Marco Reus, Timo Werner, Florian Wirtz ve Lukas Nmecha da kadroda yok.<\/p>\n<h3>Youssoufa Moukoko tarih yaz\u0131yor<\/h3>\n<p>A\u00e7\u0131l\u0131\u015f ma\u00e7\u0131nda 18. do\u011fum g\u00fcn\u00fcn\u00fc kutlayan Moukoko, Almanya&#8217;n\u0131n en gen\u00e7 D\u00fcnya Kupas\u0131 oyuncusu oldu.<\/p>\n<p>Alman milli tak\u0131m\u0131 Pazar g\u00fcnk\u00fc son lig ma\u00e7lar\u0131n\u0131n hemen ard\u0131ndan Frankfurt&#8217;ta toplanacak ve \u00f6n\u00fcm\u00fczdeki hafta haz\u0131rl\u0131k ma\u00e7\u0131 i\u00e7in Umman&#8217;a gidecek. <\/p>\n<h3>Almanya 2022 D\u00fcnya Kupas\u0131 Kadrosu \u015e\u00f6yle;<\/h3>\n<p>Kaleci:<\/p>\n<p>Manuel Neuer (Bayern M\u00fcnih), Marc-Andr\u00e9 ter Stegen (FC Barcelona), Kevin Trapp (Eintracht Frankfurt)<\/p>\n<p>Savunma:<\/p>\n<p>Armel Bella Kotchap (FC Southampton), Matthias Ginter (SC Freiburg), Christian G\u00fcnter (SC Freiburg), Thilo Kehrer (West Ham United), Lukas Klostermann (RB Leipzig), David Raum (RB Leipzig), Antonio R\u00fcdiger (Real Madrid) , Nico Schlotterbeck (Borussia Dortmund), Niklas Sule (Borussia Dortmund)<\/p>\n<p>Orta saha\/H\u00fccum:<\/p>\n<p>Karim-David Adeyemi (Borussia Dortmund), Julian Brandt (Borussia Dortmund), Niclas F\u00fcllkrug (Werder Bremen), Serge Gnabry (FC Bayern M\u00fcnih), Leon Goretzka (FC Bayern M\u00fcnih), Mario G\u00f6tze (Eintracht Frankfurt), \u0130lkay G\u00fcndo\u011fan (Manchester) City), Kai Havertz (Chelsea FC), Jonas Hofmann (Bor. M\u00f6nchengladbach), Joshua Kimmich (FC Bayern M\u00fcnih), Youssoufa Moukoko (Borussia Dortmund), Thomas M\u00fcller (FC Bayern M\u00fcnih), Jamal Musiala (FC Bayern M\u00fcnih), Leroy Sane (Bayern M\u00fcnih)<\/p>\n<p><a href=\"https:\/\/www.nationalturk.com\/tr\/almanya-milli-takimi-2010-kadrosu-7462084\/\" target=\"_blank\" title=\"2010 D\u00fcnya Kupas\u0131 Almanya milli tak\u0131m\u0131 kadrosu\" rel=\"noopener\">2010 D\u00fcnya Kupas\u0131 Almanya milli tak\u0131m\u0131 kadrosu<\/a><\/p>\n","protected":false},"excerpt":{"rendered":"<p>Flick G\u00f6tze ve gen\u00e7 y\u0131ld\u0131z Moukoko&#8217;yu Katar&#8217;a g\u00f6t\u00fcr\u00fcyor, Hummels ise kadroya al\u0131nmad\u0131. \/ Almanya 2022 D\u00fcnya Kupas\u0131 Kadrosu Alman milli tak\u0131m\u0131 teknik direkt\u00f6r\u00fc Hansi Flick, 2022 D\u00fcnya Kupas\u0131 i\u00e7in 26 ki\u015filik kadroyu a\u00e7\u0131klad\u0131. Mario G\u00f6tze ve Youssoufa Moukoko kadroda kendine yer bulurken Mats Hummels ve Marco Reus turnuvay\u0131 ka\u00e7\u0131rd\u0131. Hansi Flick, Katar&#8217;daki D\u00fcnya Kupas\u0131 i\u00e7in &hellip;<\/p>\n","protected":false},"author":4,"featured_media":297933,"comment_status":"open","ping_status":"closed","sticky":false,"template":"","format":"standard","meta":{"_acf_changed":false,"footnotes":""},"categories":[8244],"tags":[2174,78049,167040],"class_list":["post-297932","post","type-post","status-publish","format-standard","has-post-thumbnail","hentry","category-fifa-dunya-kupasi","tag-almanya","tag-mario-gotze","tag-mats-hummels"],"acf":[],"_links":{"self":[{"href":"https:\/\/www.nationalturk.com\/tr\/wp-json\/wp\/v2\/posts\/297932","targetHints":{"allow":["GET"]}}],"collection":[{"href":"https:\/\/www.nationalturk.com\/tr\/wp-json\/wp\/v2\/posts"}],"about":[{"href":"https:\/\/www.nationalturk.com\/tr\/wp-json\/wp\/v2\/types\/post"}],"author":[{"embeddable":true,"href":"https:\/\/www.nationalturk.com\/tr\/wp-json\/wp\/v2\/users\/4"}],"replies":[{"embeddable":true,"href":"https:\/\/www.nationalturk.com\/tr\/wp-json\/wp\/v2\/comments?post=297932"}],"version-history":[{"count":0,"href":"https:\/\/www.nationalturk.com\/tr\/wp-json\/wp\/v2\/posts\/297932\/revisions"}],"wp:featuredmedia":[{"embeddable":true,"href":"https:\/\/www.nationalturk.com\/tr\/wp-json\/wp\/v2\/media\/297933"}],"wp:attachment":[{"href":"https:\/\/www.nationalturk.com\/tr\/wp-json\/wp\/v2\/media?parent=297932"}],"wp:term":[{"taxonomy":"category","embeddable":true,"href":"https:\/\/www.nationalturk.com\/tr\/wp-json\/wp\/v2\/categories?post=297932"},{"taxonomy":"post_tag","embeddable":true,"href":"https:\/\/www.nationalturk.com\/tr\/wp-json\/wp\/v2\/tags?post=297932"}],"curies":[{"name":"wp","href":"https:\/\/api.w.org\/{rel}","templated":true}]}}