{"id":299980,"date":"2005-01-22T08:06:55","date_gmt":"2005-01-22T06:06:55","guid":{"rendered":"https:\/\/www.nationalturk.com\/tr\/?p=299980"},"modified":"2023-08-11T18:30:48","modified_gmt":"2023-08-11T15:30:48","slug":"cem-boyner-hasan-arat-ethem-sancak-moskova","status":"publish","type":"post","link":"https:\/\/www.nationalturk.com\/tr\/cem-boyner-hasan-arat-ethem-sancak-moskova\/","title":{"rendered":"Cem Boyner, Hasan Arat, Ethem Sancak, g\u00fc\u00e7lerini \u0130stanbul yerine Moskova\u2019da birle\u015ftirdiler"},"content":{"rendered":"<p>Moskova\u2019ya transfer olan \u015firketlerden biride Boyner.Ba\u015fbakan Recep Tayyip Erdo\u011fan\u2019\u0131n 600 ki\u015filik bir i\u015f adam\u0131 ordusuyla Rusya Devlet Ba\u015fkan\u0131 <a title=\"Vladimir Putin\" href=\"https:\/\/www.nationalturk.com\/haber\/vladimir-putin\/\" target=\"_blank\" rel=\"noopener\">Vladimir Putin<\/a>\u2019i ziyaret etti\u011fi g\u00fcnlerde biz de <a title=\"Boyner\" href=\"https:\/\/www.boynergrup.com\/\" target=\"_blank\" rel=\"noopener\">Boyner<\/a>\u2019in T\u00fcrkiye d\u0131\u015f\u0131nda a\u00e7t\u0131\u011f\u0131 ilk ma\u011faza i\u00e7in Moskova\u2019da oldu.<\/p>\n<p>TOBB-T\u0130M\u2019in 38 bin metrekarelik T\u00fcrk Ticaret Merkezi\u2019ni a\u00e7an Ba\u015fbakan Erdo\u011fan, Boyner ma\u011fazas\u0131n\u0131n da kurdelesini kesti.<\/p>\n<p>Birka\u00e7 saatlik gecikmeyle de olsa Ba\u015fbakan ve beraberindeki bakanlar Mega Khimki Al\u0131\u015fveri\u015f Merkezi\u2019nde, 6 bin metrekarelik bir alana yay\u0131lan Boyner Ma\u011fazas\u0131\u2019n\u0131n a\u00e7\u0131l\u0131\u015f\u0131n\u0131 yap\u0131yor.<\/p>\n<h1>\u015eimdi gelelim Moskova Cem Boyner\u2019in hikayesine.<\/h1>\n<p>Onu da Kremlin Meydan\u0131\u2019ndaki \u0130talyan Lokantas\u0131 Cafe Bosco\u2019da Beymen&#8217;in sahibi Cem Boyner\u2019in a\u011fz\u0131ndan dinliyoruz.Rusya\u2019da bir ma\u011faza a\u00e7ma fikri 1997 y\u0131l\u0131nda ye\u015feriyor.<\/p>\n<p>Moskova\u2019da ma\u011fazan\u0131n yeri se\u00e7iliyor, kira kontrat\u0131n\u0131n imzalanaca\u011f\u0131 g\u00fcnlerde Ruslar\u0131n krizi patl\u0131yor. Yani 1998 krizi.Proje daha sonra bizim 2001 kriziyle ask\u0131ya al\u0131n\u0131yor.<\/p>\n<blockquote class=\"wp-embedded-content\" data-secret=\"JKCJWchuWR\"><p><a href=\"https:\/\/www.nationalturk.com\/tr\/akpli-oktay-saraldan-cem-boynere-tasmali-kole-195816\/\">AKP&#8217;li Oktay Saral&#8217;dan Cem Boyner&#8217;e: Tasmal\u0131 k\u00f6le<\/a><\/p><\/blockquote>\n<p><iframe loading=\"lazy\" class=\"wp-embedded-content\" sandbox=\"allow-scripts\" security=\"restricted\" style=\"position: absolute; clip: rect(1px, 1px, 1px, 1px);\" title=\"&#8220;AKP&#8217;li Oktay Saral&#8217;dan Cem Boyner&#8217;e: Tasmal\u0131 k\u00f6le&#8221; &#8212; NationalTurk\" src=\"https:\/\/www.nationalturk.com\/tr\/akpli-oktay-saraldan-cem-boynere-tasmali-kole-195816\/embed\/#?secret=q19OnlxspA#?secret=JKCJWchuWR\" data-secret=\"JKCJWchuWR\" width=\"500\" height=\"282\" frameborder=\"0\" marginwidth=\"0\" marginheight=\"0\" scrolling=\"no\"><\/iframe><\/p>\n<h2>Arat Tekstil Y\u00f6netim Kurulu Ba\u015fkan\u0131 Hasan Arat ve Cem Boyner Moskova Eczaneler projesi<\/h2>\n<p>Derken ge\u00e7en \u015fubat ay\u0131nda Arat Tekstil Y\u00f6netim Kurulu Ba\u015fkan\u0131 Hasan Arat, Cem Boyner\u2019e Moskova projesi i\u00e7in iki partner \u00f6neriyor.<\/p>\n<p>T\u00fcrkmenistan\u2019da y\u0131llardan beri in\u015faat i\u015fleriyle u\u011fra\u015fan Polimeks ile Sancak Grubu.Neticede Moskova\u2019daki Boyner Ma\u011fazas\u0131 \u00fc\u00e7 ortak ile hayata ge\u00e7iriliyor.<\/p>\n<p><strong>Her orta\u011f\u0131n pay\u0131 e\u015fit: Y\u00fczde 33.<\/strong><\/p>\n<p>Cafe Bosco\u2019daki toplant\u0131da masan\u0131n etraf\u0131nda Cem Boyner\u2019in d\u0131\u015f\u0131nda, Hasan Arat, Polimeks ortaklar\u0131ndan Erol Tabanca ile Cem Siyahi, Sancak Grubu\u2019ndan ise Y\u00f6netim Kurulu Ba\u015fkan\u0131 Ethem Sancak var.<\/p>\n<p>Ancak masan\u0131n etraf\u0131ndakilerin ortakl\u0131\u011f\u0131 Boyner Ma\u011fazas\u0131\u2019yla s\u0131n\u0131rl\u0131 de\u011fil.Kurduklar\u0131 PBS Holding\u2019in, Rusya ile ilgili projeleri ila\u00e7 ve in\u015faat sekt\u00f6r\u00fcn\u00fc de kapsayacak.<\/p>\n<blockquote class=\"wp-embedded-content\" data-secret=\"L3ibOE1qSE\"><p><a href=\"https:\/\/www.nationalturk.com\/tr\/hasan-arat-ethem-sancak-arat-tekstil-denim\/\">Hasan Arat ve Ethem Sancak Fabrikay\u0131 Siirt&#8217;e ta\u015f\u0131yacaklar<\/a><\/p><\/blockquote>\n<p><iframe loading=\"lazy\" class=\"wp-embedded-content\" sandbox=\"allow-scripts\" security=\"restricted\" style=\"position: absolute; clip: rect(1px, 1px, 1px, 1px);\" title=\"&#8220;Hasan Arat ve Ethem Sancak Fabrikay\u0131 Siirt&#8217;e ta\u015f\u0131yacaklar&#8221; &#8212; NationalTurk\" src=\"https:\/\/www.nationalturk.com\/tr\/hasan-arat-ethem-sancak-arat-tekstil-denim\/embed\/#?secret=L3xKBKDX7R#?secret=L3ibOE1qSE\" data-secret=\"L3ibOE1qSE\" width=\"500\" height=\"282\" frameborder=\"0\" marginwidth=\"0\" marginheight=\"0\" scrolling=\"no\"><\/iframe><\/p>\n<h3>Projedeki \u00f6nemli isim Ethem Sancak<\/h3>\n<p>Sancak Grubu\u2019nun Hedef Alliance \u015eirketi, Rusya\u2019da bir s\u00fcredir ila\u00e7 da\u011f\u0131t\u0131m i\u015finde.PBS Holding\u2019in Rusya\u2019daki ikinci ad\u0131m\u0131 eczaneler zinciri.Boyner Ma\u011fazalar\u0131\u2019n\u0131 T\u00fcrki cumhuriyetlerle, \u00c7ek Cumhuriyeti, Macaristan gibi yeni AB \u00fcyelerine yaymak ba\u015fka bir proje.<\/p>\n<p>Hasan Arat&#8217;\u0131n orta\u011f\u0131 Ethem Sancak, PBS Holding\u2019in \u00f6n\u00fcm\u00fczdeki y\u0131llarda \u2018D\u00fcnya \u00f6l\u00e7e\u011finde ses getirecek i\u015fler yapaca\u011f\u0131\u2019 g\u00f6r\u00fc\u015f\u00fcnde.Cem Boyner ise \u2018Alma Ata, Kazan bir Avrupal\u0131 i\u00e7in hem riskli, hem de feci bir k\u00fclt\u00fcr \u015foku anlam\u0131nda. Biz bu co\u011frafyan\u0131n insan\u0131y\u0131z. Ortakl\u0131\u011f\u0131m\u0131z\u0131 Rusya\u2019n\u0131n d\u0131\u015f\u0131na kayd\u0131rmaktan \u00e7ekinmeyece\u011fiz\u2019 diyor.<\/p>\n<p>Boyner Ma\u011fazas\u0131\u2019n\u0131n a\u00e7\u0131ld\u0131\u011f\u0131 Mega Khimki Al\u0131\u015fveri\u015f Merkezi\u2019nin sahibi yak\u0131nda \u0130stanbul\u2019da bir ma\u011faza a\u00e7acak olan \u00fcnl\u00fc \u0130sve\u00e7 \u015firketi Ikea.Al\u0131\u015fveri\u015f merkezini Moskova\u2019da bir\u00e7ok ba\u015far\u0131l\u0131 i\u015fe imza atm\u0131\u015f olan Enka yapm\u0131\u015f.<\/p>\n<p>Boyner, Ikea\u2019n\u0131n Rusya \u00e7ap\u0131nda a\u00e7aca\u011f\u0131 ba\u015fka al\u0131\u015fveri\u015f merkezlerinde de faaliyet g\u00f6sterecek.Diyece\u011fim \u015fu: G\u00fc\u00e7lerini birle\u015ftirenler Rusya\u2019da kazan\u0131yor.<\/p>\n<p>A\u015fkta ve i\u015fte ayn\u0131 dile gerek yok.<\/p>\n<blockquote class=\"wp-embedded-content\" data-secret=\"oYOBvEZouA\"><p><a href=\"https:\/\/www.nationalturk.com\/tr\/ethem-sancak-hakkinda-orgut-kurdugu-gerekcesiyle-suc-duyurusu-206873\/\">Ethem Sancak hakk\u0131nda \u00f6rg\u00fct kurdu\u011fu gerek\u00e7esiyle su\u00e7 duyurusu<\/a><\/p><\/blockquote>\n<p><iframe loading=\"lazy\" class=\"wp-embedded-content\" sandbox=\"allow-scripts\" security=\"restricted\" style=\"position: absolute; clip: rect(1px, 1px, 1px, 1px);\" title=\"&#8220;Ethem Sancak hakk\u0131nda \u00f6rg\u00fct kurdu\u011fu gerek\u00e7esiyle su\u00e7 duyurusu&#8221; &#8212; NationalTurk\" src=\"https:\/\/www.nationalturk.com\/tr\/ethem-sancak-hakkinda-orgut-kurdugu-gerekcesiyle-suc-duyurusu-206873\/embed\/#?secret=tUOHvsy2VB#?secret=oYOBvEZouA\" data-secret=\"oYOBvEZouA\" width=\"500\" height=\"282\" frameborder=\"0\" marginwidth=\"0\" marginheight=\"0\" scrolling=\"no\"><\/iframe><\/p>\n<h3>MOSKOVA\u2019da dinledi\u011fimiz ba\u015far\u0131 \u00f6yk\u00fclerinin haddi hesab\u0131 yok.<\/h3>\n<p>ABD Ba\u015fkan\u0131 George Bush\u2019a \u00fcretti\u011fi bir tak\u0131m elbiseyi hediye eden Sarar\u2019\u0131n sahibi Cemalettin Sarar\u2019\u0131n Moskova\u2019da 30 ma\u011fazas\u0131 var.<\/p>\n<p>Ma\u011faza zincirini 7 y\u0131ldan beri gen\u00e7 bir Rus i\u015fletiyor, Ba\u015fbakan Recep Tayyip Erdo\u011fan\u2019\u0131n da kald\u0131\u011f\u0131 Marriott Oteli\u2019nde sabah kahvalt\u0131s\u0131nda Sarar y\u0131lda 10 milyon dolar ciro yapan gen\u00e7 Rus i\u015fadam\u0131 ile birlikte.<\/p>\n<p>Ancak lisan sorunu var ve Sarar\u2019\u0131n terc\u00fcman\u0131 ortada yok. Cemalettin Sarar, Rus\u00e7a konu\u015fmuyor, Rus i\u015fadam\u0131 da T\u00fcrk\u00e7e.Neyse ki ba\u015fka bir terc\u00fcman geliyor ve sorun hallediliyor.<\/p>\n<p>Olay oteldeki T\u00fcrk i\u015fadamlar\u0131 aras\u0131nda \u015f\u00f6yle bir \u015fakaya yol a\u00e7\u0131yor: \u2018A\u015fkta ve i\u015fte ayn\u0131 lisan\u0131 konu\u015fmaya gerek yok.\u2019Bir ba\u015fka ba\u015far\u0131 \u00f6yk\u00fcs\u00fc de Moskova\u2019da Levi\u2019s blucininden daha fazla tan\u0131nm\u0131\u015f olan T\u00fcrk markas\u0131 Colin\u2019s ile ilgili Ba\u015fbakan Erdo\u011fan, Boyner Ma\u011fazas\u0131\u2019n\u0131n a\u00e7\u0131l\u0131\u015f\u0131n\u0131 yapt\u0131ktan sonra hemen kar\u015f\u0131s\u0131ndaki Colin\u2019s ma\u011fazas\u0131na u\u011fruyor.<\/p>\n<p>1993\u2019te bu markan\u0131n \u00fcretimine ba\u015flam\u0131\u015f olan i\u015fadam\u0131 Nurettin Ero\u011flu, Rusya\u2019da 360 sat\u0131\u015f noktas\u0131nda Colin\u2019s sat\u0131ld\u0131\u011f\u0131n\u0131 anlat\u0131yor.Ukrayna\u2019daki ma\u011faza say\u0131s\u0131 22.\u00dcretimin y\u00fczde 70\u2019i T\u00fcrkiye\u2019de, y\u00fczde 30\u2019u Hindistan, Banglade\u015f, \u00c7in\u2019de yap\u0131l\u0131yormu\u015f.\u2018D\u00fcnya markas\u0131 olmak i\u00e7in ucuz \u00fcretimin oldu\u011fu yere gitmek zorunday\u0131z\u2019 diyor Ero\u011flu.<\/p>\n<p>Ero\u011flu \u00f6n\u00fcne, 10 y\u0131lda T\u00fcrkiye\u2019den \u00e7\u0131kacak 10 marka aras\u0131nda ilk \u00fc\u00e7e girmek hedefini koymu\u015f. D\u00fcnyan\u0131n \u00fcnl\u00fc blucin markalar\u0131ndan Big Star\u2019\u0131 da sat\u0131n alm\u0131\u015f.Dedi\u011fim gibi, Moskova\u2019da dinledi\u011fimiz ba\u015far\u0131 \u00f6yk\u00fcleri sonsuz.<\/p>\n<p>22 Ocak 2005 H\u00fcrriyet<\/p>\n<blockquote class=\"wp-embedded-content\" data-secret=\"ajMFhuAU0e\"><p><a href=\"https:\/\/www.nationalturk.com\/tr\/hasan-arat-tekstil-imkb-tahtasi-kapandi\/\">1.500 ki\u015fi Hasan Arat&#8217;\u0131n yolunu g\u00f6zl\u00fcyor<\/a><\/p><\/blockquote>\n<p><iframe loading=\"lazy\" class=\"wp-embedded-content\" sandbox=\"allow-scripts\" security=\"restricted\" style=\"position: absolute; clip: rect(1px, 1px, 1px, 1px);\" title=\"&#8220;1.500 ki\u015fi Hasan Arat&#8217;\u0131n yolunu g\u00f6zl\u00fcyor&#8221; &#8212; NationalTurk\" src=\"https:\/\/www.nationalturk.com\/tr\/hasan-arat-tekstil-imkb-tahtasi-kapandi\/embed\/#?secret=b7TK2LZ523#?secret=ajMFhuAU0e\" data-secret=\"ajMFhuAU0e\" width=\"500\" height=\"282\" frameborder=\"0\" marginwidth=\"0\" marginheight=\"0\" scrolling=\"no\"><\/iframe><\/p>\n","protected":false},"excerpt":{"rendered":"<p>Moskova\u2019ya transfer olan \u015firketlerden biride Boyner.Ba\u015fbakan Recep Tayyip Erdo\u011fan\u2019\u0131n 600 ki\u015filik bir i\u015f adam\u0131 ordusuyla Rusya Devlet Ba\u015fkan\u0131 Vladimir Putin\u2019i ziyaret etti\u011fi g\u00fcnlerde biz de Boyner\u2019in T\u00fcrkiye d\u0131\u015f\u0131nda a\u00e7t\u0131\u011f\u0131 ilk ma\u011faza i\u00e7in Moskova\u2019da oldu. TOBB-T\u0130M\u2019in 38 bin metrekarelik T\u00fcrk Ticaret Merkezi\u2019ni a\u00e7an Ba\u015fbakan Erdo\u011fan, Boyner ma\u011fazas\u0131n\u0131n da kurdelesini kesti. Birka\u00e7 saatlik gecikmeyle de olsa Ba\u015fbakan &hellip;<\/p>\n","protected":false},"author":6,"featured_media":299981,"comment_status":"open","ping_status":"closed","sticky":false,"template":"","format":"standard","meta":{"_acf_changed":false,"footnotes":""},"categories":[6748],"tags":[5902,221085,219860,132294,65342,56607,42962,25756,1238,91126],"class_list":["post-299980","post","type-post","status-publish","format-standard","has-post-thumbnail","hentry","category-is-dunyasi","tag-abd-baskani","tag-arat-tekstil","tag-beymen","tag-boyner","tag-cem-boyner","tag-ethem-sancak","tag-george-bush","tag-hasan-arat","tag-moskova","tag-nurettin-eroglu"],"acf":[],"_links":{"self":[{"href":"https:\/\/www.nationalturk.com\/tr\/wp-json\/wp\/v2\/posts\/299980","targetHints":{"allow":["GET"]}}],"collection":[{"href":"https:\/\/www.nationalturk.com\/tr\/wp-json\/wp\/v2\/posts"}],"about":[{"href":"https:\/\/www.nationalturk.com\/tr\/wp-json\/wp\/v2\/types\/post"}],"author":[{"embeddable":true,"href":"https:\/\/www.nationalturk.com\/tr\/wp-json\/wp\/v2\/users\/6"}],"replies":[{"embeddable":true,"href":"https:\/\/www.nationalturk.com\/tr\/wp-json\/wp\/v2\/comments?post=299980"}],"version-history":[{"count":0,"href":"https:\/\/www.nationalturk.com\/tr\/wp-json\/wp\/v2\/posts\/299980\/revisions"}],"wp:featuredmedia":[{"embeddable":true,"href":"https:\/\/www.nationalturk.com\/tr\/wp-json\/wp\/v2\/media\/299981"}],"wp:attachment":[{"href":"https:\/\/www.nationalturk.com\/tr\/wp-json\/wp\/v2\/media?parent=299980"}],"wp:term":[{"taxonomy":"category","embeddable":true,"href":"https:\/\/www.nationalturk.com\/tr\/wp-json\/wp\/v2\/categories?post=299980"},{"taxonomy":"post_tag","embeddable":true,"href":"https:\/\/www.nationalturk.com\/tr\/wp-json\/wp\/v2\/tags?post=299980"}],"curies":[{"name":"wp","href":"https:\/\/api.w.org\/{rel}","templated":true}]}}