{"id":301281,"date":"2023-09-18T14:27:32","date_gmt":"2023-09-18T11:27:32","guid":{"rendered":"https:\/\/www.nationalturk.com\/tr\/?p=301281"},"modified":"2023-09-18T14:27:32","modified_gmt":"2023-09-18T11:27:32","slug":"silivri-fabrika-yangini","status":"publish","type":"post","link":"https:\/\/www.nationalturk.com\/tr\/silivri-fabrika-yangini\/","title":{"rendered":"Silivri&#8217;de Fabrika Yang\u0131n\u0131"},"content":{"rendered":"<p>Yang\u0131n nedeniyle olay yerine \u00e7ok say\u0131da itfaiye ekibi sevk edildi. Fabrikadaki i\u015f\u00e7iler tahliye edildi. \/ Silivri&#8217;de Fabrika Yang\u0131n\u0131<\/p>\n<p>Yang\u0131n nedeniyle olay yerine \u0130stanbul\u2019un bir\u00e7ok il\u00e7esinden itfaiye ekibi sevk edildi. Fabrika i\u00e7inde tutu\u015fmas\u0131 muhtemel malzemeler i\u015f\u00e7iler taraf\u0131ndan d\u0131\u015far\u0131 \u00e7\u0131kar\u0131lmak istenirken, i\u00e7erisi yo\u011fun bir duman tabakas\u0131yla kapland\u0131.<\/p>\n<p>Yang\u0131n\u0131n \u00e7\u0131kt\u0131\u011f\u0131 fabrikadan yo\u011fun dumanlar y\u00fckselirken, ekiplerin alevlere m\u00fcdahalesi s\u00fcr\u00fcyor.<\/p>\n<p>Silivri&#8217;de fabrika yang\u0131n\u0131 \/ Valilikten a\u00e7\u0131klama<\/p>\n<p>Fabrikaya s\u0131\u00e7rayan yang\u0131na ili\u015fkin \u0130stanbul Valili\u011fi\u2019nden a\u00e7\u0131klama yap\u0131ld\u0131.<\/p>\n<p>Valilikten yap\u0131lan yang\u0131n a\u00e7\u0131klamas\u0131 \u015f\u00f6yle;<\/p>\n<blockquote class=\"quote-light\"><p>\u201cSilivri \u0130l\u00e7esi Mimar Sinan Mahallesi&#8217;nde bulunan otluk alanda saat 12.38&#8217;de yang\u0131n \u00e7\u0131km\u0131\u015f olup, alevler otluk alan\u0131n biti\u015fi\u011finde bulunan fabrikan\u0131n bah\u00e7esindeki plastik konteynerlere sirayet etmi\u015ftir.\u201d denilen a\u00e7\u0131klamada, \u201cOlaya 12 itfaiye ekibi, 11 AFAD ekibi m\u00fcdahale etmektedir. Olayda \u00f6len ya da yaralanan bulunmamakla birlikte iki adet 112 Ambulans\u0131 tedbir ama\u00e7l\u0131 olay yerinde tutulmaktad\u0131r.\u201d <\/p><\/blockquote>\n<p><a href=\"https:\/\/www.nationalturk.com\/tr\/beyoglu-tarlabasi-otel-yangini\/\" target=\"_blank\" title=\"Beyo\u011flu Tarlaba\u015f\u0131\u2019nda Otel Yang\u0131n\u0131\" rel=\"noopener\">Beyo\u011flu Tarlaba\u015f\u0131\u2019nda Otel Yang\u0131n\u0131<\/a><\/p>\n","protected":false},"excerpt":{"rendered":"<p>\u0130stanbul Silivri&#8217;de yang\u0131n! Bo\u015f arazide \u00e7\u0131kan yang\u0131n yak\u0131ndaki plastik ambalaj \u00fcretimi yapan bir fabrikaya s\u0131\u00e7rad\u0131. \/ Silivri&#8217;de Fabrika Yang\u0131n\u0131<\/p>\n","protected":false},"author":4,"featured_media":301282,"comment_status":"open","ping_status":"closed","sticky":false,"template":"","format":"standard","meta":{"_acf_changed":false,"footnotes":""},"categories":[6805],"tags":[1011,12953,146724,25429],"class_list":["post-301281","post","type-post","status-publish","format-standard","has-post-thumbnail","hentry","category-turkiye","tag-istanbul","tag-silivri","tag-silivri-yangin","tag-yangin"],"acf":[],"_links":{"self":[{"href":"https:\/\/www.nationalturk.com\/tr\/wp-json\/wp\/v2\/posts\/301281","targetHints":{"allow":["GET"]}}],"collection":[{"href":"https:\/\/www.nationalturk.com\/tr\/wp-json\/wp\/v2\/posts"}],"about":[{"href":"https:\/\/www.nationalturk.com\/tr\/wp-json\/wp\/v2\/types\/post"}],"author":[{"embeddable":true,"href":"https:\/\/www.nationalturk.com\/tr\/wp-json\/wp\/v2\/users\/4"}],"replies":[{"embeddable":true,"href":"https:\/\/www.nationalturk.com\/tr\/wp-json\/wp\/v2\/comments?post=301281"}],"version-history":[{"count":0,"href":"https:\/\/www.nationalturk.com\/tr\/wp-json\/wp\/v2\/posts\/301281\/revisions"}],"wp:featuredmedia":[{"embeddable":true,"href":"https:\/\/www.nationalturk.com\/tr\/wp-json\/wp\/v2\/media\/301282"}],"wp:attachment":[{"href":"https:\/\/www.nationalturk.com\/tr\/wp-json\/wp\/v2\/media?parent=301281"}],"wp:term":[{"taxonomy":"category","embeddable":true,"href":"https:\/\/www.nationalturk.com\/tr\/wp-json\/wp\/v2\/categories?post=301281"},{"taxonomy":"post_tag","embeddable":true,"href":"https:\/\/www.nationalturk.com\/tr\/wp-json\/wp\/v2\/tags?post=301281"}],"curies":[{"name":"wp","href":"https:\/\/api.w.org\/{rel}","templated":true}]}}