{"id":301286,"date":"2023-09-19T16:36:37","date_gmt":"2023-09-19T13:36:37","guid":{"rendered":"https:\/\/www.nationalturk.com\/tr\/?p=301286"},"modified":"2023-09-19T16:36:37","modified_gmt":"2023-09-19T13:36:37","slug":"yuksel-kocaman-rusvet","status":"publish","type":"post","link":"https:\/\/www.nationalturk.com\/tr\/yuksel-kocaman-rusvet\/","title":{"rendered":"Y\u00fcksel Kocaman R\u00fc\u015fvet \u0130ddialar\u0131 Hakk\u0131nda A\u00e7\u0131klama Yapt\u0131"},"content":{"rendered":"<p>Eski \u0130\u00e7i\u015fleri Bakan\u0131 S\u00fcleyman Soylu&#8217;yla ba\u011flant\u0131l\u0131 oldu\u011fu iddia edilen Ayhan Bora Kaplan&#8217;dan r\u00fc\u015fvet ald\u0131\u011f\u0131 \u00f6ne s\u00fcr\u00fclen Ankara eski Cumhuriyet Ba\u015fsavc\u0131s\u0131 ve Yarg\u0131tay \u00fcyesi Y\u00fcksel Kocaman&#8217;dan a\u00e7\u0131klama geldi.<\/p>\n<p>Kocaman, kendisine l\u00fcks bir villa ve otomobil ald\u0131\u011f\u0131 iddialar\u0131n\u0131n do\u011fru olmad\u0131\u011f\u0131n\u0131 ve yasal s\u00fcre\u00e7 ba\u015flataca\u011f\u0131n\u0131 belirtti.<\/p>\n<p>Kocaman yapt\u0131\u011f\u0131 yaz\u0131l\u0131 a\u00e7\u0131klamada \u015fu ifadeleri kulland\u0131:<\/p>\n<blockquote class=\"quote-light\"><p>\u201cAnkara Cumhuriyet Ba\u015fsavc\u0131l\u0131\u011f\u0131\u2019nca y\u00fcr\u00fct\u00fclen bir soru\u015fturmada g\u00f6zalt\u0131na al\u0131nan ki\u015fiden hediye olarak villa ve araba ald\u0131\u011f\u0131ma y\u00f6nelik olu\u015fturulmaya \u00e7al\u0131\u015f\u0131lan mesnetsiz, temelsiz, t\u00fcm\u00fcyle yalandan ibaret maksatl\u0131 iftiralar sebebiyle a\u00e7\u0131klama yapma zorunlulu\u011fu gerekmi\u015ftir. Benim \u00c7ayyolu\u2019nda evim yoktur. Esenbo\u011fa yolundaki bayiden hi\u00e7bir zaman l\u00fcks ara\u00e7 almad\u0131m. Sosyal, g\u00f6rsel ve yaz\u0131l\u0131 medya yoluyla bu haks\u0131z lekeleyici, mesnetsiz yalanlar\u0131 yazan, yayg\u0131nla\u015ft\u0131ran k\u00f6t\u00fc niyetli herkesle ilgili olarak su\u00e7 duyurular\u0131 yap\u0131l\u0131p, manevi tazminat davalar\u0131 a\u00e7arak, hem kendimin ve ailemin hem de mensubu olmaktan gurur duydu\u011fum yarg\u0131n\u0131n onurunu koruyaca\u011f\u0131m.\u201d<\/p><\/blockquote>\n<p><a href=\"https:\/\/www.nationalturk.com\/tr\/yuksel-kocaman-suleyman-soylu-operasyon\/\" target=\"_blank\" title=\"Yarg\u0131tay \u00dcyesi Y\u00fcksel Kocaman: S\u00fcleyman Soylu\u2019ya Operasyon Yap\u0131l\u0131yor\" rel=\"noopener\">Yarg\u0131tay \u00dcyesi Y\u00fcksel Kocaman: S\u00fcleyman Soylu\u2019ya Operasyon Yap\u0131l\u0131yor<\/a><\/p>\n","protected":false},"excerpt":{"rendered":"<p>Eski \u0130\u00e7i\u015fleri Bakan\u0131 S\u00fcleyman Soylu&#8217;yla ba\u011flant\u0131l\u0131 oldu\u011fu iddia edilen Ayhan Bora Kaplan&#8217;dan r\u00fc\u015fvet ald\u0131\u011f\u0131 \u00f6ne s\u00fcr\u00fclen Ankara eski Cumhuriyet Ba\u015fsavc\u0131s\u0131 ve Yarg\u0131tay \u00fcyesi Y\u00fcksel Kocaman&#8217;dan a\u00e7\u0131klama geldi. Kocaman, kendisine l\u00fcks bir villa ve otomobil ald\u0131\u011f\u0131 iddialar\u0131n\u0131n do\u011fru olmad\u0131\u011f\u0131n\u0131 ve yasal s\u00fcre\u00e7 ba\u015flataca\u011f\u0131n\u0131 belirtti. Kocaman yapt\u0131\u011f\u0131 yaz\u0131l\u0131 a\u00e7\u0131klamada \u015fu ifadeleri kulland\u0131: \u201cAnkara Cumhuriyet Ba\u015fsavc\u0131l\u0131\u011f\u0131\u2019nca y\u00fcr\u00fct\u00fclen bir &hellip;<\/p>\n","protected":false},"author":4,"featured_media":301287,"comment_status":"open","ping_status":"closed","sticky":false,"template":"","format":"standard","meta":{"_acf_changed":false,"footnotes":""},"categories":[6202],"tags":[221347,40322,212256],"class_list":["post-301286","post","type-post","status-publish","format-standard","has-post-thumbnail","hentry","category-politika","tag-ayhan-bora-kaplan","tag-suleyman-soylu","tag-yuksel-kocaman"],"acf":[],"_links":{"self":[{"href":"https:\/\/www.nationalturk.com\/tr\/wp-json\/wp\/v2\/posts\/301286","targetHints":{"allow":["GET"]}}],"collection":[{"href":"https:\/\/www.nationalturk.com\/tr\/wp-json\/wp\/v2\/posts"}],"about":[{"href":"https:\/\/www.nationalturk.com\/tr\/wp-json\/wp\/v2\/types\/post"}],"author":[{"embeddable":true,"href":"https:\/\/www.nationalturk.com\/tr\/wp-json\/wp\/v2\/users\/4"}],"replies":[{"embeddable":true,"href":"https:\/\/www.nationalturk.com\/tr\/wp-json\/wp\/v2\/comments?post=301286"}],"version-history":[{"count":0,"href":"https:\/\/www.nationalturk.com\/tr\/wp-json\/wp\/v2\/posts\/301286\/revisions"}],"wp:featuredmedia":[{"embeddable":true,"href":"https:\/\/www.nationalturk.com\/tr\/wp-json\/wp\/v2\/media\/301287"}],"wp:attachment":[{"href":"https:\/\/www.nationalturk.com\/tr\/wp-json\/wp\/v2\/media?parent=301286"}],"wp:term":[{"taxonomy":"category","embeddable":true,"href":"https:\/\/www.nationalturk.com\/tr\/wp-json\/wp\/v2\/categories?post=301286"},{"taxonomy":"post_tag","embeddable":true,"href":"https:\/\/www.nationalturk.com\/tr\/wp-json\/wp\/v2\/tags?post=301286"}],"curies":[{"name":"wp","href":"https:\/\/api.w.org\/{rel}","templated":true}]}}