{"id":301592,"date":"2023-11-15T23:03:28","date_gmt":"2023-11-15T20:03:28","guid":{"rendered":"https:\/\/www.nationalturk.com\/tr\/?p=301592"},"modified":"2023-11-15T23:03:28","modified_gmt":"2023-11-15T20:03:28","slug":"ardahanda-fil-alarmi","status":"publish","type":"post","link":"https:\/\/www.nationalturk.com\/tr\/ardahanda-fil-alarmi\/","title":{"rendered":"Ardahan&#8217;da fil alarm\u0131!"},"content":{"rendered":"<p><a href=\"https:\/\/www.nationalturk.com\/tr\/ataturk-heykeli-yapan-sanatcinin-evi\/\">Ardahan<\/a>\u2019da merada hayvanlar\u0131 otlatan bir \u00e7oban, kar\u015f\u0131s\u0131na \u00e7\u0131kt\u0131\u011f\u0131n\u0131 iddia etti\u011fi filin foto\u011fraf\u0131n\u0131 sosyal medya hesab\u0131ndan payla\u015ft\u0131.<\/p>\n<p>K\u0131sa s\u00fcre i\u00e7inde h\u0131zla yay\u0131lan foto\u011fraf jandarma ekiplerini harekete ge\u00e7irdi. Ekipler b\u00f6lgede uzun s\u00fcre arama \u00e7al\u0131\u015fmalar\u0131 yapt\u0131. Valilikten a\u00e7\u0131klama geldi.<\/p>\n<h3><strong>Fil iddias\u0131na yalanlama<\/strong><\/h3>\n<p>Ardahan Valili\u011finden olaya ili\u015fkin yap\u0131lan a\u00e7\u0131klamada ise foto\u011fraf\u0131n ve haberin ger\u00e7ek olmad\u0131\u011f\u0131 belirtildi. Vali \u00c7i\u00e7ek, sosyal medya platformu &#8220;X&#8221; hesab\u0131 \u00fczerinden yapt\u0131\u011f\u0131 a\u00e7\u0131klamada, &#8220;Ardahan ilimizde fil g\u00f6r\u00fcld\u00fc\u011f\u00fc iddias\u0131 tamamen uydurmad\u0131r. Kamuoyunun bilgisine sunar\u0131m.&#8221; ifadesini kulland\u0131.<\/p>\n<p><a href=\"https:\/\/www.cumcuma.com\/en-guzel-italya-plajlari-top-10\/\" target=\"_blank\" rel=\"noopener\">https:\/\/www.cumcuma.com\/en-guzel-italya-plajlari-top-10\/<\/a><\/p>\n<p>&nbsp;<\/p>\n<p>&nbsp;<\/p>\n","protected":false},"excerpt":{"rendered":"<p>Ardahan&#8217;da hayvanlar\u0131n\u0131 otlatan bir \u00e7oban\u0131n yapt\u0131\u011f\u0131 ihbar herkesi \u015fa\u015f\u0131rtt\u0131. S\u00f6z konusu \u015fah\u0131s ormanda il g\u00f6rd\u00fc\u011f\u00fcn\u00fc s\u00f6yledi. <\/p>\n","protected":false},"author":9192226,"featured_media":301593,"comment_status":"open","ping_status":"closed","sticky":false,"template":"","format":"standard","meta":{"_acf_changed":false,"footnotes":""},"categories":[220549],"tags":[14615,211275],"class_list":["post-301592","post","type-post","status-publish","format-standard","has-post-thumbnail","hentry","category-haber","tag-ardahan","tag-fil"],"acf":[],"_links":{"self":[{"href":"https:\/\/www.nationalturk.com\/tr\/wp-json\/wp\/v2\/posts\/301592","targetHints":{"allow":["GET"]}}],"collection":[{"href":"https:\/\/www.nationalturk.com\/tr\/wp-json\/wp\/v2\/posts"}],"about":[{"href":"https:\/\/www.nationalturk.com\/tr\/wp-json\/wp\/v2\/types\/post"}],"author":[{"embeddable":true,"href":"https:\/\/www.nationalturk.com\/tr\/wp-json\/wp\/v2\/users\/9192226"}],"replies":[{"embeddable":true,"href":"https:\/\/www.nationalturk.com\/tr\/wp-json\/wp\/v2\/comments?post=301592"}],"version-history":[{"count":0,"href":"https:\/\/www.nationalturk.com\/tr\/wp-json\/wp\/v2\/posts\/301592\/revisions"}],"wp:featuredmedia":[{"embeddable":true,"href":"https:\/\/www.nationalturk.com\/tr\/wp-json\/wp\/v2\/media\/301593"}],"wp:attachment":[{"href":"https:\/\/www.nationalturk.com\/tr\/wp-json\/wp\/v2\/media?parent=301592"}],"wp:term":[{"taxonomy":"category","embeddable":true,"href":"https:\/\/www.nationalturk.com\/tr\/wp-json\/wp\/v2\/categories?post=301592"},{"taxonomy":"post_tag","embeddable":true,"href":"https:\/\/www.nationalturk.com\/tr\/wp-json\/wp\/v2\/tags?post=301592"}],"curies":[{"name":"wp","href":"https:\/\/api.w.org\/{rel}","templated":true}]}}