{"id":301967,"date":"2013-06-06T19:13:24","date_gmt":"2013-06-06T16:13:24","guid":{"rendered":"https:\/\/www.nationalturk.com\/tr\/?p=301967"},"modified":"2023-12-03T14:32:58","modified_gmt":"2023-12-03T11:32:58","slug":"cem-kucuk-gezi-parki-tayyip-erdogan-1967-2","status":"publish","type":"post","link":"https:\/\/www.nationalturk.com\/tr\/cem-kucuk-gezi-parki-tayyip-erdogan-1967-2\/","title":{"rendered":"Gezi Park\u0131 Eylemleri: Tayyip Erdo\u011fan operasyonunda son perde!"},"content":{"rendered":"<p><strong>Gayet iyi niyetle ve samimi ba\u015flayan Gezi Park eylemi ne yaz\u0131k ki h\u00fck\u00fcmeti d\u00fc\u015f\u00fcrme operasyonunun bir par\u00e7as\u0131na d\u00f6n\u00fc\u015ft\u00fc. <\/strong><\/p>\n<p>Oradaki eylemcilerin iyi niyetinden, safl\u0131\u011f\u0131ndan kimsenin \u015f\u00fcphesi yok, olamaz da. Ke\u015fke bu eylem iddia edildi\u011fi gibi h\u00fck\u00fcmetin icraatlar\u0131na d\u00f6n\u00fck bir tepki olsa.<\/p>\n<p>Bug\u00fcne kadar h\u00fck\u00fcmete y\u00f6nelik \u00e7ok g\u00f6steri oldu. Oralarda da polis gaz s\u0131kt\u0131, ama i\u015f buraya kadar gelmemi\u015fti. Sonra deniliyor ki polis \u015fiddet kullanmasa i\u015f buralara kadar gelmezdi.<\/p>\n<p>Bu da tutmay\u0131nca eylemciler de birikmi\u015flik duygusu var diyorlar. Yani alkol d\u00fczenlemesi, \u00fc\u00e7\u00fcnc\u00fc k\u00f6pr\u00fcye Yavuz Sultan Selim ad\u0131n\u0131n verilmesi ve en son Gezi Park\u0131 meselesi barda\u011f\u0131 ta\u015f\u0131rm\u0131\u015f.<\/p>\n<p>Peki kimin barda\u011f\u0131n\u0131 ta\u015f\u0131rm\u0131\u015f? A\u011f\u0131rl\u0131kl\u0131 20&#8243;li ya\u015flardaki gen\u00e7ler mi bu durumdan \u015fikayet\u00e7iler? Hi\u00e7 sanm\u0131yorum. 20&#8243;li ya\u015flardaki \u00f6zellikle \u00fcniversite \u00f6\u011frencileri her \u015feye kar\u015f\u0131 olurlar. O ya\u015flarda zaten yap\u0131 olarak bir muhaliflik duygusu vard\u0131r. 20 ya\u015f\u0131ndaki gencin AK Parti&#8221;nin icraatlar\u0131n\u0131 kafas\u0131na takaca\u011f\u0131n\u0131 hi\u00e7 sanm\u0131yorum.<\/p>\n<h3>Cem K\u00fc\u00e7\u00fck: CIA y\u00f6ntemi tencere tava vurmay\u0131 nas\u0131l izah edece\u011fiz?<\/h3>\n<p>\u00d6te yandan \u015eili&#8221;de Salvador Allende&#8221;yi devirmek i\u00e7in kullan\u0131lan CIA y\u00f6ntemi tencere tava vurmay\u0131 nas\u0131l izah edece\u011fiz? \u0130stanbul&#8221;un genelde laik ve hali vakti yerinde \u00e7ocuklar\u0131n\u0131n oturdu\u011fu semtlerde tencere tava eylemi bana hi\u00e7 iyi \u015feyleri \u00e7a\u011fr\u0131\u015ft\u0131rm\u0131yor.<\/p>\n<p>Star Gazetesi&#8221;nden Mustafa Karaalio\u011flu&#8221;nun \u015fu sat\u0131rlar\u0131 i\u015fin \u00f6z\u00fcn\u00fc anlamam\u0131za \u00e7ok yard\u0131mc\u0131 olur: &#8220;Ba\u015fbakana ve h\u00fck\u00fcmetine kar\u015f\u0131 halk\u0131 soka\u011fa d\u00f6k\u00fclenler ayn\u0131 zamanda K\u00fcrt sorununda \u00e7\u00f6z\u00fcme de kar\u015f\u0131d\u0131r, ba\u015f\u00f6rt\u00fcs\u00fcne de kar\u015f\u0131d\u0131r.<\/p>\n<p>Bu durum eylemlerini, demokratik hak s\u0131n\u0131r\u0131n\u0131n d\u0131\u015f\u0131na \u00e7\u0131karmaz ama fikri me\u015fruiyetini sorunlu hale getirir. Kendi hayat tarzlar\u0131 i\u00e7in soka\u011fa d\u00f6k\u00fclenlerin s\u0131ra ba\u015fkalar\u0131n\u0131n hayat tarz\u0131na gelince kay\u0131ts\u0131z ve hatta reaksiyoner olduklar\u0131 ilgin\u00e7 bir eyleme tan\u0131kl\u0131k ediyoruz.&#8221;<\/p>\n<p>Ba\u015f\u00f6rt\u00fcs\u00fcnde \u00e7\u00f6z\u00fcm i\u00e7in k\u0131l\u0131 k\u0131p\u0131rdamayanlar, K\u00fcrt sorununun \u00e7\u00f6z\u00fcm\u00fcnde Ba\u015fbakan&#8221;\u0131 hainlikle su\u00e7layanlar hep ayn\u0131 kozan\u0131n etraf\u0131ndaki ki\u015filer. Bu z\u00fcmre istedi\u011fi kadar ink\u00e2r etsin bal gibi dine so\u011fuklar. \u0130ktidarda dindar bir liderin ve partinin olmas\u0131n\u0131 asla istemiyorlar. Ama bunu a\u00e7\u0131ktan da s\u00f6yleme cesaretleri yok. Gezi Park\u0131 eyleminde ba\u015f\u00f6rt\u00fcl\u00fclere neler yapt\u0131klar\u0131na bir bak\u0131n.<\/p>\n<p>T\u00fcrkiye ekonomik anlamda son y\u0131llar\u0131n en parlak d\u00f6nemlerini ya\u015f\u0131yor. \u00dc\u00e7\u00fcnc\u00fc k\u00f6pr\u00fc, havaalan\u0131 in\u015faatlar\u0131, di\u011fer yat\u0131r\u0131mlar alm\u0131\u015f ba\u015f\u0131n\u0131 gidiyor. IMF \u00fclkeden g\u00f6nderilmi\u015f. \u015eayet IMF&#8221;yle yeni bir anla\u015fma yap\u0131lsa ayn\u0131 g\u00fcruh \u00fclkeyi satt\u0131lar diyecekti.<\/p>\n<p>Tam da bu eylemin h\u0131zland\u0131\u011f\u0131 g\u00fcnlerde ba\u015fta ABD&#8221;deki neo-con g\u00fcd\u00fcml\u00fc Pentagon medyas\u0131 ( bu medya hakk\u0131nda s\u00f6ylenecek o kadar \u00e7ok \u015fey var ki), Rubert Murdoch&#8221;un televizyonlar\u0131, \u0130srail g\u00fcd\u00fcml\u00fc yazarlar, Esad denilen cani hep birlikte topa giriyorlar. Henri Barkey denilen sava\u015f yanl\u0131s\u0131 ve tipik bir M\u00fcsl\u00fcman d\u00fc\u015fman\u0131n\u0131n yazd\u0131klar\u0131ndan medet umuyorlar.<\/p>\n<h3>Cem K\u00fc\u00e7\u00fck: Baz\u0131lar\u0131n g\u00f6z\u00fc d\u00f6nm\u00fc\u015f<\/h3>\n<p>Hepsinin tek bir dertleri var. Tayyip Erdo\u011fan&#8221;dan kurtulmak. Baz\u0131 g\u00f6z\u00fc d\u00f6nm\u00fc\u015fler hi\u00e7 utanmadan Ba\u015fbakan i\u00e7in diktat\u00f6r deme cesaretinde bile bulunabiliyorlar.<\/p>\n<p>\u00c7\u00fcnk\u00fc Erdo\u011fan faiz lobisini s\u0131f\u0131rlad\u0131\u011f\u0131 i\u00e7in, IMF ile anla\u015fmad\u0131\u011f\u0131 i\u00e7in, kaynaklar\u0131n \u00f6nemli bir k\u0131sm\u0131n\u0131 halka aktard\u0131\u011f\u0131 i\u00e7in, savunma sanayiinde 50 milyar Dolar&#8221;l\u0131k \u00fcretimi hedefledi\u011fi i\u00e7in neo-con ve \u015fahin Amerika&#8221;n\u0131n, \u0130srail&#8221;in, Almanya&#8221;n\u0131n ve bunlar\u0131n i\u00e7erideki masonik i\u015fadamlar\u0131n\u0131n hedefinde.<\/p>\n<p>Akl\u0131nca bize demokrasi dersi vermek isteyen Almanya orada \u00f6ld\u00fcr\u00fclen vatanda\u015flar\u0131m\u0131z i\u00e7in tek bir doyurucu a\u00e7\u0131klama yapm\u0131yor. Mahkemelerini T\u00fcrk gazetecilere kapat\u0131yor. Sonra da \u00f6zg\u00fcr bas\u0131n, h\u00fcr yarg\u0131 diyor. \u0130\u015fte biz bu komplolar\u0131 T\u00fcrkiye&#8221;nin yak\u0131n tarihinde \u00e7ok g\u00f6rd\u00fck.<\/p>\n<h3>Cem K\u00fc\u00e7\u00fck: H\u00fcsn\u00fc \u00d6zye\u011fin&#8221;in sahip oldu\u011fu \u00fcniversitenin Gezi Park\u0131&#8221;nda h\u00fck\u00fcmeti ele\u015ftirmesi hi\u00e7 normal de\u011fil<\/h3>\n<p>Ko\u00e7 \u00dcniversitesi&#8221;nin ge\u00e7ti\u011fimiz Cuma g\u00fcn\u00fc s\u0131navlar\u0131 iptal edip, \u00f6\u011frencileri eyleme g\u00f6ndermesi, H\u00fcsn\u00fc \u00d6zye\u011fin&#8221;in sahip oldu\u011fu \u00fcniversitenin Gezi Park\u0131&#8221;nda h\u00fck\u00fcmeti ele\u015ftirmesi hi\u00e7 normal de\u011fil. Olamaz da.<\/p>\n<p>Ayr\u0131ca bu eyleme destekten ziyade sava\u015f ve darbe \u00e7\u0131\u011f\u0131rtkanl\u0131\u011f\u0131 yapan \u00fc\u00e7\u00fcnc\u00fc s\u0131n\u0131f gazeteciler, hayat boyu \u0130slam&#8221;dan nefret etmi\u015f sanat\u00e7\u0131 ve edebiyat\u00e7\u0131lar, kar\u0131s\u0131 milletvekili yap\u0131lmayan yazarlar, h\u00fck\u00fcmetten y\u00fcz bulamayan liberallerin ne umdu\u011funu da iyi hesaba katal\u0131m. H\u00fck\u00fcmetin me\u015fruiyetini sorgulayanlar acaba ne kadar me\u015frular? Onlara se\u00e7ilmi\u015f h\u00fck\u00fcmet hakk\u0131nda laf etme hakk\u0131n\u0131 kim veriyor?<\/p>\n<p>&#8220;Kendimi Nazi Almanyas\u0131&#8221;ndaki Yahudiler gibi hissediyorum&#8221; diyenler, New York Times&#8221;a, &#8220;T\u00fcm \u00fclke \u00e7ap\u0131nda bu ya\u015fananlar\u0131 cesurca protesto eden halk, Atat\u00fcrk &#8220;\u00fcn miras\u0131n\u0131 korumaktan gurur duymaktad\u0131r&#8221; diye ilan verenler, 28 \u015eubat vari hareketlere giri\u015fen H\u00fcrriyet gazetesi ve KESK, D\u0130SK gibi sendikalar h\u00fck\u00fcmetin icraatlar\u0131na m\u0131 tepkililer, yoksa darbe pe\u015findeler mi? Bence ikincisi.<\/p>\n<p>H\u00fck\u00fcmeti sevmeyebilirsin, nefret edebilirsin. Onunla hesapla\u015fma yolu 10 ay sonraki se\u00e7imlerdir. Ama biliyoruz ki derdiniz bu de\u011fil.<\/p>\n<p>\u00c7\u00fcnk\u00fc b\u00fct\u00fcn \u00e7\u0131k\u0131\u015f yollar\u0131n\u0131z- darbe, cunta, miting- bir i\u015fe yaram\u0131yor. Say\u0131n Erdo\u011fan&#8221;\u0131 ge\u00e7mi\u015fte devirmek i\u00e7in \u00e7ok yol denediniz ama i\u015fe yaramad\u0131. Erdo\u011fan sizin g\u00f6z\u00fcn\u00fczde M\u00fcsl\u00fcman, halktan yana bir lider ve bu hi\u00e7 ho\u015funuza gitmiyor.<\/p>\n<p>Son bir not: Hilal Kaplan d\u00fcn bir \u00f6neri de bulundu. Ben biraz daha geli\u015ftireyim. Gezi Park\u0131 ve \u00fc\u00e7\u00fcnc\u00fc k\u00f6pr\u00fc ad\u0131n\u0131 \u0130stanbul&#8221;da, alkol ve ele\u015ftirilen di\u011fer konular\u0131 T\u00fcrkiye \u00e7ap\u0131nda referanduma g\u00f6t\u00fcrelim, var m\u0131s\u0131n\u0131z?<\/p>\n<p>Cem K\u00fc\u00e7\u00fck<\/p>\n<blockquote class=\"wp-embedded-content\" data-secret=\"wz4novkY1p\"><p><a href=\"https:\/\/www.nationalturk.com\/tr\/son-dakika-gezi-parki-iddianamesi-kabul-edildi-kavalaya-3-bin-158-yil-hapis-talebi\/\">Gezi Park\u0131 iddianamesi kabul edildi! Osman Kavala&#8217;ya 3 bin 158 y\u0131l hapis talebi<\/a><\/p><\/blockquote>\n<p><iframe loading=\"lazy\" class=\"wp-embedded-content\" sandbox=\"allow-scripts\" security=\"restricted\" style=\"position: absolute; clip: rect(1px, 1px, 1px, 1px);\" title=\"&#8220;Gezi Park\u0131 iddianamesi kabul edildi! Osman Kavala&#8217;ya 3 bin 158 y\u0131l hapis talebi&#8221; &#8212; NationalTurk\" src=\"https:\/\/www.nationalturk.com\/tr\/son-dakika-gezi-parki-iddianamesi-kabul-edildi-kavalaya-3-bin-158-yil-hapis-talebi\/embed\/#?secret=eCw6QL60aY#?secret=wz4novkY1p\" data-secret=\"wz4novkY1p\" width=\"500\" height=\"282\" frameborder=\"0\" marginwidth=\"0\" marginheight=\"0\" scrolling=\"no\"><\/iframe><\/p>\n","protected":false},"excerpt":{"rendered":"<p>Gazeteci yazar Cem K\u00fc\u00e7\u00fck, Gezi Park eylemleri ile ilgili &#8216;Tayyip Erdo\u011fan operasyonunda son perde!&#8217; ba\u015fl\u0131kl\u0131m bir yaz\u0131 kaleme ald\u0131.<\/p>\n","protected":false},"author":6,"featured_media":301969,"comment_status":"open","ping_status":"closed","sticky":false,"template":"","format":"standard","meta":{"_acf_changed":false,"footnotes":""},"categories":[221420],"tags":[3557,195297,131679,92829,20421,14595,2668,102556,7699,13138,220729,126248],"class_list":["post-301967","post","type-post","status-publish","format-standard","has-post-thumbnail","hentry","category-gezi-parki-olaylari","tag-ak-parti","tag-cem-kucuk","tag-gezi-olaylari","tag-gezi-parki","tag-husnu-ozyegin","tag-imf","tag-koc-universitesi","tag-mustafa-karaalioglu","tag-new-york-times","tag-sili","tag-tayyip-erdogan","tag-yavuz-sultan-selim"],"acf":[],"_links":{"self":[{"href":"https:\/\/www.nationalturk.com\/tr\/wp-json\/wp\/v2\/posts\/301967","targetHints":{"allow":["GET"]}}],"collection":[{"href":"https:\/\/www.nationalturk.com\/tr\/wp-json\/wp\/v2\/posts"}],"about":[{"href":"https:\/\/www.nationalturk.com\/tr\/wp-json\/wp\/v2\/types\/post"}],"author":[{"embeddable":true,"href":"https:\/\/www.nationalturk.com\/tr\/wp-json\/wp\/v2\/users\/6"}],"replies":[{"embeddable":true,"href":"https:\/\/www.nationalturk.com\/tr\/wp-json\/wp\/v2\/comments?post=301967"}],"version-history":[{"count":0,"href":"https:\/\/www.nationalturk.com\/tr\/wp-json\/wp\/v2\/posts\/301967\/revisions"}],"wp:featuredmedia":[{"embeddable":true,"href":"https:\/\/www.nationalturk.com\/tr\/wp-json\/wp\/v2\/media\/301969"}],"wp:attachment":[{"href":"https:\/\/www.nationalturk.com\/tr\/wp-json\/wp\/v2\/media?parent=301967"}],"wp:term":[{"taxonomy":"category","embeddable":true,"href":"https:\/\/www.nationalturk.com\/tr\/wp-json\/wp\/v2\/categories?post=301967"},{"taxonomy":"post_tag","embeddable":true,"href":"https:\/\/www.nationalturk.com\/tr\/wp-json\/wp\/v2\/tags?post=301967"}],"curies":[{"name":"wp","href":"https:\/\/api.w.org\/{rel}","templated":true}]}}