{"id":302286,"date":"2023-12-31T12:46:29","date_gmt":"2023-12-31T09:46:29","guid":{"rendered":"https:\/\/www.nationalturk.com\/tr\/?p=302286"},"modified":"2023-12-31T12:46:29","modified_gmt":"2023-12-31T09:46:29","slug":"dilan-polat-mazhar-osmana-goturuldu","status":"publish","type":"post","link":"https:\/\/www.nationalturk.com\/tr\/dilan-polat-mazhar-osmana-goturuldu\/","title":{"rendered":"Dilan Polat Bak\u0131rk\u00f6y Ruh ve Sinir Hastal\u0131klar\u0131 Hastanesi&#8217;ne g\u00f6t\u00fcr\u00fcld\u00fc"},"content":{"rendered":"<p>Kara para aklama su\u00e7lamas\u0131yla 5 Kas\u0131m&#8217;da tutuklanan <a title=\"Dilan Polat\" href=\"https:\/\/www.nationalturk.com\/tr\/?s=dilan+polat\" target=\"_blank\" rel=\"noopener\">Dilan Polat<\/a>&#8216;\u0131n Prof. Dr. Mazhar Osman Ruh Sa\u011fl\u0131\u011f\u0131 ve Sinir Hastal\u0131klar\u0131 E\u011fitim ve Ara\u015ft\u0131rma Hastanesi&#8217;ne g\u00f6t\u00fcr\u00fcld\u00fc\u011f\u00fc \u00f6\u011frenildi.\u00a0 Yap\u0131lan tetkiklerin ard\u0131ndan Polat tekrar cezaevine g\u00f6t\u00fcr\u00fcld\u00fc.<\/p>\n<p>Dilan Polat, e\u015fi Engin Polat, karde\u015fi S\u0131la Do\u011fu&#8217;nun da aralar\u0131nda oldu\u011fu 14 \u015f\u00fcpheli, kara para aklama su\u00e7lamas\u0131yla 5 Kas\u0131m Pazar G\u00fcn\u00fc tutuklanm\u0131\u015ft\u0131. Avukatlar\u0131 Dilan Polat i\u00e7in psikolojisinin iyi olmad\u0131\u011f\u0131 y\u00f6n\u00fcnde a\u00e7\u0131klamalar yapm\u0131\u015ft\u0131. 2019 y\u0131l\u0131ndan beri <a title=\"antidepresan\" href=\"https:\/\/www.cumcuma.com\/depresyon-tedavisinde-b12-takviyesinin-onemi\/\" target=\"_blank\" rel=\"noopener\">antidepresan<\/a> ila\u00e7 kulland\u0131\u011f\u0131 \u00f6\u011frenilen Dilan Polat&#8217;\u0131n ila\u00e7lar\u0131 bitti\u011fi i\u00e7in 29 Aral\u0131k Cuma G\u00fcn\u00fc Bak\u0131rk\u00f6y Prof. Dr. Mazhar Osman Ruh Sa\u011fl\u0131\u011f\u0131 ve Sinir Hastal\u0131klar\u0131 E\u011fitim ve Ara\u015ft\u0131rma Hastanesi&#8217;ne sevk edildi\u011fi \u00f6\u011frenildi. Yap\u0131lan tetkiklerin ard\u0131ndan Polat yeniden Silivri&#8217;deki Marmara Kapal\u0131 Ceza \u0130nfaz Kurumu&#8217;na g\u00f6t\u00fcr\u00fcld\u00fc.<\/p>\n<h3><strong>Dilan Polat kimdir?<\/strong><\/h3>\n<p>D\u00fcnya genelinde 130 \u015fubesiyle G\u00fczellik merkezi, kozmetik firmas\u0131, medikal cihaz \u00fcretim firmas\u0131 gibi bir\u00e7ok alanda faaliyet g\u00f6steren i\u015f insan\u0131 ayn\u0131 zamanda sosyal medya fenomeni Dilan Polat g\u00fczellik merkezi sekt\u00f6r\u00fcnde T\u00fcrkiye\u2019nin \u00f6nde gelen markalar\u0131 aras\u0131ndad\u0131r.<\/p>\n<p>21 Temmuz 1990 y\u0131l\u0131nda \u0130stanbul\u2019da do\u011fan Dilan Polat, \u00fc\u00e7 \u00e7ocuklu bir ailenin ortanca \u00e7ocu\u011fu olarak d\u00fcnyaya geldi.<\/p>\n<blockquote class=\"wp-embedded-content\" data-secret=\"0iQJ7QJePY\"><p><a href=\"https:\/\/www.nationalturk.com\/tr\/dilan-polattan-mektup-var\/\">Dilan Polat&#8217;tan mektup var!<\/a><\/p><\/blockquote>\n<p><iframe loading=\"lazy\" class=\"wp-embedded-content\" sandbox=\"allow-scripts\" security=\"restricted\" style=\"position: absolute; clip: rect(1px, 1px, 1px, 1px);\" title=\"&#8220;Dilan Polat&#8217;tan mektup var!&#8221; &#8212; NationalTurk\" src=\"https:\/\/www.nationalturk.com\/tr\/dilan-polattan-mektup-var\/embed\/#?secret=SUQ1IHcNHM#?secret=0iQJ7QJePY\" data-secret=\"0iQJ7QJePY\" width=\"500\" height=\"282\" frameborder=\"0\" marginwidth=\"0\" marginheight=\"0\" scrolling=\"no\"><\/iframe><\/p>\n<p>&nbsp;<\/p>\n<p>Hen\u00fcz 12 ya\u015f\u0131ndayken annesini kaybeden Dilan Polat ablas\u0131 ve karde\u015fiyle birlikte uzun bir s\u00fcre teyzesinin evinde ya\u015fad\u0131. O d\u00f6nemlerde beyin t\u00fcm\u00f6r\u00fc ile m\u00fccadele eden babas\u0131n\u0131 ise birka\u00e7 y\u0131l \u00f6nce kaybetti.<\/p>\n<p>Dilan Polat ge\u00e7ti\u011fimiz y\u0131llarda aras\u0131n\u0131n bozuldu\u011fu \u00e7ok yak\u0131n bir arkada\u015f\u0131n\u0131n ger\u00e7e\u011fi if\u015fa etmesi nedeniyle hayat\u0131yla ilgili \u00e7ok b\u00fcy\u00fck bir konuyu a\u00e7\u0131klamak zorunda kalm\u0131\u015ft\u0131.<\/p>\n<p>Polat\u2019\u0131n babas\u0131 beyin t\u00fcm\u00f6r\u00fcyle m\u00fccadele etti\u011fi d\u00f6nemde ge\u00e7irdi\u011fi bir atak esnas\u0131nda e\u015fini yani Dilan Polat\u2019\u0131n annesini kendine ait tabancayla \u00f6ld\u00fcrm\u00fc\u015ft\u00fc. Olay\u0131n ya\u015fand\u0131\u011f\u0131 d\u00f6nemde 12 ya\u015f\u0131nda olan Dilan Polat k\u00fc\u00e7\u00fck ya\u015fta \u00e7ok ciddi bir travma ya\u015fam\u0131\u015f ve toparlanmas\u0131 zaman alm\u0131\u015f.<\/p>\n<p>Y\u0131llar sonra beyin t\u00fcm\u00f6r\u00fc nedeniyle babas\u0131n\u0131 da kaybeden Dilan Polat, \u201cbabam\u0131 affettim isteyerek yapmad\u0131\u011f\u0131n\u0131 biliyorum o \u00e7ok iyi bir insand\u0131\u201d \u015feklinde a\u00e7\u0131klama yapm\u0131\u015ft\u0131.<\/p>\n<p>Dilan Polat, Nilda ve Milan Efe ad\u0131nda iki \u00e7ocuk annesidir.<\/p>\n<p><iframe loading=\"lazy\" title=\"Dilan Polat'\u0131n G\u00fczellik Merkezi T\u0131kl\u0131m T\u0131kl\u0131m! 1 Ay Sonras\u0131na Randevu Verebiliyorlar #Haber\" src=\"https:\/\/www.youtube.com\/embed\/Ad6xsslz_do\" width=\"720\" height=\"405\" frameborder=\"0\" allowfullscreen=\"allowfullscreen\"><\/iframe><\/p>\n","protected":false},"excerpt":{"rendered":"<p>Cezaevine giren Dilan Polat, Prof. Dr. Mazhar Osman Ruh Sa\u011fl\u0131\u011f\u0131 ve Sinir Hastal\u0131klar\u0131 E\u011fitim ve Ara\u015ft\u0131rma Hastanesi&#8217;ne g\u00f6t\u00fcr\u00fcld\u00fc.<\/p>\n","protected":false},"author":9192226,"featured_media":302287,"comment_status":"open","ping_status":"closed","sticky":false,"template":"","format":"standard","meta":{"_acf_changed":false,"footnotes":""},"categories":[6232],"tags":[221359,221367,195945,195955],"class_list":["post-302286","post","type-post","status-publish","format-standard","has-post-thumbnail","hentry","category-magazin","tag-dilan-polat","tag-engin-polat","tag-magazin","tag-medya"],"acf":[],"_links":{"self":[{"href":"https:\/\/www.nationalturk.com\/tr\/wp-json\/wp\/v2\/posts\/302286","targetHints":{"allow":["GET"]}}],"collection":[{"href":"https:\/\/www.nationalturk.com\/tr\/wp-json\/wp\/v2\/posts"}],"about":[{"href":"https:\/\/www.nationalturk.com\/tr\/wp-json\/wp\/v2\/types\/post"}],"author":[{"embeddable":true,"href":"https:\/\/www.nationalturk.com\/tr\/wp-json\/wp\/v2\/users\/9192226"}],"replies":[{"embeddable":true,"href":"https:\/\/www.nationalturk.com\/tr\/wp-json\/wp\/v2\/comments?post=302286"}],"version-history":[{"count":0,"href":"https:\/\/www.nationalturk.com\/tr\/wp-json\/wp\/v2\/posts\/302286\/revisions"}],"wp:featuredmedia":[{"embeddable":true,"href":"https:\/\/www.nationalturk.com\/tr\/wp-json\/wp\/v2\/media\/302287"}],"wp:attachment":[{"href":"https:\/\/www.nationalturk.com\/tr\/wp-json\/wp\/v2\/media?parent=302286"}],"wp:term":[{"taxonomy":"category","embeddable":true,"href":"https:\/\/www.nationalturk.com\/tr\/wp-json\/wp\/v2\/categories?post=302286"},{"taxonomy":"post_tag","embeddable":true,"href":"https:\/\/www.nationalturk.com\/tr\/wp-json\/wp\/v2\/tags?post=302286"}],"curies":[{"name":"wp","href":"https:\/\/api.w.org\/{rel}","templated":true}]}}