{"id":302392,"date":"2024-01-18T15:59:18","date_gmt":"2024-01-18T12:59:18","guid":{"rendered":"https:\/\/www.nationalturk.com\/tr\/?p=302392"},"modified":"2026-04-26T13:03:36","modified_gmt":"2026-04-26T10:03:36","slug":"akp-ankara-adayi-turgut-altinok","status":"publish","type":"post","link":"https:\/\/www.nationalturk.com\/tr\/akp-ankara-adayi-turgut-altinok\/","title":{"rendered":"AKP Ankara aday\u0131 Turgut Alt\u0131nok! 10 isme \u00e7izik!"},"content":{"rendered":"<p>AKP&#8217;nin 48 ildeki aday\u0131 daha a\u00e7\u0131kland\u0131. Cumhurba\u015fkan\u0131 ve AKP Genel Ba\u015fkan\u0131 Erdo\u011fan, 10 kentin belediye ba\u015fkan\u0131na yeni d\u00f6nem \u015fans\u0131 tan\u0131mad\u0131.<\/p>\n<p>Daha \u00f6nce 26 ildeki aday\u0131n\u0131 a\u00e7\u0131klayan AKP&#8217;nin 48 \u015fehirdeki ba\u015fkan adaylar\u0131 da belli oldu.<\/p>\n<p>Cumhurba\u015fkan\u0131 ve AKP Genel Ba\u015fkan\u0131 Recep Tayyip Erdo\u011fan, Gaziantep, Kayseri, Konya, Aksaray, Bayburt, \u00c7orum, G\u00fcm\u00fc\u015fhane, K\u0131r\u0131kkale, K\u00fctahya, Mu\u015f, Nev\u015fehir, Ni\u011fde, Sivas, \u015e\u0131rnak, U\u015fak, Yozgat, Zonguldak&#8217;ta mevcut belediye ba\u015fkanlar\u0131yla devam etme karar\u0131 ald\u0131.<\/p>\n<p>Erdo\u011fan Kahramanmara\u015f, Malatya, Sakarya, Trabzon, Ad\u0131yaman, Afyonkarahisar, A\u011fr\u0131, Karab\u00fck, Karaman ve Kilis&#8217;te mevcut belediye ba\u015fkanlar\u0131n\u0131 aday g\u00f6stermedi.<\/p>\n<p>A\u00e7\u0131klanan belediye ba\u015fkan adaylar\u0131 \u015f\u00f6yle;<\/p>\n<p>1.    Adana \/ Fatih Mehmet Kocaispir (Y\u00fcre\u011fir Belediye Ba\u015fkan\u0131)<\/p>\n<p>2.    Ankara \/ Turgut Alt\u0131nok (Ke\u00e7i\u00f6ren Belediye Ba\u015fkan\u0131)<\/p>\n<p>3.    Antalya \/ Hakan T\u00fct\u00fcnc\u00fc (Kepez Belediye Ba\u015fkan\u0131)<\/p>\n<p>4.    Diyarbak\u0131r \/ Mehmet Halis Bilden  (Eski T\u0130GEM Genel M\u00fcd\u00fcr\u00fc) <\/p>\n<p>5.    Gaziantep \/ Fatma \u015eahin (Mevcut belediye ba\u015fkan\u0131)<\/p>\n<p>6.    Hatay \/ Mehmet \u00d6nt\u00fcrk (Eski Hatay Milletvekili)<\/p>\n<p>7.    \u0130zmir \/ Hamza Da\u011f (AKP Genel Ba\u015fkan Yard\u0131mc\u0131s\u0131)<\/p>\n<p>8.    Kahramanmara\u015f \/ F\u0131rat G\u00f6rgel (AKP Kahramanmara\u015f \u0130l Ba\u015fkan\u0131)<\/p>\n<p>9.    Kayseri \/ Memduh B\u00fcy\u00fckk\u0131l\u0131\u00e7 (Mevcut belediye ba\u015fkan\u0131)<\/p>\n<p>10.   Konya \/ U\u011fur \u0130brahim Altay (Mevcut belediye ba\u015fkan\u0131)<\/p>\n<p>11.    Malatya \/ Sami Er (\u0130stanbul \/ Fatih Belediyesi Ba\u015fkan Yard\u0131mc\u0131s\u0131)<\/p>\n<p>12.    Mardin \/ Abdullah Erin (\u015eanl\u0131urfa Valisi)<\/p>\n<p>13.    Sakarya \/ Yusuf Alemdar (Serdivan Belediyesi Ba\u015fkan\u0131)<\/p>\n<p>14.    \u015eanl\u0131urfa \/  Zeynel Abidin Beyazg\u00fcl (Mevcut belediye ba\u015fkan\u0131)<\/p>\n<p>15.    Tekirda\u011f \/ C\u00fcneyt Y\u00fcksel (Eski S\u00fcleymanpa\u015fa Belediye Ba\u015fkan\u0131)<\/p>\n<p>16.    Trabzon \/ Ahmet Metin Gen\u00e7 (Ortahisar Belediye Ba\u015fkan\u0131)<\/p>\n<p>17.    Van \u2013 Abdulahat Arvas (AKP Van Milletvekili)<\/p>\n<p>18.    Ad\u0131yaman \/ Ziya Polat (Eski Orman B\u00f6lge M\u00fcd\u00fcr\u00fc)<\/p>\n<p>19.    Afyonkarahisar \/ H\u00fcseyin Ceylan Ulu\u00e7ay (AKP Afyonkarahisar \u0130l Ba\u015fkan\u0131)<\/p>\n<p>20.    A\u011fr\u0131 \/ Mehmet Salih Ayd\u0131n (Eski A\u011fr\u0131 Baro Ba\u015fkan\u0131)<\/p>\n<p>21.    Aksaray \u2013 Evren Din\u00e7er  (Mevcut belediye ba\u015fkan\u0131)<\/p>\n<p>22.    Amasya \u2013 Mehmet Uyan\u0131k (Ziyaret Belediye Ba\u015fkan\u0131) <\/p>\n<p>23.    Ardahan \/ Yunus Baydar (T\u00fcrkiye Dam\u0131zl\u0131k S\u0131\u011f\u0131r Yeti\u015ftiricileri Genel Ba\u015fkan Yard\u0131mc\u0131s\u0131)<\/p>\n<p>24.    Batman \u2013 Adil Sebati Ceylan (Garzan-Kozluk Sulama Birli\u011fi Ba\u015fkan\u0131)<\/p>\n<p>25.    Bayburt \u2013 Mete Memi\u015f (Mevcut belediye ba\u015fkan\u0131)<\/p>\n<p>26.    Bilecik \u2013 Mustafa Yaman (Bay\u0131rk\u00f6y Belde Belediye Ba\u015fkan\u0131)<\/p>\n<p>27.    Bolu \u2013 Muhammed Emin Demirkol (Eski Bolu \u0130l Sa\u011fl\u0131k M\u00fcd\u00fcr\u00fc)<\/p>\n<p>28.    Burdur \u2013 Mehmet \u015eim\u015fek (Burdur Amat\u00f6r Spor Kul\u00fcpleri Federasyonu Ba\u015fkan\u0131)<\/p>\n<p>29.    \u00c7orum \u2013 Halil \u0130brahim A\u015fg\u0131n (Mevcut belediye ba\u015fkan\u0131)<\/p>\n<p>30.    G\u00fcm\u00fc\u015fhane \u2013 Ercan \u00c7imen (Mevcut belediye ba\u015fkan\u0131)<\/p>\n<p>31.    Hakk\u00e2ri \u2013 \u0130smet \u00d6lmez (\u0130\u015f insan\u0131)<\/p>\n<p>32.    I\u011fd\u0131r \u2013 \u00dclk\u00fc \u00d6cal (I\u011fd\u0131r Belediye Ba\u015fkan Yard\u0131mc\u0131s\u0131)<\/p>\n<p>33.    Karab\u00fck \u2013 \u00d6zkan \u00c7etinkaya (AKP Karab\u00fck Merkez \u0130l\u00e7e Ba\u015fkan\u0131)<\/p>\n<p>34.    Karaman \u2013 Mevl\u00fct Akg\u00fcn (AKP Karaman Milletvekili)<\/p>\n<p>35.    K\u0131r\u0131kkale \u2013 Mehmet Sayg\u0131l\u0131 (Mevcut belediye ba\u015fkan\u0131)<\/p>\n<p>36.    K\u0131r\u015fehir \u2013 Osman Arslan (Doktor)<\/p>\n<p>37.    Kilis \u2013 Re\u015fit Polat (Eski AKP milletvekili)<\/p>\n<p>38.    K\u00fctahya \u2013 Kamil Sara\u00e7o\u011flu (Mevcut belediye ba\u015fkan\u0131)<\/p>\n<p>39.    Mu\u015f \u2013 Feyat Asya (Mevcut belediye ba\u015fkan\u0131)<\/p>\n<p>40.    Nev\u015fehir \u2013 Mehmet Savran (Mevcut belediye ba\u015fkan\u0131)<\/p>\n<p>41.    Ni\u011fde \u2013 Emrah \u00d6zdemir (Mevcut belediye ba\u015fkan\u0131)<\/p>\n<p>42.    Siirt \u2013 Ekrem Ol\u011fa\u00e7 (AKP Siirt \u0130l Ba\u015fkan\u0131)<\/p>\n<p>43.    Sivas \u2013 Hilmi Bilgin  (Mevcut belediye ba\u015fkan\u0131)<\/p>\n<p>44.    \u015e\u0131rnak \u2013 Mehmet Yarka (Mevcut belediye ba\u015fkan\u0131)<\/p>\n<p>45.    Tunceli \u2013 Erkan Ero\u011flu (Eski AKP il ba\u015fkan\u0131)<\/p>\n<p>46.    U\u015fak \u2013 Mehmet \u00c7ak\u0131n (Mevcut belediye ba\u015fkan\u0131)<\/p>\n<p>47.    Yozgat \u2013 Celal K\u00f6se (Mevcut belediye ba\u015fkan\u0131)<\/p>\n<p>48.    Zonguldak \u2013 \u00d6mer Selim Alan(Mevcut belediye ba\u015fkan\u0131)<\/p>\n","protected":false},"excerpt":{"rendered":"<p>AKP&#8217;nin 48 ildeki aday\u0131 daha a\u00e7\u0131kland\u0131. Cumhurba\u015fkan\u0131 ve AKP Genel Ba\u015fkan\u0131 Erdo\u011fan, 10 kentin belediye ba\u015fkan\u0131na yeni d\u00f6nem \u015fans\u0131 tan\u0131mad\u0131. Daha \u00f6nce 26 ildeki aday\u0131n\u0131 a\u00e7\u0131klayan AKP&#8217;nin 48 \u015fehirdeki ba\u015fkan adaylar\u0131 da belli oldu. Cumhurba\u015fkan\u0131 ve AKP Genel Ba\u015fkan\u0131 Recep Tayyip Erdo\u011fan, Gaziantep, Kayseri, Konya, Aksaray, Bayburt, \u00c7orum, G\u00fcm\u00fc\u015fhane, K\u0131r\u0131kkale, K\u00fctahya, Mu\u015f, Nev\u015fehir, Ni\u011fde, Sivas, &hellip;<\/p>\n","protected":false},"author":4,"featured_media":302393,"comment_status":"open","ping_status":"closed","sticky":false,"template":"","format":"standard","meta":{"_acf_changed":false,"footnotes":""},"categories":[6202],"tags":[9476,1688,3667,787,4134,71934],"class_list":["post-302392","post","type-post","status-publish","format-standard","has-post-thumbnail","hentry","category-politika","tag-akp","tag-ankara","tag-mehmet-simsek","tag-recep-tayyip-erdogan","tag-tunceli","tag-turgut-altinok"],"acf":[],"_links":{"self":[{"href":"https:\/\/www.nationalturk.com\/tr\/wp-json\/wp\/v2\/posts\/302392","targetHints":{"allow":["GET"]}}],"collection":[{"href":"https:\/\/www.nationalturk.com\/tr\/wp-json\/wp\/v2\/posts"}],"about":[{"href":"https:\/\/www.nationalturk.com\/tr\/wp-json\/wp\/v2\/types\/post"}],"author":[{"embeddable":true,"href":"https:\/\/www.nationalturk.com\/tr\/wp-json\/wp\/v2\/users\/4"}],"replies":[{"embeddable":true,"href":"https:\/\/www.nationalturk.com\/tr\/wp-json\/wp\/v2\/comments?post=302392"}],"version-history":[{"count":1,"href":"https:\/\/www.nationalturk.com\/tr\/wp-json\/wp\/v2\/posts\/302392\/revisions"}],"predecessor-version":[{"id":308560,"href":"https:\/\/www.nationalturk.com\/tr\/wp-json\/wp\/v2\/posts\/302392\/revisions\/308560"}],"wp:featuredmedia":[{"embeddable":true,"href":"https:\/\/www.nationalturk.com\/tr\/wp-json\/wp\/v2\/media\/302393"}],"wp:attachment":[{"href":"https:\/\/www.nationalturk.com\/tr\/wp-json\/wp\/v2\/media?parent=302392"}],"wp:term":[{"taxonomy":"category","embeddable":true,"href":"https:\/\/www.nationalturk.com\/tr\/wp-json\/wp\/v2\/categories?post=302392"},{"taxonomy":"post_tag","embeddable":true,"href":"https:\/\/www.nationalturk.com\/tr\/wp-json\/wp\/v2\/tags?post=302392"}],"curies":[{"name":"wp","href":"https:\/\/api.w.org\/{rel}","templated":true}]}}