{"id":303726,"date":"2024-05-30T15:34:53","date_gmt":"2024-05-30T12:34:53","guid":{"rendered":"https:\/\/www.nationalturk.com\/tr\/?p=303726"},"modified":"2024-05-30T15:34:53","modified_gmt":"2024-05-30T12:34:53","slug":"kusadasinda-bir-garip-olay","status":"publish","type":"post","link":"https:\/\/www.nationalturk.com\/tr\/kusadasinda-bir-garip-olay\/","title":{"rendered":"Ku\u015fadas\u0131&#8217;nda bir garip olay"},"content":{"rendered":"<p>Ayd\u0131n&#8217;\u0131n Ku\u015fadas\u0131 il\u00e7esinde, bir erkekle tart\u0131\u015f\u0131yor gibi yapan gen\u00e7 kad\u0131n, karayoluna \u00e7\u0131karak seyir halindeki bir arac\u0131n \u00f6n\u00fcne ge\u00e7ip kendisine \u00e7arpm\u0131\u015f numaras\u0131 yaparak yerde yuvarland\u0131. Hareketsiz \u015fekilde yatan kad\u0131n\u0131n numaras\u0131n\u0131 \u00e7evredekiler yutmay\u0131nca aya\u011fa kalkt\u0131.<\/p>\n<h2>Garip olaya anlam verilemedi<\/h2>\n<p>Cep telefonuna kaydedilen olay, Ege Mahallesi Ayd\u0131n Bulvar\u0131 \u00fczerinde ya\u015fand\u0131. Objektiflere yans\u0131yan g\u00f6r\u00fcnt\u00fclere g\u00f6re, aya\u011f\u0131nda ayakkab\u0131 bile olmayan bir kad\u0131n bir erkekle yol kenar\u0131nda tart\u0131\u015f\u0131yor. Bir s\u00fcre sonra kad\u0131n dikkatlice karayoluna ko\u015farak akan trafikte bir otomobile yakla\u015f\u0131p kendisine \u00e7arpm\u0131\u015f gibi yere at\u0131p, yol kenar\u0131na kadar yuvarland\u0131. Kad\u0131n yola f\u0131rlay\u0131nca frene basarak duran otomobil s\u00fcr\u00fcc\u00fcs\u00fc \u015fa\u015fk\u0131n vaziyette kad\u0131n\u0131n hareketlerini izliyor. Objektiflere yans\u0131yan g\u00f6r\u00fcnt\u00fclerde, kaza numaras\u0131na kimse inanmay\u0131nca gen\u00e7 kad\u0131n k\u0131sa s\u00fcre \u00f6nce tart\u0131\u015ft\u0131\u011f\u0131 g\u00f6r\u00fclen adam taraf\u0131ndan yatt\u0131\u011f\u0131 yerden kald\u0131r\u0131ld\u0131.<br \/>\n<iframe loading=\"lazy\" title=\"Sonuna Kadar \u0130zleyin !! G\u00fcvenlik Kameralar\u0131na Yakalanan En Tuhaf Olaylar\" src=\"https:\/\/www.youtube.com\/embed\/1iCntXRfm7k\" width=\"720\" height=\"405\" frameborder=\"0\" allowfullscreen=\"allowfullscreen\"><\/iframe><\/p>\n<header class=\"entry-header-outer\">\n<div class=\"entry-header\">\n<p class=\"entry-sub-title\"><a href=\"https:\/\/www.nationalturk.com\/tr\/kucukcekmecede-metrobus-yangini\/\" target=\"_blank\" rel=\"noopener\">Be\u015fyol<\/a> dura\u011f\u0131nda metrob\u00fcs yang\u0131n\u0131 ya\u015fand\u0131. Yang\u0131n\u0131n ya\u015fand\u0131\u011f\u0131 metrob\u00fcsten yolcular h\u0131zla \u00e7\u0131kar\u0131l\u0131rken ekipler yang\u0131na h\u0131zla m\u00fcdehale etti.<\/p>\n<p><a title=\"Hipokrat\" href=\"https:\/\/www.hipokrat.web.tr\/\" target=\"_blank\" rel=\"noopener\">Hipokrat<\/a> \u00f6neriyor: <a href=\"https:\/\/www.hipokrat.web.tr\/fistik-alerjisi-hakkinda-her-sey\/\" target=\"_blank\" rel=\"noopener\">Bebeklik d\u00f6neminde f\u0131st\u0131k ezmesi ile tan\u0131\u015fanlarda f\u0131st\u0131k alerjisi g\u00f6r\u00fclm\u00fcyor mu?<\/a><\/p>\n<\/div>\n<\/header>\n<div class=\"featured-area\">\n<div class=\"featured-area-inner\"><\/div>\n<\/div>\n","protected":false},"excerpt":{"rendered":"<p>Ayd\u0131n Ku\u015fadas\u0131&#8217;nda bir kad\u0131n yol ortas\u0131nda yapt\u0131\u011f\u0131 ilgin\u00e7 hareketlerle dikkatleri \u00fczerine \u00e7ekti. Ya\u015fanan olaya ise bir anlam verilemedi. <\/p>\n","protected":false},"author":9192226,"featured_media":303727,"comment_status":"closed","ping_status":"closed","sticky":false,"template":"","format":"standard","meta":{"_acf_changed":false,"footnotes":""},"categories":[220549],"tags":[1799,221862,221863,1375],"class_list":["post-303726","post","type-post","status-publish","format-standard","has-post-thumbnail","hentry","category-haber","tag-aydin","tag-garip-olay","tag-ilginc-olay","tag-kusadasi"],"acf":[],"_links":{"self":[{"href":"https:\/\/www.nationalturk.com\/tr\/wp-json\/wp\/v2\/posts\/303726","targetHints":{"allow":["GET"]}}],"collection":[{"href":"https:\/\/www.nationalturk.com\/tr\/wp-json\/wp\/v2\/posts"}],"about":[{"href":"https:\/\/www.nationalturk.com\/tr\/wp-json\/wp\/v2\/types\/post"}],"author":[{"embeddable":true,"href":"https:\/\/www.nationalturk.com\/tr\/wp-json\/wp\/v2\/users\/9192226"}],"replies":[{"embeddable":true,"href":"https:\/\/www.nationalturk.com\/tr\/wp-json\/wp\/v2\/comments?post=303726"}],"version-history":[{"count":0,"href":"https:\/\/www.nationalturk.com\/tr\/wp-json\/wp\/v2\/posts\/303726\/revisions"}],"wp:featuredmedia":[{"embeddable":true,"href":"https:\/\/www.nationalturk.com\/tr\/wp-json\/wp\/v2\/media\/303727"}],"wp:attachment":[{"href":"https:\/\/www.nationalturk.com\/tr\/wp-json\/wp\/v2\/media?parent=303726"}],"wp:term":[{"taxonomy":"category","embeddable":true,"href":"https:\/\/www.nationalturk.com\/tr\/wp-json\/wp\/v2\/categories?post=303726"},{"taxonomy":"post_tag","embeddable":true,"href":"https:\/\/www.nationalturk.com\/tr\/wp-json\/wp\/v2\/tags?post=303726"}],"curies":[{"name":"wp","href":"https:\/\/api.w.org\/{rel}","templated":true}]}}