{"id":303960,"date":"2024-07-06T12:27:06","date_gmt":"2024-07-06T09:27:06","guid":{"rendered":"https:\/\/www.nationalturk.com\/tr\/?p=303960"},"modified":"2024-07-06T12:27:06","modified_gmt":"2024-07-06T09:27:06","slug":"kuzey-kutup-bolgesi-arazileri-onarilacak","status":"publish","type":"post","link":"https:\/\/www.nationalturk.com\/tr\/kuzey-kutup-bolgesi-arazileri-onarilacak\/","title":{"rendered":"T\u00fcrk bilim insanlar\u0131 Kuzey Kutup B\u00f6lgesi&#8217;nde tahrip olan arazileri onaracak"},"content":{"rendered":"<p>\u0130stanbul Teknik \u00dcniversitesi (\u0130T\u00dc) \u00c7evre M\u00fchendisli\u011fi \u00d6\u011fretim \u00dcyesi Prof. Dr. Orhan \u0130nce ve ekibi, Kuzey Kutup B\u00f6lgesi&#8217;nde zarar g\u00f6ren arazilerin eski haline getirilmesi i\u00e7in bilimsel y\u00f6ntemlerle ge\u00e7erli k\u0131l\u0131nan m\u00fchendislik \u00e7\u00f6z\u00fcmleri geli\u015ftirecek.<\/p>\n<p>\u0130T\u00dc Mikrobiyal Ekoloji Grup Ba\u015fkanl\u0131\u011f\u0131n\u0131 da yapan \u0130nce, Rusya Bilim ve Y\u00fcksek \u00d6\u011fretim Bakanl\u0131\u011f\u0131nca finanse edilen, T\u00fcmen Devlet \u00dcniversitesi taraf\u0131ndan ger\u00e7ekle\u015ftirilen TerrArctic Mega Hibe Projesi&#8217;nin bilimsel direkt\u00f6r\u00fc ve ara\u015ft\u0131rma lideri oldu.<\/p>\n<p>Bu kapsamda, 60 ki\u015filik bir ekiple Kuzey Kutup B\u00f6lgesi&#8217;nde zarar g\u00f6ren arazilerin restorasyonu i\u00e7in \u00e7al\u0131\u015fmaya ba\u015flayacak \u0130nce ve Rus ekibi, b\u00f6lgedeki hem do\u011fal hem de insan faaliyetleri sonucunda bozulan sahalar\u0131n iyile\u015ftirilmesine ve s\u00fcrd\u00fcr\u00fclebilir arazi kullan\u0131m\u0131n\u0131 sa\u011flamaya y\u00f6nelik saha ara\u015ft\u0131rmas\u0131 yapacak.<\/p>\n<p>\u0130nce, iklim de\u011fi\u015fikli\u011finin olumsuz etkilerinin son 40 y\u0131lda daha yo\u011fun \u015fekilde hissedildi\u011fini, d\u00fcnya ortalama s\u0131cakl\u0131\u011f\u0131n\u0131n yakla\u015f\u0131k 1,5 derece art\u0131\u011f\u0131n\u0131, atmosferdeki karbondioksit miktar\u0131n\u0131n 400 ppm seviyesine ula\u015ft\u0131\u011f\u0131n\u0131 belirterek, bunun ekosistemi bozmaya ba\u015flad\u0131\u011f\u0131n\u0131 s\u00f6yledi.<\/p>\n<p>Kuzey Kutup B\u00f6lgesi&#8217;nin iklim de\u011fi\u015fikli\u011finden etkilendi\u011fini vurgulayan \u0130nce, buradaki olas\u0131 bozulmalar\u0131n ba\u015fta g\u0131da ve su g\u00fcvenli\u011fi ile s\u00fcrd\u00fcr\u00fclebilir arazi kullan\u0131m\u0131 a\u00e7\u0131s\u0131ndan \u00f6nemli oldu\u011funu aktard\u0131.<\/p>\n<h2><strong>Bilimsel ve m\u00fchendislik \u00e7al\u0131\u015fmalar\u0131 ba\u015flad\u0131<\/strong><\/h2>\n<p><img loading=\"lazy\" decoding=\"async\" class=\"alignnone size-full wp-image-303962\" src=\"https:\/\/www.nationalturk.com\/tr\/wp-content\/uploads\/2024\/07\/kuzey-kutup-bolgesi-arazileri-onarilacak.webp\" alt=\"Kuzey Kutup B\u00f6lgesi, k\u00fcresel \u0131s\u0131nman\u0131n etkisiyle b\u00fcy\u00fck hasarlar alm\u0131\u015f durumda. T\u00fcrk bilim insanlar\u0131 Kuzey Kutup B\u00f6lgesi&#039;nde \u00e7al\u0131\u015fmalar y\u00fcr\u00fctecek. \" width=\"750\" height=\"430\" title=\"\"><\/p>\n<p>\u0130nce, Rusya&#8217;n\u0131n da sorumluluk alan\u0131nda aksiyon alarak ihtiya\u00e7 duyulan bilimsel ve m\u00fchendislik \u00e7al\u0131\u015fmalar\u0131n\u0131 ba\u015flatt\u0131\u011f\u0131n\u0131 ifade ederek, \u015f\u00f6yle devam etti:<\/p>\n<p>&#8220;Rusya Bilim ve Y\u00fcksek \u00d6\u011fretim Bakanl\u0131\u011f\u0131 \u015fahs\u0131m\u0131 b\u00f6yle bir stratejik projede bilimsel direkt\u00f6r ve lider ara\u015ft\u0131rmac\u0131 olarak davet etti. Projeyle Kuzey Kutup B\u00f6lgesi&#8217;nde do\u011fal ve insan kaynakl\u0131 ekolojik ve \u00e7evresel sorunlar\u0131n bilimsel esaslar \u00e7er\u00e7evesinde, g\u00fcncel inovatif m\u00fchendislik \u00e7\u00f6z\u00fcmleriyle sonu\u00e7 odakl\u0131, yani s\u00fcrd\u00fcr\u00fclebilir arazi kullan\u0131m planlar\u0131n\u0131n olu\u015fturulmas\u0131, k\u0131sa, orta ve uzun vadeli yap\u0131lacak t\u00fcm bilimsel \u00e7al\u0131\u015fmalar, iyile\u015ftirmeler ve m\u00fchendislik hizmetleri de dahil \u00f6n\u00fcm\u00fczdeki y\u0131llarda uygulanabilecek acil eylem plan\u0131n\u0131n olu\u015fturulmas\u0131 sa\u011flanacakt\u0131r.&#8221;<\/p>\n<p>Prof. Dr. \u0130nce, Kuzey Kutup B\u00f6lgesi&#8217;nde topra\u011f\u0131n kalitesinin nispeten bozuk oldu\u011funu dile getirerek, \u015f\u00f6yle devam etti:<\/p>\n<p>&#8220;Topra\u011f\u0131n kalitesinin bozuklu\u011fu canl\u0131lar\u0131n gelece\u011fini tehdit ediyor. Projeyle Kuzey Kutup B\u00f6lgesi&#8217;nin bozulmu\u015f sahalar\u0131n\u0131n \u0131slah\u0131 ve arazi kullan\u0131m planlar\u0131n\u0131n yeniden \u015fekillenmesi ama\u00e7lan\u0131yor. S\u00fcrd\u00fcr\u00fclebilir arazi kullan\u0131m plan\u0131 olu\u015fturaca\u011f\u0131z. Laboratuvar \u00e7al\u0131\u015fmalar\u0131n\u0131 takiben pilot b\u00f6lge \u00e7al\u0131\u015fmalar\u0131na ge\u00e7ece\u011fiz. Topra\u011f\u0131n kalitesini art\u0131racak biyo\u0131slah \u00e7al\u0131\u015fmalar\u0131n\u0131 yapaca\u011f\u0131z. B\u00f6ylece, Rusya&#8217;da kirlenmi\u015f ve vasf\u0131n\u0131 k\u0131smen ya da tamamen kaybetmi\u015f sahalar\u0131n rehabilitasyonu i\u00e7in pratik, ekonomik ve geni\u015f sahalara uygulanabilir m\u00fchendislik \u00e7\u00f6z\u00fcmlerini geli\u015ftirece\u011fiz. Tan\u0131mlanacak \u00e7\u00f6z\u00fcmlere ait idari, teknik ve m\u00fchendislik \u00e7al\u0131\u015fmalar\u0131n y\u00fcr\u00fct\u00fclmesiyle Kuzey Kutup B\u00f6lgesi&#8217;nin, dolay\u0131s\u0131yla d\u00fcnyam\u0131z\u0131n gelecek ku\u015faklara g\u00fcvenli olarak b\u0131rak\u0131lmas\u0131 sa\u011flanacak. Bu \u00e7al\u0131\u015fmalar\u0131n di\u011fer bir \u00f6nemli \u00e7\u0131kt\u0131s\u0131n\u0131n da g\u0131da ve su g\u00fcvenli\u011fi sa\u011flan\u0131rken salg\u0131nlardan uzak daha sa\u011fl\u0131kl\u0131 bir d\u00fcnyaya kavu\u015fmam\u0131z olacakt\u0131r.&#8221;<\/p>\n<h3><strong>\u0130lk ziyaret may\u0131sta ger\u00e7ekle\u015fti<\/strong><\/h3>\n<p>Kuzey Kutup B\u00f6lgesi TerrArctic Mega Hibe Projesi kapsam\u0131nda b\u00f6lgeye ilk ziyaretini 12-31 May\u0131s tarihlerinde T\u00fcmen Devlet \u00dcniversitesindeki meslekta\u015flar\u0131yla yapt\u0131klar\u0131n\u0131 vurgulayan Prof. Dr. \u0130nce, projenin t\u00fcm d\u00fcnya i\u00e7in \u00f6nemli oldu\u011funu kaydetti.<\/p>\n<p>Projeye T\u00fcrk bilim insanlar\u0131n\u0131 da davet edece\u011fini aktararak, kendisini tebrik eden \u0130T\u00dc Rekt\u00f6r\u00fc \u0130smail Koyuncu&#8217;nun idari ve teknik gerekli g\u00f6revlendirme onay\u0131n\u0131 hemen vererek, \u0130T\u00dc&#8217;n\u00fcn b\u00f6yle \u00f6nemli projeye dahil olmas\u0131n\u0131 sa\u011flad\u0131\u011f\u0131n\u0131 anlatt\u0131.<\/p>\n<p><iframe loading=\"lazy\" title=\"T\u00fcrk Bilim \u0130nsanlar\u0131 Antarktika'da\" src=\"https:\/\/www.youtube.com\/embed\/WlhQpRivzbw\" width=\"720\" height=\"405\" frameborder=\"0\" allowfullscreen=\"allowfullscreen\"><\/iframe><\/p>\n<p><a title=\"Hipokrat\" href=\"https:\/\/www.hipokrat.web.tr\/\" target=\"_blank\" rel=\"noopener\">Hipokrat<\/a> \u00f6neriyor: <a href=\"https:\/\/www.hipokrat.web.tr\/gunesten-yeterince-d-vitamini-aliyor-muyuz\/\" target=\"_blank\" rel=\"noopener\">G\u00fcne\u015ften yeterince D vitamini al\u0131yor muyuz?<\/a><\/p>\n<p><span id=\"Kuzey_Kutup_bolgesinin_kuluckaya_yatan_kuslar_icin_artik_guvenli_bir_liman_olmadigi_bildirildi\"><a href=\"https:\/\/www.nationalturk.com\/tr\/kuzey-kutbu-bile-artik-onlar-icin-guvenli-degil\/\" target=\"_blank\" rel=\"noopener\">Kuzey Kutup b\u00f6lgesi<\/a>nin, kulu\u00e7kaya yatan ku\u015flar i\u00e7in art\u0131k g\u00fcvenli bir liman olmad\u0131\u011f\u0131 bildirildi.<\/span><\/p>\n","protected":false},"excerpt":{"rendered":"<p>Kuzey Kutup B\u00f6lgesi, k\u00fcresel \u0131s\u0131nman\u0131n etkisiyle b\u00fcy\u00fck hasarlar alm\u0131\u015f durumda. T\u00fcrk bilim insanlar\u0131 Kuzey Kutup B\u00f6lgesi&#8217;nde \u00e7al\u0131\u015fmalar y\u00fcr\u00fctecek. <\/p>\n","protected":false},"author":9192226,"featured_media":303961,"comment_status":"closed","ping_status":"closed","sticky":false,"template":"","format":"standard","meta":{"_acf_changed":false,"footnotes":""},"categories":[220549],"tags":[14477,18392,74879,195938],"class_list":["post-303960","post","type-post","status-publish","format-standard","has-post-thumbnail","hentry","category-haber","tag-istanbul-teknik-universitesi","tag-itu","tag-kuzey-kutbu","tag-turkiye"],"acf":[],"_links":{"self":[{"href":"https:\/\/www.nationalturk.com\/tr\/wp-json\/wp\/v2\/posts\/303960","targetHints":{"allow":["GET"]}}],"collection":[{"href":"https:\/\/www.nationalturk.com\/tr\/wp-json\/wp\/v2\/posts"}],"about":[{"href":"https:\/\/www.nationalturk.com\/tr\/wp-json\/wp\/v2\/types\/post"}],"author":[{"embeddable":true,"href":"https:\/\/www.nationalturk.com\/tr\/wp-json\/wp\/v2\/users\/9192226"}],"replies":[{"embeddable":true,"href":"https:\/\/www.nationalturk.com\/tr\/wp-json\/wp\/v2\/comments?post=303960"}],"version-history":[{"count":0,"href":"https:\/\/www.nationalturk.com\/tr\/wp-json\/wp\/v2\/posts\/303960\/revisions"}],"wp:featuredmedia":[{"embeddable":true,"href":"https:\/\/www.nationalturk.com\/tr\/wp-json\/wp\/v2\/media\/303961"}],"wp:attachment":[{"href":"https:\/\/www.nationalturk.com\/tr\/wp-json\/wp\/v2\/media?parent=303960"}],"wp:term":[{"taxonomy":"category","embeddable":true,"href":"https:\/\/www.nationalturk.com\/tr\/wp-json\/wp\/v2\/categories?post=303960"},{"taxonomy":"post_tag","embeddable":true,"href":"https:\/\/www.nationalturk.com\/tr\/wp-json\/wp\/v2\/tags?post=303960"}],"curies":[{"name":"wp","href":"https:\/\/api.w.org\/{rel}","templated":true}]}}