{"id":304004,"date":"2024-07-21T19:57:48","date_gmt":"2024-07-21T16:57:48","guid":{"rendered":"https:\/\/www.nationalturk.com\/tr\/?p=304004"},"modified":"2024-07-21T19:57:48","modified_gmt":"2024-07-21T16:57:48","slug":"avcilarda-feci-cinayet","status":"publish","type":"post","link":"https:\/\/www.nationalturk.com\/tr\/avcilarda-feci-cinayet\/","title":{"rendered":"Avc\u0131lar&#8217;da feci cinayet!"},"content":{"rendered":"<p>Avc\u0131lar sahilinde gece saatlerinde bilinmeyen bir nedenle ba\u015flayan tart\u0131\u015fman\u0131n kavgaya d\u00f6n\u00fc\u015fmesi sonucu bir ki\u015fi b\u0131\u00e7aklanarak \u00f6ld\u00fcr\u00fcld\u00fc. Hayat\u0131n\u0131 kaybeden Serdar Ala&#8217;n\u0131n kavga esnas\u0131nda silah\u0131n\u0131 \u00e7ekti\u011fi ancak silah ate\u015f almay\u0131nca Eray A. taraf\u0131ndan b\u0131\u00e7akland\u0131ktan sonra denize at\u0131ld\u0131\u011f\u0131 \u00f6\u011frenildi. Hayat\u0131n\u0131 kaybeden \u015fahs\u0131n 25 su\u00e7 kayd\u0131 oldu\u011fu ortaya \u00e7\u0131kt\u0131<\/p>\n<h2><strong>Avc\u0131lar\u2019da cinayet<\/strong><\/h2>\n<p>Olay, gece saat 02.30 s\u0131ralar\u0131nda Avc\u0131lar il\u00e7esi Ambarl\u0131 Mahallesi \u0130skele Caddesi&#8217;nde meydana geldi. Edinilen bilgilere g\u00f6re, Serdar Ala ile Eray A., Onur \u00d6. ve H\u00fcseyin E. isimli \u015fah\u0131slar aras\u0131nda hen\u00fcz bilinmeyen bir nedenle tart\u0131\u015fma \u00e7\u0131kt\u0131. \u0130ddiaya g\u00f6re, tart\u0131\u015fman\u0131n k\u0131sa s\u00fcrede kavgaya d\u00f6n\u00fc\u015fmesiyle silah\u0131na davranan Serdar Ala, ate\u015f etmek istedi ancak silah\u0131 ate\u015f almad\u0131. Bunun \u00fczerine Eray A. elindeki b\u0131\u00e7akla Serdar Ala&#8217;y\u0131 g\u00f6\u011fs\u00fcnden b\u0131\u00e7aklad\u0131. Eray A., Serdar Ala&#8217;y\u0131 b\u0131\u00e7aklad\u0131ktan sonra arkada\u015f\u0131 Onur \u00d6. ile birlikte denize att\u0131. Yaral\u0131 halde denize d\u00fc\u015fen Serdar Ala, can havliyle denizden \u00e7\u0131kmaya \u00e7al\u0131\u015f\u0131rken \u015f\u00fcphelilerin \u00fczerine geldi\u011fini g\u00f6r\u00fcnce y\u00fczerek ka\u00e7maya \u00e7al\u0131\u015ft\u0131.<\/p>\n<h3><strong>Hastanede ya\u015fam\u0131n\u0131 yitirdi<\/strong><\/h3>\n<p>\u00c7evredeki vatanda\u015flar\u0131n ihbar\u0131yla olay yerine \u00e7ok say\u0131da polis ve sa\u011fl\u0131k ekibi sevk edildi. Olay yerine gelen polis ekiplerinin yard\u0131m\u0131yla denizden \u00e7\u0131kar\u0131lan Ala, kald\u0131r\u0131ld\u0131\u011f\u0131 hastanede hayat\u0131n\u0131 kaybetti. \u015e\u00fcpheliler polis taraf\u0131ndan g\u00f6zalt\u0131na al\u0131n\u0131rken, yap\u0131lan incelemenin ard\u0131ndan hayat\u0131n\u0131 kaybeden Serdar Ala&#8217;n\u0131n 25 su\u00e7 kayd\u0131 ve di\u011fer \u015f\u00fcphelilerin ise toplamda 37 su\u00e7 kayd\u0131 oldu\u011fu ortaya \u00e7\u0131kt\u0131. Avc\u0131lar Asayi\u015f B\u00fcro Amirli\u011fi ekipleri olayla ilgili \u00e7al\u0131\u015fma ba\u015flatt\u0131.<br \/>\n<iframe loading=\"lazy\" title=\"\u0130stanbul'da Kan Donduran Cinayet | Star Ana Haber\" src=\"https:\/\/www.youtube.com\/embed\/qKTkKDVd3Zg\" width=\"720\" height=\"405\" frameborder=\"0\" allowfullscreen=\"allowfullscreen\"><\/iframe><\/p>\n<header class=\"entry-header-outer\">\n<div class=\"entry-header\">\n<p class=\"entry-sub-title\">\u0130stanbul <a href=\"https:\/\/www.nationalturk.com\/tr\/avcilarda-korkunc-olay-bebegini-cope-atti\/\" target=\"_blank\" rel=\"noopener\">Avc\u0131lar<\/a>&#8216;da yeni do\u011fan bebe\u011fini \u00e7\u00f6p konteynerine b\u0131rakan kad\u0131n yakaland\u0131.<\/p>\n<p><a title=\"Turizm Gazetesi\" href=\"https:\/\/www.turizmtatilseyahat.com\/\" target=\"_blank\" rel=\"noopener\">Turizm Tatil Seyahat<\/a> \u00f6neriyor: <a href=\"https:\/\/www.turizmtatilseyahat.com\/maldivler-ucuz-mu-maldivlerde-tasarruf\/\" target=\"_blank\" rel=\"noopener\">Maldivler ucuz mu? Maldivler\u2019de tasarruf yapman\u0131n yollar\u0131<\/a><\/p>\n<\/div>\n<\/header>\n<div class=\"featured-area\">\n<div class=\"featured-area-inner\"><\/div>\n<\/div>\n","protected":false},"excerpt":{"rendered":"<p>avcilarda-feci-cinayet<\/p>\n","protected":false},"author":9192226,"featured_media":304005,"comment_status":"closed","ping_status":"closed","sticky":false,"template":"","format":"standard","meta":{"_acf_changed":false,"footnotes":""},"categories":[220549],"tags":[31495,7390,1011],"class_list":["post-304004","post","type-post","status-publish","format-standard","has-post-thumbnail","hentry","category-haber","tag-avcilar","tag-cinayet","tag-istanbul"],"acf":[],"_links":{"self":[{"href":"https:\/\/www.nationalturk.com\/tr\/wp-json\/wp\/v2\/posts\/304004","targetHints":{"allow":["GET"]}}],"collection":[{"href":"https:\/\/www.nationalturk.com\/tr\/wp-json\/wp\/v2\/posts"}],"about":[{"href":"https:\/\/www.nationalturk.com\/tr\/wp-json\/wp\/v2\/types\/post"}],"author":[{"embeddable":true,"href":"https:\/\/www.nationalturk.com\/tr\/wp-json\/wp\/v2\/users\/9192226"}],"replies":[{"embeddable":true,"href":"https:\/\/www.nationalturk.com\/tr\/wp-json\/wp\/v2\/comments?post=304004"}],"version-history":[{"count":0,"href":"https:\/\/www.nationalturk.com\/tr\/wp-json\/wp\/v2\/posts\/304004\/revisions"}],"wp:featuredmedia":[{"embeddable":true,"href":"https:\/\/www.nationalturk.com\/tr\/wp-json\/wp\/v2\/media\/304005"}],"wp:attachment":[{"href":"https:\/\/www.nationalturk.com\/tr\/wp-json\/wp\/v2\/media?parent=304004"}],"wp:term":[{"taxonomy":"category","embeddable":true,"href":"https:\/\/www.nationalturk.com\/tr\/wp-json\/wp\/v2\/categories?post=304004"},{"taxonomy":"post_tag","embeddable":true,"href":"https:\/\/www.nationalturk.com\/tr\/wp-json\/wp\/v2\/tags?post=304004"}],"curies":[{"name":"wp","href":"https:\/\/api.w.org\/{rel}","templated":true}]}}