{"id":304045,"date":"2024-08-01T09:33:46","date_gmt":"2024-08-01T06:33:46","guid":{"rendered":"https:\/\/www.nationalturk.com\/tr\/?p=304045"},"modified":"2024-08-01T09:33:46","modified_gmt":"2024-08-01T06:33:46","slug":"abdullatif-sener-oglu-anneannesini-oldurdu","status":"publish","type":"post","link":"https:\/\/www.nationalturk.com\/tr\/abdullatif-sener-oglu-anneannesini-oldurdu\/","title":{"rendered":"Abd\u00fcllatif \u015eener&#8217;in o\u011flu Bedirhan \u015eener anneannesini \u00f6ld\u00fcrd\u00fc"},"content":{"rendered":"<p>Ankara&#8217;da, eski bakanlardan Abd\u00fcllatif \u015eener&#8217;in o\u011flu Bedirhan \u015eener, evinde rehin ald\u0131\u011f\u0131 anneannesi Leyla \u00c7etiner\u2019i tabancayla vurarak \u00f6ld\u00fcrd\u00fc. \u015e\u00fcpheli \u015eener, polis taraf\u0131ndan g\u00f6zalt\u0131na al\u0131nd\u0131.<\/p>\n<h2>Abd\u00fcllatif \u015eener\u2019in o\u011flu anneannesini rehin ald\u0131<\/h2>\n<p>Olay, ak\u015fam saatlerinde \u00c7ankaya il\u00e7esi G\u00fcvenevler Mahallesi&#8217;nde meydana geldi. Eski bakan Abd\u00fcllatif \u015eener&#8217;in o\u011flu Bedirhan \u015eener ile anneannesi Leyla \u00c7etiner aras\u0131nda, Menevi\u015f Sokak&#8217;ta ikamet ettikleri evlerinde hen\u00fcz bilinmeyen nedenle tart\u0131\u015fma \u00e7\u0131kt\u0131. Tart\u0131\u015fman\u0131n b\u00fcy\u00fcmesi \u00fczerine Bedirhan \u015eener, anneannesi \u00c7etiner&#8217;i tabancayla rehin ald\u0131. Bunun \u00fczerine Abd\u00fcllatif \u015eener, soka\u011fa \u00e7\u0131karak durumu polis ekiplerine bildirdi. \u0130hbar \u00fczerine olay yerine \u00e7ok say\u0131da polis ve sa\u011fl\u0131k ekibi sevk edildi. Polis ekiplerinin destek istemesi \u00fczerine b\u00f6lgeye \u00f6zel harekat polisleri sevk edildi. Bu s\u0131rada Bedirhan \u015eener\u2019in tabancas\u0131n\u0131 ate\u015flemesi sonucu anneannesi \u00c7etiner, vuruldu.\u00a0 Bedirhan \u015eener polis ekiplerince g\u00f6zalt\u0131na al\u0131n\u0131rken, sa\u011fl\u0131k ekiplerince yap\u0131lan kontrolde Leyla \u00c7etiner\u2019in hayat\u0131n\u0131 kaybetti\u011fi belirlendi. Olayla ilgili soru\u015fturma s\u00fcrd\u00fcr\u00fcl\u00fcyor.<br \/>\n<iframe loading=\"lazy\" title=\"#SONDAK\u0130KA | Eski Bakan Abd\u00fcllatif \u015eener'in O\u011flu Anneannesini Vurdu! Cinayet Sonras\u0131 \u0130lk A\u00e7\u0131klama!\" src=\"https:\/\/www.youtube.com\/embed\/44oC9n0JdC4\" width=\"720\" height=\"405\" frameborder=\"0\" allowfullscreen=\"allowfullscreen\"><\/iframe><\/p>\n<header class=\"entry-header-outer\">\n<div class=\"entry-header\">\n<p class=\"entry-sub-title\">Bir s\u00fcredir sa\u011fl\u0131k sorunlar\u0131yla bo\u011fu\u015fan \u00fcnl\u00fc oyuncu <a href=\"https:\/\/www.nationalturk.com\/tr\/genco-erkal-hayatini-kaybetti\/\" target=\"_blank\" rel=\"noopener\">Genco Erkal<\/a> 86 ya\u015f\u0131nda hayat\u0131n\u0131 kaybetti.<\/p>\n<\/div>\n<\/header>\n<div class=\"featured-area\">\n<div class=\"featured-area-inner\"><a title=\"Turizm Gazetesi\" href=\"https:\/\/www.turizmtatilseyahat.com\/\" target=\"_blank\" rel=\"noopener\">Turizm Tatil Seyahat<\/a> \u00f6neriyor: <a href=\"https:\/\/www.turizmtatilseyahat.com\/yunanistanin-balayi-icin-en-iyi-adalari\/\" target=\"_blank\" rel=\"noopener\">\u0130\u015fte Yunanistan\u2019\u0131n balay\u0131 i\u00e7in en iyi adalar\u0131<\/a><\/div>\n<\/div>\n","protected":false},"excerpt":{"rendered":"<p>Eski bakanlardan Abd\u00fcllatif \u015eener&#8217;in o\u011flu Bedirhan \u015eener, evinde rehin ald\u0131\u011f\u0131 anneannesi \u00f6ld\u00fcrd\u00fc. <\/p>\n","protected":false},"author":9192226,"featured_media":304046,"comment_status":"closed","ping_status":"closed","sticky":false,"template":"","format":"standard","meta":{"_acf_changed":false,"footnotes":""},"categories":[220549],"tags":[9357,221966,7390,67189],"class_list":["post-304045","post","type-post","status-publish","format-standard","has-post-thumbnail","hentry","category-haber","tag-abdullatif-sener","tag-bedirhan-sener","tag-cinayet","tag-rehine"],"acf":[],"_links":{"self":[{"href":"https:\/\/www.nationalturk.com\/tr\/wp-json\/wp\/v2\/posts\/304045","targetHints":{"allow":["GET"]}}],"collection":[{"href":"https:\/\/www.nationalturk.com\/tr\/wp-json\/wp\/v2\/posts"}],"about":[{"href":"https:\/\/www.nationalturk.com\/tr\/wp-json\/wp\/v2\/types\/post"}],"author":[{"embeddable":true,"href":"https:\/\/www.nationalturk.com\/tr\/wp-json\/wp\/v2\/users\/9192226"}],"replies":[{"embeddable":true,"href":"https:\/\/www.nationalturk.com\/tr\/wp-json\/wp\/v2\/comments?post=304045"}],"version-history":[{"count":0,"href":"https:\/\/www.nationalturk.com\/tr\/wp-json\/wp\/v2\/posts\/304045\/revisions"}],"wp:featuredmedia":[{"embeddable":true,"href":"https:\/\/www.nationalturk.com\/tr\/wp-json\/wp\/v2\/media\/304046"}],"wp:attachment":[{"href":"https:\/\/www.nationalturk.com\/tr\/wp-json\/wp\/v2\/media?parent=304045"}],"wp:term":[{"taxonomy":"category","embeddable":true,"href":"https:\/\/www.nationalturk.com\/tr\/wp-json\/wp\/v2\/categories?post=304045"},{"taxonomy":"post_tag","embeddable":true,"href":"https:\/\/www.nationalturk.com\/tr\/wp-json\/wp\/v2\/tags?post=304045"}],"curies":[{"name":"wp","href":"https:\/\/api.w.org\/{rel}","templated":true}]}}