{"id":304962,"date":"2024-09-11T20:02:10","date_gmt":"2024-09-11T17:02:10","guid":{"rendered":"https:\/\/www.nationalturk.com\/tr\/?p=304962"},"modified":"2024-09-11T21:33:31","modified_gmt":"2024-09-11T18:33:31","slug":"narinin-amcasi-muhtarliktan-uzaklastirildi","status":"publish","type":"post","link":"https:\/\/www.nationalturk.com\/tr\/narinin-amcasi-muhtarliktan-uzaklastirildi\/","title":{"rendered":"Narin&#8217;in amcas\u0131 muhtarl\u0131ktan uzakla\u015ft\u0131r\u0131ld\u0131"},"content":{"rendered":"<p>Diyarbak\u0131r\u2019da <a href=\"https:\/\/www.nationalturk.com\/gundem\/amca-salim-guran-bunu-aciklayamam\/\" target=\"_blank\" rel=\"noopener\">Narin G\u00fcran<\/a> cinayetiyle ilgili soru\u015fturma kapsam\u0131nda tutuklanan Ta\u015fvantepe Mahallesi Muhtar\u0131 Salim G\u00fcran, g\u00f6revden uzakla\u015ft\u0131r\u0131ld\u0131.<\/p>\n<h2>Narin&#8217;in amcas\u0131 g\u00f6revden uzakla\u015ft\u0131r\u0131ld\u0131<\/h2>\n<p>Merkez Ba\u011flar il\u00e7esindeki Tav\u015fantepe Mahallesi\u2019nde 21 A\u011fustos g\u00fcn\u00fc kaybolan ve 19 g\u00fcn sonra 8 Eyl\u00fcl\u2019de yap\u0131lan arama \u00e7al\u0131\u015fmalar\u0131nda cans\u0131z bedenine ula\u015f\u0131lan 8 ya\u015f\u0131ndaki Narin G\u00fcran\u2019\u0131n cinayetine ili\u015fkin soru\u015fturma s\u00fcr\u00fcyor.<\/p>\n<p>Narin\u2019in kayboldu\u011fu s\u00fcrede g\u00f6zalt\u0131na al\u0131nd\u0131ktan sonra 2 Eyl\u00fcl&#8217;de \u00e7\u0131kar\u0131ld\u0131\u011f\u0131 mahkemece tutuklanan amca Salim G\u00fcran, Tav\u015fantepe Mahalle muhtarl\u0131\u011f\u0131 g\u00f6revinden Ba\u011flar Kaymakaml\u0131\u011f\u0131 taraf\u0131ndan uzakla\u015ft\u0131r\u0131ld\u0131.<br \/>\n<iframe loading=\"lazy\" title=\"Narin G\u00fcran cinayetinde s\u0131r 72 dakika! Narin'in amcas\u0131 Salim G\u00fcran, Antalya'da 5 kez kimi arad\u0131?\" src=\"https:\/\/www.youtube.com\/embed\/nkTzmOLkC2I\" width=\"720\" height=\"405\" frameborder=\"0\" allowfullscreen=\"allowfullscreen\"><\/iframe><\/p>\n<p><a title=\"Turizm Gazetesi\" href=\"https:\/\/www.turizmtatilseyahat.com\/\" target=\"_blank\" rel=\"noopener\">Turizm Tatil Seyahat<\/a> \u00f6neriyor: <a href=\"https:\/\/www.turizmtatilseyahat.com\/maldivler-hakkinda-sasirtacak-bilgiler\/\" target=\"_blank\" rel=\"noopener\">Maldivler hakk\u0131nda sizi \u015fa\u015f\u0131rtacak ilgin\u00e7 bilgiler<\/a><\/p>\n","protected":false},"excerpt":{"rendered":"<p>Narin G\u00fcran&#8217;\u0131n \u00f6l\u00fcm\u00fcyle ilgili tutuklananlar aras\u0131nda yer alan Salim G\u00fcran muhtarl\u0131ktan uzakla\u015ft\u0131r\u0131ld\u0131. <\/p>\n","protected":false},"author":9192226,"featured_media":304966,"comment_status":"closed","ping_status":"closed","sticky":false,"template":"","format":"standard","meta":{"_acf_changed":false,"footnotes":""},"categories":[220549],"tags":[1470,222010,222011],"class_list":["post-304962","post","type-post","status-publish","format-standard","has-post-thumbnail","hentry","category-haber","tag-diyarbakir","tag-narin","tag-narin-guran"],"acf":[],"_links":{"self":[{"href":"https:\/\/www.nationalturk.com\/tr\/wp-json\/wp\/v2\/posts\/304962","targetHints":{"allow":["GET"]}}],"collection":[{"href":"https:\/\/www.nationalturk.com\/tr\/wp-json\/wp\/v2\/posts"}],"about":[{"href":"https:\/\/www.nationalturk.com\/tr\/wp-json\/wp\/v2\/types\/post"}],"author":[{"embeddable":true,"href":"https:\/\/www.nationalturk.com\/tr\/wp-json\/wp\/v2\/users\/9192226"}],"replies":[{"embeddable":true,"href":"https:\/\/www.nationalturk.com\/tr\/wp-json\/wp\/v2\/comments?post=304962"}],"version-history":[{"count":0,"href":"https:\/\/www.nationalturk.com\/tr\/wp-json\/wp\/v2\/posts\/304962\/revisions"}],"wp:featuredmedia":[{"embeddable":true,"href":"https:\/\/www.nationalturk.com\/tr\/wp-json\/wp\/v2\/media\/304966"}],"wp:attachment":[{"href":"https:\/\/www.nationalturk.com\/tr\/wp-json\/wp\/v2\/media?parent=304962"}],"wp:term":[{"taxonomy":"category","embeddable":true,"href":"https:\/\/www.nationalturk.com\/tr\/wp-json\/wp\/v2\/categories?post=304962"},{"taxonomy":"post_tag","embeddable":true,"href":"https:\/\/www.nationalturk.com\/tr\/wp-json\/wp\/v2\/tags?post=304962"}],"curies":[{"name":"wp","href":"https:\/\/api.w.org\/{rel}","templated":true}]}}