{"id":305652,"date":"2025-01-19T20:17:27","date_gmt":"2025-01-19T17:17:27","guid":{"rendered":"https:\/\/www.nationalturk.com\/tr\/?p=305652"},"modified":"2025-01-19T20:17:27","modified_gmt":"2025-01-19T17:17:27","slug":"kirmizi-bultenle-aranan-iki-kisi-yakalandi","status":"publish","type":"post","link":"https:\/\/www.nationalturk.com\/tr\/kirmizi-bultenle-aranan-iki-kisi-yakalandi\/","title":{"rendered":"K\u0131rm\u0131z\u0131 B\u00fcltenle Aranan Ercan Y\u0131lmaz ve \u0130brahim Kaymak T\u00fcrkiye&#8217;ye \u0130ade Edildi"},"content":{"rendered":"<p>Organize su\u00e7 \u00f6rg\u00fct\u00fc eleba\u015f\u0131 Ercan Y\u0131lmaz ve su\u00e7 \u00f6rg\u00fct\u00fc \u00fcyesi \u0130brahim Kaymak, T\u00fcrk polisinin titiz \u00e7al\u0131\u015fmalar\u0131 sonucu Ermenistan\u2019dan T\u00fcrkiye\u2019ye getirildi. \u0130\u00e7i\u015fleri Bakanl\u0131\u011f\u0131, iade s\u00fcrecindeki i\u015fbirli\u011fi nedeniyle Ermenistan yetkililerine te\u015fekk\u00fcr etti. Y\u0131lmaz ve Kaymak, i\u015fledikleri su\u00e7lardan dolay\u0131 T\u00fcrk adaletine hesap verecek.<\/p>\n<h2><strong>15 Y\u0131ll\u0131k Ka\u00e7\u0131\u015f Sona Erdi<\/strong><\/h2>\n<p>Ercan Y\u0131lmaz, 15 y\u0131ld\u0131r 43 yakalama emriyle ulusal, 14 y\u0131ld\u0131r da Interpol taraf\u0131ndan k\u0131rm\u0131z\u0131 b\u00fcltenle uluslararas\u0131 d\u00fczeyde aran\u0131yordu. Bar\u0131\u015f Boyun su\u00e7 \u00f6rg\u00fct\u00fcyle ba\u011flant\u0131l\u0131 bir \u00f6rg\u00fct\u00fcn eleba\u015f\u0131 oldu\u011fu belirtilen Y\u0131lmaz, T\u00fcrkiye\u2019ye getirilerek tutukland\u0131.<\/p>\n<p>\u0130brahim Kaymak ise 6 y\u0131ld\u0131r 10 yakalama emriyle ulusal, 1 y\u0131ld\u0131r da Interpol taraf\u0131ndan uluslararas\u0131 seviyede aran\u0131yordu. Kaymak\u2019\u0131n su\u00e7 \u00f6rg\u00fct\u00fc \u00fcyesi oldu\u011fu ifade edildi.<\/p>\n<h3><strong>Uluslararas\u0131 \u0130\u015fbirli\u011fiyle Ba\u015far\u0131<\/strong><\/h3>\n<p>T\u00fcrk polisinin Adalet ve D\u0131\u015fi\u015fleri Bakanl\u0131klar\u0131, Interpol-Europol Daire Ba\u015fkanl\u0131\u011f\u0131, Ka\u00e7ak\u00e7\u0131l\u0131k ve Organize Su\u00e7larla M\u00fccadele Ba\u015fkanl\u0131\u011f\u0131, \u0130stihbarat Ba\u015fkanl\u0131\u011f\u0131 ve Ordu \u0130l Emniyet M\u00fcd\u00fcrl\u00fc\u011f\u00fc ile koordineli \u00e7al\u0131\u015fmalar\u0131 sonucu, iki su\u00e7lunun Ermenistan\u2019da tutuklanmalar\u0131 sa\u011fland\u0131. S\u00fcrecin sonunda \u00f6zel operasyonlarla her iki su\u00e7lu T\u00fcrkiye\u2019ye getirildi.<\/p>\n<h3><strong>Ermenistan\u2019a Te\u015fekk\u00fcr<\/strong><\/h3>\n<p>\u0130\u00e7i\u015fleri Bakanl\u0131\u011f\u0131, iade s\u00fcrecindeki i\u015fbirli\u011fi nedeniyle Ermenistan Adalet Bakan Yard\u0131mc\u0131s\u0131 Tigran Dadunts\u2019a te\u015fekk\u00fcr ederek, \u201cOrganize su\u00e7 \u00f6rg\u00fctleriyle m\u00fccadelemiz s\u0131n\u0131rlar\u0131m\u0131z\u0131n \u00f6tesinde de kararl\u0131l\u0131kla devam edecektir\u201d mesaj\u0131n\u0131 verdi. D\u0131\u015fi\u015fleri Bakanl\u0131\u011f\u0131 da Ermenistan\u2019\u0131n Interpol i\u015fbirli\u011fi \u00e7er\u00e7evesinde g\u00f6sterdi\u011fi tutumu takdirle kar\u015f\u0131lad\u0131\u011f\u0131n\u0131 a\u00e7\u0131klad\u0131.<\/p>\n<h3><strong>T\u00fcrkiye\u2019de ve Yurtd\u0131\u015f\u0131nda Operasyonlar<\/strong><\/h3>\n<p>\u0130\u00e7i\u015fleri Bakanl\u0131\u011f\u0131\u2019n\u0131n verdi\u011fi bilgiye g\u00f6re, 4 Haziran 2023 ile 10 Ocak 2025 tarihleri aras\u0131nda, k\u0131rm\u0131z\u0131 b\u00fcltenle veya dif\u00fczyon mesaj\u0131 ile aranan 760 ki\u015fi T\u00fcrkiye\u2019de yakaland\u0131. Ayn\u0131 d\u00f6nemde, yurt d\u0131\u015f\u0131nda k\u0131rm\u0131z\u0131 b\u00fcltenle aranan 242 ki\u015fi T\u00fcrkiye\u2019ye iade edildi.<\/p>\n<p><iframe loading=\"lazy\" title=\"T\u00fcrkiye \u2013 Ermenistan \u0130\u015f Birli\u011fi Su\u00e7 \u00d6rg\u00fct\u00fcn\u00fc \u00c7\u00f6kertti! Eleba\u015f\u0131 Ercan Y\u0131lmaz T\u00fcrkiye\u2019ye Getirildi!\" src=\"https:\/\/www.youtube.com\/embed\/7kszA8wwhAs\" width=\"720\" height=\"405\" frameborder=\"0\" allowfullscreen=\"allowfullscreen\"><\/iframe><\/p>\n<header class=\"entry-header-outer\">\n<div class=\"entry-header\">\n<p class=\"entry-sub-title\"><a href=\"https:\/\/www.nationalturk.com\/tr\/bagcilarda-cinayet-cocuk-olduruldu\/\" target=\"_blank\" rel=\"noopener\">Ba\u011fc\u0131lar<\/a>\u2019da bir eve giren 51 ya\u015f\u0131ndaki sald\u0131rgan, iki karde\u015fe ta\u015f ve b\u0131\u00e7akla sald\u0131rd\u0131. 12 ya\u015f\u0131ndaki Meryem Samou hayat\u0131n\u0131 kaybederken, 5 ya\u015f\u0131ndaki Ahmet Samou yaral\u0131 olarak hastaneye kald\u0131r\u0131ld\u0131.<\/p>\n<p><a title=\"Turizm Gazetesi\" href=\"https:\/\/www.turizmtatilseyahat.com\/\" target=\"_blank\" rel=\"noopener\">Turizm Tatil Seyahat<\/a> \u00f6neriyor: <a href=\"https:\/\/www.turizmtatilseyahat.com\/pattaya-egzotik-bulusma-noktasi\/\" target=\"_blank\" rel=\"noopener\">Pattaya: Tayland\u2019\u0131n egzotik bulu\u015fma noktas\u0131<\/a><\/p>\n<\/div>\n<\/header>\n<div class=\"featured-area\">\n<div class=\"featured-area-inner\"><\/div>\n<\/div>\n","protected":false},"excerpt":{"rendered":"<p>K\u0131rm\u0131z\u0131 b\u00fcltenle aranan Ercan Y\u0131lmaz ve \u0130brahim Kaymak, T\u00fcrk polisinin Ermenistan&#8217;da y\u00fcr\u00fctt\u00fc\u011f\u00fc operasyonla T\u00fcrkiye&#8217;ye getirildi. <\/p>\n","protected":false},"author":9192226,"featured_media":305653,"comment_status":"closed","ping_status":"closed","sticky":false,"template":"","format":"standard","meta":{"_acf_changed":false,"footnotes":""},"categories":[6155],"tags":[3506,97956,221841,195938],"class_list":["post-305652","post","type-post","status-publish","format-standard","has-post-thumbnail","hentry","category-gundem","tag-ermenistan","tag-interpol","tag-kirmizi-bulten","tag-turkiye"],"acf":[],"_links":{"self":[{"href":"https:\/\/www.nationalturk.com\/tr\/wp-json\/wp\/v2\/posts\/305652","targetHints":{"allow":["GET"]}}],"collection":[{"href":"https:\/\/www.nationalturk.com\/tr\/wp-json\/wp\/v2\/posts"}],"about":[{"href":"https:\/\/www.nationalturk.com\/tr\/wp-json\/wp\/v2\/types\/post"}],"author":[{"embeddable":true,"href":"https:\/\/www.nationalturk.com\/tr\/wp-json\/wp\/v2\/users\/9192226"}],"replies":[{"embeddable":true,"href":"https:\/\/www.nationalturk.com\/tr\/wp-json\/wp\/v2\/comments?post=305652"}],"version-history":[{"count":1,"href":"https:\/\/www.nationalturk.com\/tr\/wp-json\/wp\/v2\/posts\/305652\/revisions"}],"predecessor-version":[{"id":305654,"href":"https:\/\/www.nationalturk.com\/tr\/wp-json\/wp\/v2\/posts\/305652\/revisions\/305654"}],"wp:featuredmedia":[{"embeddable":true,"href":"https:\/\/www.nationalturk.com\/tr\/wp-json\/wp\/v2\/media\/305653"}],"wp:attachment":[{"href":"https:\/\/www.nationalturk.com\/tr\/wp-json\/wp\/v2\/media?parent=305652"}],"wp:term":[{"taxonomy":"category","embeddable":true,"href":"https:\/\/www.nationalturk.com\/tr\/wp-json\/wp\/v2\/categories?post=305652"},{"taxonomy":"post_tag","embeddable":true,"href":"https:\/\/www.nationalturk.com\/tr\/wp-json\/wp\/v2\/tags?post=305652"}],"curies":[{"name":"wp","href":"https:\/\/api.w.org\/{rel}","templated":true}]}}