{"id":306110,"date":"2025-03-17T16:46:51","date_gmt":"2025-03-17T13:46:51","guid":{"rendered":"https:\/\/www.nationalturk.com\/tr\/?p=306110"},"modified":"2025-03-17T16:46:51","modified_gmt":"2025-03-17T13:46:51","slug":"kuzey-makedonya-yaralilar-son-durum","status":"publish","type":"post","link":"https:\/\/www.nationalturk.com\/tr\/kuzey-makedonya-yaralilar-son-durum\/","title":{"rendered":"Kuzey Makedonya\u2019daki facian\u0131n ard\u0131ndan ya\u015fananlar"},"content":{"rendered":"<p><a title=\"Kuzey Makedonya ka\u00e7 saat\" href=\"https:\/\/www.turizmtatilseyahat.com\/makedonya-ucakla-kac-saat\/\" target=\"_blank\" rel=\"noopener\">Kuzey Makedonya<\/a>\u2019n\u0131n Ko\u00e7ani kentinde 16 Mart\u2019ta bir gece kul\u00fcb\u00fcnde \u00e7\u0131kan yang\u0131nda 59 ki\u015fi ya\u015fam\u0131n\u0131 yitirirken, 155 ki\u015fi yaraland\u0131. Yang\u0131n\u0131n ard\u0131ndan Ko\u00e7ani Belediye Ba\u015fkan\u0131 Ljupco Papazov, sosyal medya hesab\u0131ndan yapt\u0131\u011f\u0131 a\u00e7\u0131klamayla istifa etti\u011fini duyurdu.<\/p>\n<p>Papazov, a\u00e7\u0131klamas\u0131nda, &#8220;Bu \u00e7ok b\u00fcy\u00fck bir kay\u0131p. Hissetti\u011fimiz ac\u0131y\u0131 tarif edebilecek bir kelime yok. O \u00e7ocuklar bizim \u00e7ocuklar\u0131m\u0131zd\u0131. \u00c7o\u011funu tan\u0131yordum, ailelerini tan\u0131yordum ve baz\u0131lar\u0131 aile dostlar\u0131m\u0131zd\u0131. Belediye Ba\u015fkanl\u0131\u011f\u0131 g\u00f6revinden geri d\u00f6n\u00fclmez bir \u015fekilde istifa ediyorum&#8221; ifadelerini kulland\u0131.<\/p>\n<p><a title=\"Cinayetten aranan parti lideri Bal\u0131kesir\u2019de yakaland\u0131\" href=\"https:\/\/www.nationalturk.com\/tr\/kuzey-makedonyada-araniyordu-yakalandi\/\" target=\"_blank\" rel=\"noopener\">Kuzey Makedonya<\/a> h\u00fck\u00fcmeti, yang\u0131n felaketinin ard\u0131ndan \u00fclkede 7 g\u00fcn s\u00fcreyle milli yas ilan etti\u011fini a\u00e7\u0131klad\u0131.<\/p>\n<h2><strong>Kuzey Makedonya\u2019daki A\u011f\u0131r Yaral\u0131lar T\u00fcrkiye ve Bulgaristan\u2019a Sevk Edildi<\/strong><\/h2>\n<p><img loading=\"lazy\" decoding=\"async\" class=\"alignnone size-medium wp-image-306112\" src=\"https:\/\/www.nationalturk.com\/tr\/wp-content\/uploads\/2025\/03\/kuzey-makedonya-750x500.jpeg\" alt=\"\" width=\"750\" height=\"500\" title=\"\" srcset=\"https:\/\/www.nationalturk.com\/tr\/wp-content\/uploads\/2025\/03\/kuzey-makedonya-750x500.jpeg 750w, https:\/\/www.nationalturk.com\/tr\/wp-content\/uploads\/2025\/03\/kuzey-makedonya.jpeg 753w\" sizes=\"auto, (max-width: 750px) 100vw, 750px\" \/><\/p>\n<p>Yang\u0131nda yaralananlardan 9 ki\u015fi, T\u00fcrkiye\u2019nin g\u00f6nderdi\u011fi ambulans u\u00e7aklarla Ankara ve \u0130stanbul\u2019daki hastanelere getirildi. Ankara Bilkent \u015eehir Hastanesi Yan\u0131k Merkezi\u2019nde tedavi alt\u0131na al\u0131nan 6 yaral\u0131n\u0131n sa\u011fl\u0131k durumunun kritik oldu\u011fu bildirildi.<\/p>\n<p>\u00d6te yandan, Bulgaristan\u2019a sevk edilen 14 yaral\u0131dan 8\u2019i ba\u015fkent Sofya\u2019daki Pirogov Acil Yard\u0131m Hastanesi&#8217;nde yo\u011fun bak\u0131mda tutuluyor. Di\u011fer yaral\u0131lar ise Filibe (Plovdiv) ve Varna\u2019daki hastanelerde tedavi g\u00f6r\u00fcyor. Pirogov Hastanesi Ba\u015fhekimi Valentin Dimitrov, t\u00fcm hastalar\u0131n durumunun ciddi oldu\u011funu belirterek kan ba\u011f\u0131\u015f\u0131 kampanyas\u0131 ba\u015flatt\u0131klar\u0131n\u0131 duyurdu.<\/p>\n<p>Bulgaristan Ba\u015fbakan\u0131 Rosen Jelyazkov, yang\u0131nda hayat\u0131n\u0131 kaybedenlerin ailelerine ba\u015fsa\u011fl\u0131\u011f\u0131 diledi ve Bulgaristan\u2019\u0131n kom\u015fusuna her t\u00fcrl\u00fc yard\u0131ma haz\u0131r oldu\u011funu vurgulad\u0131. \u00dclkede 18 Mart i\u00e7in ulusal yas ilan edildi.<\/p>\n<p><strong>Yang\u0131n\u0131n Sebebi ve Ara\u015ft\u0131rmalar Devam Ediyor<\/strong><\/p>\n<p>Yetkililer, yang\u0131n\u0131n piroteknik maddeler nedeniyle \u00e7\u0131kt\u0131\u011f\u0131n\u0131 belirtti. Yang\u0131n\u0131n ard\u0131ndan ba\u015flat\u0131lan soru\u015fturmada gece kul\u00fcb\u00fcn\u00fcn g\u00fcvenlik \u00f6nlemleri ve \u00e7\u0131k\u0131\u015f yollar\u0131na dair incelemeler s\u00fcr\u00fcyor.<br \/>\n<iframe loading=\"lazy\" title=\"Tragic Nightclub Fire in North Macedonia Kills 51 | Shocking Footage | News9\" src=\"https:\/\/www.youtube.com\/embed\/PIgwzI-On8o\" width=\"720\" height=\"405\" frameborder=\"0\" allowfullscreen=\"allowfullscreen\"><\/iframe><\/p>\n","protected":false},"excerpt":{"rendered":"<p>Kuzey Makedonya\u2019n\u0131n Ko\u00e7ani kentinde bir gece kul\u00fcb\u00fcnde \u00e7\u0131kan yang\u0131nda 59 ki\u015fi hayat\u0131n\u0131 kaybederken, 155 ki\u015fi yaraland\u0131. <\/p>\n","protected":false},"author":9192226,"featured_media":306111,"comment_status":"closed","ping_status":"closed","sticky":false,"template":"","format":"standard","meta":{"_acf_changed":false,"footnotes":""},"categories":[6770,6665],"tags":[222261,222260,8,222258,53083,222257,219827,195938,222262,25429,222259],"class_list":["post-306110","post","type-post","status-publish","format-standard","has-post-thumbnail","hentry","category-avrupa","category-dunya","tag-ambulans-ucak","tag-belediye-baskani-istifa","tag-bulgaristan","tag-gece-kulubu-yangini","tag-hastane","tag-kocani","tag-kuzey-makedonya","tag-turkiye","tag-ulusal-yas","tag-yangin","tag-yaralilar"],"acf":[],"_links":{"self":[{"href":"https:\/\/www.nationalturk.com\/tr\/wp-json\/wp\/v2\/posts\/306110","targetHints":{"allow":["GET"]}}],"collection":[{"href":"https:\/\/www.nationalturk.com\/tr\/wp-json\/wp\/v2\/posts"}],"about":[{"href":"https:\/\/www.nationalturk.com\/tr\/wp-json\/wp\/v2\/types\/post"}],"author":[{"embeddable":true,"href":"https:\/\/www.nationalturk.com\/tr\/wp-json\/wp\/v2\/users\/9192226"}],"replies":[{"embeddable":true,"href":"https:\/\/www.nationalturk.com\/tr\/wp-json\/wp\/v2\/comments?post=306110"}],"version-history":[{"count":1,"href":"https:\/\/www.nationalturk.com\/tr\/wp-json\/wp\/v2\/posts\/306110\/revisions"}],"predecessor-version":[{"id":306113,"href":"https:\/\/www.nationalturk.com\/tr\/wp-json\/wp\/v2\/posts\/306110\/revisions\/306113"}],"wp:featuredmedia":[{"embeddable":true,"href":"https:\/\/www.nationalturk.com\/tr\/wp-json\/wp\/v2\/media\/306111"}],"wp:attachment":[{"href":"https:\/\/www.nationalturk.com\/tr\/wp-json\/wp\/v2\/media?parent=306110"}],"wp:term":[{"taxonomy":"category","embeddable":true,"href":"https:\/\/www.nationalturk.com\/tr\/wp-json\/wp\/v2\/categories?post=306110"},{"taxonomy":"post_tag","embeddable":true,"href":"https:\/\/www.nationalturk.com\/tr\/wp-json\/wp\/v2\/tags?post=306110"}],"curies":[{"name":"wp","href":"https:\/\/api.w.org\/{rel}","templated":true}]}}