{"id":306205,"date":"2025-04-22T16:31:23","date_gmt":"2025-04-22T13:31:23","guid":{"rendered":"https:\/\/www.nationalturk.com\/tr\/?p=306205"},"modified":"2025-04-22T16:31:23","modified_gmt":"2025-04-22T13:31:23","slug":"diyanet-2025-kurban-vekaleti-bedeli","status":"publish","type":"post","link":"https:\/\/www.nationalturk.com\/tr\/diyanet-2025-kurban-vekaleti-bedeli\/","title":{"rendered":"Diyanet 2025 kurban vekaleti bedelini a\u00e7\u0131klad\u0131"},"content":{"rendered":"<p>Diyanet \u0130\u015fleri Ba\u015fkan\u0131 Ali Erba\u015f, Ankara\u2019daki Ba\u015fkanl\u0131k Konferans Salonu\u2019nda d\u00fczenlenen 2025 Vekaletle <a title=\"Bayram haberleri\" href=\"https:\/\/www.nationalturk.com\/tr\/?s=bayram\" target=\"_blank\" rel=\"noopener\">Kurban<\/a> Kesim Organizasyonu Toplant\u0131s\u0131\u2019nda konu\u015ftu. Kurban ibadetinin Hz. Adem\u2019e kadar uzand\u0131\u011f\u0131n\u0131 belirten Erba\u015f, \u201cKurban kesmek yerine ba\u015fka yard\u0131mlar yapmak bu ibadetin yerini tutmaz\u201d ifadelerini kulland\u0131. Kurban\u0131n \u015fekli ve \u00f6z\u00fcyle \u0130slam\u2019da a\u00e7\u0131k \u015fekilde tarif edildi\u011fini vurgulayan Erba\u015f, sadece niyetle de\u011fil, usul\u00fcne uygun olarak yerine getirilmesi gerekti\u011fini s\u00f6yledi.<\/p>\n<h3><strong>TDV\u2019den d\u00fcnyan\u0131n d\u00f6rt bir yan\u0131na yard\u0131m eli<\/strong><\/h3>\n<p>T\u00fcrkiye Diyanet Vakf\u0131\u2019n\u0131n (TDV) faaliyetlerine de de\u011finen Erba\u015f, vakf\u0131n y\u0131llard\u0131r hi\u00e7bir ayr\u0131m g\u00f6zetmeden d\u00fcnyan\u0131n d\u00f6rt bir yan\u0131na yard\u0131m ula\u015ft\u0131rd\u0131\u011f\u0131n\u0131 belirtti. &#8220;TDV, M\u00fcsl\u00fcman az\u0131nl\u0131klardan sava\u015f ve afet ma\u011fdurlar\u0131na, yoksullardan kimsesizlere kadar herkesin umudu olmu\u015ftur&#8221; diyen Erba\u015f, bu organizasyonun sadece bir yard\u0131m faaliyeti de\u011fil, ayn\u0131 zamanda \u0130slam\u2019\u0131n evrensel mesaj\u0131n\u0131 ta\u015f\u0131yan bir g\u00f6rev oldu\u011funu kaydetti.<\/p>\n<h3><strong>Ge\u00e7en y\u0131l 747 binden fazla kurban hissesi ba\u011f\u0131\u015fland\u0131<\/strong><\/h3>\n<p>Erba\u015f, 2024 y\u0131l\u0131nda TDV\u2019ye ba\u011f\u0131\u015flanan 747 bin 52 kurban hissesinin, 81 il ve 78 \u00fclkede kesildi\u011fini ve 34 milyondan fazla ihtiya\u00e7 sahibine ula\u015ft\u0131r\u0131ld\u0131\u011f\u0131n\u0131 s\u00f6yledi. \u201cGe\u00e7ti\u011fimiz y\u0131l 1 milyon 50 bin Filistinli karde\u015fimize kurban eti ula\u015ft\u0131rd\u0131k\u201d diyen Erba\u015f, 1993\u2019ten bug\u00fcne kadar 5 milyon 409 bin 310 kurban hissesinin kesildi\u011fini ve milyonlarca ihtiya\u00e7 sahibine ula\u015ft\u0131r\u0131ld\u0131\u011f\u0131n\u0131 a\u00e7\u0131klad\u0131.<\/p>\n<h3><strong>2025 hedefi: 80 \u00fclke, 365 b\u00f6lge<\/strong><\/h3>\n<p>Yeni d\u00f6nem i\u00e7in planlar\u0131n\u0131 da payla\u015fan Erba\u015f, \u201cBu y\u0131l da &#8216;Kurban\u0131n\u0131 Payla\u015f, Karde\u015finle Yak\u0131nla\u015f&#8217; temas\u0131yla daha fazla insana ula\u015fmay\u0131 hedefliyoruz\u201d dedi. TDV, 2025 y\u0131l\u0131nda 81 il ve 922 il\u00e7enin yan\u0131 s\u0131ra yakla\u015f\u0131k 80 \u00fclkede, 365 b\u00f6lgede kesim yapacak. Filistin \u00f6zelinde ise Gazze&#8217;deki mazlumlara kurban etlerinin ula\u015ft\u0131r\u0131laca\u011f\u0131 vurguland\u0131.<\/p>\n<h3><strong>Ba\u011f\u0131\u015f yollar\u0131 a\u00e7\u0131k<\/strong><\/h3>\n<p>Erba\u015f, kurban vekaleti vermek isteyen hay\u0131rseverlerin TDV\u2019nin internet siteleri www.tdv.org ve bagis.tdv.org, mobil uygulamalar, m\u00fcft\u00fcl\u00fckler, din g\u00f6revlileri, TDV \u015fubeleri, PTT ve bankalar arac\u0131l\u0131\u011f\u0131yla ba\u011f\u0131\u015f yapabileceklerini duyurdu. Yurt d\u0131\u015f\u0131nda ya\u015fayan vatanda\u015flar da m\u00fc\u015favirlikler ve cami dernekleri arac\u0131l\u0131\u011f\u0131yla vekalet verebilecek.<\/p>\n<p><a title=\"National T\u00fcrk\" href=\"https:\/\/www.nationalturk.com\/tr\/\" target=\"_blank\" rel=\"noopener\">National T\u00fcrk<\/a> \u00f6neriyor: <a title=\"Bodrum\u2019da Bayram Bereketi\" href=\"https:\/\/www.turizmtatilseyahat.com\/bodrum-bayram-otel-fiyatlari\/\" target=\"_blank\" rel=\"noopener\">Bodrum\u2019da Bayram Bereketi: Oteller Sezona Erken Ba\u015flad\u0131<\/a><br \/>\n<iframe loading=\"lazy\" title=\"B\u00fcy\u00fckba\u015f ve k\u00fc\u00e7\u00fckba\u015f kurbanl\u0131k fiyat\u0131 ne olacak? | A Haber\" src=\"https:\/\/www.youtube.com\/embed\/5yEje81F6bM\" width=\"720\" height=\"405\" frameborder=\"0\" allowfullscreen=\"allowfullscreen\"><\/iframe><\/p>\n","protected":false},"excerpt":{"rendered":"<p>Diyanet \u0130\u015fleri Ba\u015fkan\u0131 Ali Erba\u015f, vekalet yoluyla kurban kesim bedelinin yurt i\u00e7inde 13.500 TL, yurt d\u0131\u015f\u0131nda ise 5.450 TL olarak belirlendi\u011fini duyurdu. <\/p>\n","protected":false},"author":9192226,"featured_media":306206,"comment_status":"closed","ping_status":"closed","sticky":false,"template":"","format":"standard","meta":{"_acf_changed":false,"footnotes":""},"categories":[6199],"tags":[215922,52198,168498,222344,222342,222345,222343,222341],"class_list":["post-306205","post","type-post","status-publish","format-standard","has-post-thumbnail","hentry","category-ekonomi","tag-ali-erbas","tag-diyanet","tag-gazze-yardim","tag-kurban-bagisi","tag-kurban-bayrami-2025","tag-kurban-bedeli-2025","tag-tdv","tag-vekaletle-kurban"],"acf":[],"_links":{"self":[{"href":"https:\/\/www.nationalturk.com\/tr\/wp-json\/wp\/v2\/posts\/306205","targetHints":{"allow":["GET"]}}],"collection":[{"href":"https:\/\/www.nationalturk.com\/tr\/wp-json\/wp\/v2\/posts"}],"about":[{"href":"https:\/\/www.nationalturk.com\/tr\/wp-json\/wp\/v2\/types\/post"}],"author":[{"embeddable":true,"href":"https:\/\/www.nationalturk.com\/tr\/wp-json\/wp\/v2\/users\/9192226"}],"replies":[{"embeddable":true,"href":"https:\/\/www.nationalturk.com\/tr\/wp-json\/wp\/v2\/comments?post=306205"}],"version-history":[{"count":3,"href":"https:\/\/www.nationalturk.com\/tr\/wp-json\/wp\/v2\/posts\/306205\/revisions"}],"predecessor-version":[{"id":306209,"href":"https:\/\/www.nationalturk.com\/tr\/wp-json\/wp\/v2\/posts\/306205\/revisions\/306209"}],"wp:featuredmedia":[{"embeddable":true,"href":"https:\/\/www.nationalturk.com\/tr\/wp-json\/wp\/v2\/media\/306206"}],"wp:attachment":[{"href":"https:\/\/www.nationalturk.com\/tr\/wp-json\/wp\/v2\/media?parent=306205"}],"wp:term":[{"taxonomy":"category","embeddable":true,"href":"https:\/\/www.nationalturk.com\/tr\/wp-json\/wp\/v2\/categories?post=306205"},{"taxonomy":"post_tag","embeddable":true,"href":"https:\/\/www.nationalturk.com\/tr\/wp-json\/wp\/v2\/tags?post=306205"}],"curies":[{"name":"wp","href":"https:\/\/api.w.org\/{rel}","templated":true}]}}