{"id":306363,"date":"2025-05-17T14:13:23","date_gmt":"2025-05-17T11:13:23","guid":{"rendered":"https:\/\/www.nationalturk.com\/tr\/?p=306363"},"modified":"2025-05-17T14:19:02","modified_gmt":"2025-05-17T11:19:02","slug":"sivasspor-rey-manaj-riza-calimbay","status":"publish","type":"post","link":"https:\/\/www.nationalturk.com\/tr\/sivasspor-rey-manaj-riza-calimbay\/","title":{"rendered":"Sivasspor&#8217;da Rey Manaj krizi!"},"content":{"rendered":"<h2>Rey Manaj hi\u00e7bir antrenmana \u00e7\u0131kmad\u0131!<\/h2>\n<p>Trendyol S\u00fcper Lig&#8217;de k\u00fcme d\u00fc\u015fme tehlikesini ciddi \u015fekilde ya\u015fayan <a title=\"Sivasspor R\u0131za \u00c7al\u0131mbay\" href=\"https:\/\/www.nationalturk.com\/tr\/sivassporda-sabirlar-tasti\/\" target=\"_blank\" rel=\"noopener\">Sivasspor<\/a>&#8216;da kriz bitmiyor. Yi\u011fidolar&#8217;da yar\u0131n deplasmanda oynanacak <a title=\"Y\u00fcksel Y\u0131ld\u0131r\u0131m Be\u015fikta\u015f\" href=\"https:\/\/www.besiktaspostasi.com\/yildirimdan-serdal-adaliya-ders\/\" target=\"_blank\" rel=\"noopener\">Samsunspor<\/a> ma\u00e7\u0131 \u00f6ncesi y\u0131ld\u0131z futbolcu Rey Manaj sorunu \u00e7\u0131kt\u0131. Hafta boyunca antrenmanlara \u00e7\u0131kmad\u0131\u011f\u0131 iddia edilen Rey Manaj, teknik direkt\u00f6r R\u0131za \u00c7al\u0131mbay taraf\u0131ndan kadro d\u0131\u015f\u0131 b\u0131rak\u0131ld\u0131.<\/p>\n<h3>Sivasspor&#8217;dan &#8220;Rey Manaj sakat&#8221; a\u00e7\u0131klamas\u0131!<\/h3>\n<p>Sivasspor&#8217;dan yap\u0131lan a\u00e7\u0131klamada, &#8220;Bir s\u00fcredir kas\u0131k b\u00f6lgesindeki a\u011fr\u0131lar nedeniyle tedavi g\u00f6ren golc\u00fc oyuncu Rey Manaj, Samsunspor ma\u00e7\u0131nda kadroda yer almayacak&#8221; denildi. K\u0131rm\u0131z\u0131-beyazl\u0131larda sakatl\u0131klar\u0131 bulunan Djordje Nikolic, Jan Bieganski ve Noah Sonko Sundberg de kadroya al\u0131namad\u0131. Sivasspor&#8217;da sar\u0131 kart cezal\u0131s\u0131 Tolga Ci\u011ferci&#8217;nin de olmamas\u0131 teknik direkt\u00f6r R\u0131za \u00c7al\u0131mbay&#8217;\u0131 zor durumda b\u0131rakt\u0131.<\/p>\n<h4>Rey Manaj&#8217;\u0131n serbest kalma bedeli 4 milyon Euro!<\/h4>\n<p>Sivasspor&#8217;da teknik direkt\u00f6r R\u0131za \u00c7al\u0131mbay ile ipleri koparan Rey Manaj&#8217;\u0131n ge\u00e7en ocak ay\u0131nda s\u00f6zle\u015fme yenilmesine kar\u015f\u0131n sezon sonunda sat\u0131lmas\u0131na kesin g\u00f6z\u00fcyle bak\u0131l\u0131yor. 28 ya\u015f\u0131ndaki Arnavut santrfor, 2023&#8217;te bedelsiz geldi\u011fi Sivasspor&#8217;da bu sezon 27 kar\u015f\u0131la\u015fmada 12 gol, 5 asistle oynad\u0131. 4 milyon Euro&#8217;luk serbest kalma bedeli bulunan Manaj&#8217;a S\u00fcper Lig&#8217;den bir\u00e7ok kul\u00fcb\u00fcn teklif yapmaya haz\u0131rland\u0131\u011f\u0131 \u00f6\u011frenildi.<\/p>\n<blockquote class=\"wp-embedded-content\" data-secret=\"I6I2rFkctO\"><p><a href=\"https:\/\/www.nationalturk.com\/tr\/yuksel-yildirim-samsunspor-dunkerque\/\">Y\u00fcksel Y\u0131ld\u0131r\u0131m&#8217;\u0131n \u00e7ifte sevinci<\/a><\/p><\/blockquote>\n<p><iframe loading=\"lazy\" class=\"wp-embedded-content\" sandbox=\"allow-scripts\" security=\"restricted\" style=\"position: absolute; visibility: hidden;\" title=\"&#8220;Y\u00fcksel Y\u0131ld\u0131r\u0131m&#8217;\u0131n \u00e7ifte sevinci&#8221; &#8212; NationalTurk\" src=\"https:\/\/www.nationalturk.com\/tr\/yuksel-yildirim-samsunspor-dunkerque\/embed\/#?secret=ohvBXayOTD#?secret=I6I2rFkctO\" data-secret=\"I6I2rFkctO\" width=\"500\" height=\"282\" frameborder=\"0\" marginwidth=\"0\" marginheight=\"0\" scrolling=\"no\"><\/iframe><\/p>\n<p>&nbsp;<\/p>\n<p>&nbsp;<\/p>\n<p>&nbsp;<\/p>\n","protected":false},"excerpt":{"rendered":"<p>K\u00fcmede kalma m\u00fccadelesi verdi\u011fi S\u00fcper Lig&#8217;de yar\u0131n Samsunspor ile deplasmanda \u00e7ok kritik bir ma\u00e7a \u00e7\u0131kacak Sivasspor&#8217;da golc\u00fc Rey Manaj kadro d\u0131\u015f\u0131 b\u0131rak\u0131ld\u0131<\/p>\n","protected":false},"author":9192228,"featured_media":306368,"comment_status":"closed","ping_status":"closed","sticky":false,"template":"","format":"standard","meta":{"_acf_changed":false,"footnotes":""},"categories":[6774,6805],"tags":[222410,20593,8439,7807,27427,222409],"class_list":["post-306363","post","type-post","status-publish","format-standard","has-post-thumbnail","hentry","category-futbol","category-turkiye","tag-rey-manaj","tag-riza-calimbay","tag-samsunspor","tag-sivasspor","tag-super-lig","tag-trendyol"],"acf":[],"_links":{"self":[{"href":"https:\/\/www.nationalturk.com\/tr\/wp-json\/wp\/v2\/posts\/306363","targetHints":{"allow":["GET"]}}],"collection":[{"href":"https:\/\/www.nationalturk.com\/tr\/wp-json\/wp\/v2\/posts"}],"about":[{"href":"https:\/\/www.nationalturk.com\/tr\/wp-json\/wp\/v2\/types\/post"}],"author":[{"embeddable":true,"href":"https:\/\/www.nationalturk.com\/tr\/wp-json\/wp\/v2\/users\/9192228"}],"replies":[{"embeddable":true,"href":"https:\/\/www.nationalturk.com\/tr\/wp-json\/wp\/v2\/comments?post=306363"}],"version-history":[{"count":1,"href":"https:\/\/www.nationalturk.com\/tr\/wp-json\/wp\/v2\/posts\/306363\/revisions"}],"predecessor-version":[{"id":306366,"href":"https:\/\/www.nationalturk.com\/tr\/wp-json\/wp\/v2\/posts\/306363\/revisions\/306366"}],"wp:featuredmedia":[{"embeddable":true,"href":"https:\/\/www.nationalturk.com\/tr\/wp-json\/wp\/v2\/media\/306368"}],"wp:attachment":[{"href":"https:\/\/www.nationalturk.com\/tr\/wp-json\/wp\/v2\/media?parent=306363"}],"wp:term":[{"taxonomy":"category","embeddable":true,"href":"https:\/\/www.nationalturk.com\/tr\/wp-json\/wp\/v2\/categories?post=306363"},{"taxonomy":"post_tag","embeddable":true,"href":"https:\/\/www.nationalturk.com\/tr\/wp-json\/wp\/v2\/tags?post=306363"}],"curies":[{"name":"wp","href":"https:\/\/api.w.org\/{rel}","templated":true}]}}