{"id":306431,"date":"2025-06-02T16:29:07","date_gmt":"2025-06-02T13:29:07","guid":{"rendered":"https:\/\/www.nationalturk.com\/tr\/?p=306431"},"modified":"2025-06-02T16:29:07","modified_gmt":"2025-06-02T13:29:07","slug":"bulgaristan-2025-yaz-sezonu","status":"publish","type":"post","link":"https:\/\/www.nationalturk.com\/tr\/bulgaristan-2025-yaz-sezonu\/","title":{"rendered":"Bulgaristan&#8217;da 2025 yaz sezonuna renkli ba\u015flang\u0131\u00e7"},"content":{"rendered":"<p><a title=\"Bulgaristan tatil haberleri\" href=\"https:\/\/www.turizmtatilseyahat.com\/?s=bulgaristan\" target=\"_blank\" rel=\"noopener\">Bulgaristan<\/a> Turizm Bakanl\u0131\u011f\u0131 deniz, tarih, k\u00fclt\u00fcr ve balneoloji ile SPA turizminin zengin olanaklar\u0131n\u0131 bulu\u015fturan Pomorie\u2019de 2025 yaz turizm sezonunun a\u00e7\u0131l\u0131\u015f\u0131n\u0131 d\u00fczenledi. Etkinlik, \u015fehrin tarihi dokusu ve do\u011fal g\u00fczellikleriyle birle\u015ferek unutulmaz bir atmosfer olu\u015fturdu.<\/p>\n<h3>Bakan Bor\u015fos\u2019tan renkli mesajlar<\/h3>\n<p>Bnr.bg\u2019nin haberine g\u00f6re a\u00e7\u0131l\u0131\u015fta konu\u015fan Turizm Bakan\u0131 Miroslav Bor\u015fos, &#8220;2025 Yaz\u0131na farkl\u0131 bir ba\u015flang\u0131\u00e7! Turizimde herkese ba\u015far\u0131lar, vars\u0131n hat\u0131ralarda kalacak bir yaz olsun! Pomorie\u2019deki konserde bizi yaln\u0131z b\u0131rakmayan herkese te\u015fekk\u00fcr ediyorum!&#8221; ifadelerini kulland\u0131.<\/p>\n<h3><strong>Stefan Valdobrev\u2019den unutulmaz performans<\/strong><\/h3>\n<p>Etkinli\u011fin en dikkat \u00e7ekici anlar\u0131ndan biri, Stefan Valdobrev ve \u201cObi\u00e7aynite zapodozreni\u201d grubunun seslendirdi\u011fi yeni single \u201c\u00d6zg\u00fcr\u201d oldu. \u015eark\u0131, deniz \u00fczerinde g\u00fcn bat\u0131m\u0131 ve dalga seslerinin e\u015fli\u011finde 2025 yaz sezonuna damgas\u0131n\u0131 vurdu.<\/p>\n<h2><strong>Bulgaristan&#8217;da mavi bayrak g\u00f6ndere \u00e7ekildi<\/strong><\/h2>\n<p>A\u00e7\u0131l\u0131\u015fta, \u00e7evre dostu ve s\u00fcrd\u00fcr\u00fclebilir turizm anlay\u0131\u015f\u0131n\u0131 simgeleyen<a title=\"Bulgaristan\u2019da tarihi bulu\u015fma\" href=\"https:\/\/www.nationalturk.com\/tr\/bulgaristan-sumnu-fuen-toplanti\/\" target=\"_blank\" rel=\"noopener\"> Bulgaristan<\/a> Bayra\u011f\u0131 ve Bal\u0131k\u00e7\u0131 Liman\u0131&#8217;n\u0131n Mavi Bayra\u011f\u0131 g\u00f6ndere \u00e7ekildi. Bu anlaml\u0131 detay, Pomorie\u2019nin \u00e7evreye duyarl\u0131 turizm yakla\u015f\u0131m\u0131n\u0131 g\u00f6zler \u00f6n\u00fcne serdi.<\/p>\n<p><iframe loading=\"lazy\" title=\"POMORIE 4K DRONE BULGARIA 2024 \u2022 Peninsula on the Bulgarian Coast \u2022 Central Beach &amp; Sandbar\" src=\"https:\/\/www.youtube.com\/embed\/MZ746rbzar4\" width=\"721\" height=\"405\" frameborder=\"0\" allowfullscreen=\"allowfullscreen\"><\/iframe><\/p>\n","protected":false},"excerpt":{"rendered":"<p>Bulgaristan Pomorie\u2019de deniz, k\u00fclt\u00fcr ve SPA turizmini bulu\u015fturan 2025 yaz turizm sezonu, g\u00f6rkemli bir etkinlikle ba\u015flad\u0131.<\/p>\n","protected":false},"author":9192226,"featured_media":306432,"comment_status":"closed","ping_status":"closed","sticky":false,"template":"","format":"standard","meta":{"_acf_changed":false,"footnotes":""},"categories":[6665],"tags":[8,222446,222448,222447,55619],"class_list":["post-306431","post","type-post","status-publish","format-standard","has-post-thumbnail","hentry","category-dunya","tag-bulgaristan","tag-bulgaristan-tatil","tag-miroslav-borsos","tag-pomorie","tag-tatil"],"acf":[],"_links":{"self":[{"href":"https:\/\/www.nationalturk.com\/tr\/wp-json\/wp\/v2\/posts\/306431","targetHints":{"allow":["GET"]}}],"collection":[{"href":"https:\/\/www.nationalturk.com\/tr\/wp-json\/wp\/v2\/posts"}],"about":[{"href":"https:\/\/www.nationalturk.com\/tr\/wp-json\/wp\/v2\/types\/post"}],"author":[{"embeddable":true,"href":"https:\/\/www.nationalturk.com\/tr\/wp-json\/wp\/v2\/users\/9192226"}],"replies":[{"embeddable":true,"href":"https:\/\/www.nationalturk.com\/tr\/wp-json\/wp\/v2\/comments?post=306431"}],"version-history":[{"count":2,"href":"https:\/\/www.nationalturk.com\/tr\/wp-json\/wp\/v2\/posts\/306431\/revisions"}],"predecessor-version":[{"id":306434,"href":"https:\/\/www.nationalturk.com\/tr\/wp-json\/wp\/v2\/posts\/306431\/revisions\/306434"}],"wp:featuredmedia":[{"embeddable":true,"href":"https:\/\/www.nationalturk.com\/tr\/wp-json\/wp\/v2\/media\/306432"}],"wp:attachment":[{"href":"https:\/\/www.nationalturk.com\/tr\/wp-json\/wp\/v2\/media?parent=306431"}],"wp:term":[{"taxonomy":"category","embeddable":true,"href":"https:\/\/www.nationalturk.com\/tr\/wp-json\/wp\/v2\/categories?post=306431"},{"taxonomy":"post_tag","embeddable":true,"href":"https:\/\/www.nationalturk.com\/tr\/wp-json\/wp\/v2\/tags?post=306431"}],"curies":[{"name":"wp","href":"https:\/\/api.w.org\/{rel}","templated":true}]}}