{"id":306536,"date":"2025-07-24T13:45:01","date_gmt":"2025-07-24T10:45:01","guid":{"rendered":"https:\/\/www.nationalturk.com\/tr\/?p=306536"},"modified":"2025-07-24T13:45:01","modified_gmt":"2025-07-24T10:45:01","slug":"beyoglu-patlama-neden-oldu","status":"publish","type":"post","link":"https:\/\/www.nationalturk.com\/tr\/beyoglu-patlama-neden-oldu\/","title":{"rendered":"Beyo\u011flu\u2019nda b\u00fcfede patlama: \u0130ki katl\u0131 bina \u00e7\u00f6kt\u00fc"},"content":{"rendered":"<p>\u0130stanbul\u2019un <a title=\"Beyo\u011flu \u0130ETT kaza\" href=\"https:\/\/www.kadikoypostasi.com\/iett-otobusu-zincirleme-kaza\/\" target=\"_blank\" rel=\"noopener\">Beyo\u011flu<\/a> il\u00e7esinde, ak\u015fam saatlerinde meydana gelen patlama mahalleliyi soka\u011fa d\u00f6kt\u00fc. Bereketzade Mahallesi Yan\u0131kkap\u0131 Sokak\u2019ta bulunan iki katl\u0131 bir binan\u0131n zemin kat\u0131ndaki b\u00fcfede hen\u00fcz belirlenemeyen nedenle patlama ya\u015fand\u0131. Patlaman\u0131n \u015fiddetiyle bina \u00e7\u00f6kt\u00fc. \u0130lk belirlemelere g\u00f6re \u00f6l\u00fc ya da yaral\u0131 olmad\u0131\u011f\u0131 bildirildi. Patlaman\u0131n etkisiyle \u00e7evredeki binalarda ve ara\u00e7larda hasar olu\u015ftu.<\/p>\n<h2><strong>Beyo\u011flu\u2019nda kabus dolu gece<\/strong><\/h2>\n<p>\u0130stanbul Valili\u011fi&#8217;nden yap\u0131lan a\u00e7\u0131klamada, patlaman\u0131n <a title=\"Beyo\u011flu haberleri\" href=\"https:\/\/www.nationalturk.com\/tr\/?s=beyo%C4%9Flu\" target=\"_blank\" rel=\"noopener\">Beyo\u011flu<\/a>&#8216;nda saat 21.45 s\u0131ralar\u0131nda ger\u00e7ekle\u015fti\u011fi ve olay yerine \u00e7ok say\u0131da itfaiye, AFAD ve UMKE ekibinin sevk edildi\u011fi belirtildi. A\u00e7\u0131klamada, \u201cOlayda ilk belirlemelere g\u00f6re \u00f6len ya da yaralanan olmad\u0131\u011f\u0131 tespit edilmi\u015ftir\u201d denildi.<\/p>\n<h3><strong>Vali G\u00fcl: \u0130ki t\u00fcp vard\u0131,<\/strong> patlama<strong> ihtimali y\u00fcksek<\/strong><\/h3>\n<p>Olay yerine gelerek incelemelerde bulunan \u0130stanbul Valisi Davut G\u00fcl, bas\u0131n mensuplar\u0131na yapt\u0131\u011f\u0131 a\u00e7\u0131klamada, patlaman\u0131n \u015fiddetinin \u00e7evredeki yap\u0131lara da zarar verdi\u011fini belirtti. G\u00fcl, \u201c\u0130lk belirlemelere g\u00f6re b\u00fcfede iki tane 12 kilograml\u0131k t\u00fcp var. T\u00fcp patlamas\u0131 oldu\u011fu d\u00fc\u015f\u00fcn\u00fcl\u00fcyor. Teknik incelemeler sonucu netle\u015fecek,\u201d dedi. Vali G\u00fcl, vatanda\u015flar\u0131n zararlar\u0131n\u0131n kamu imk\u00e2nlar\u0131yla kar\u015f\u0131lanmaya \u00e7al\u0131\u015f\u0131laca\u011f\u0131n\u0131 vurgulad\u0131.<\/p>\n<p>AFAD koordinasyonunda s\u00fcrd\u00fcr\u00fclen arama-kurtarma \u00e7al\u0131\u015fmalar\u0131 kapsam\u0131nda herhangi bir kay\u0131p ihbar\u0131 bulunmad\u0131\u011f\u0131 ve enkaz alt\u0131nda kimsenin olmad\u0131\u011f\u0131 belirtildi. G\u00fcl, \u201cTespit edilen can kayb\u0131 yok, yaral\u0131 yok. Hepimize ge\u00e7mi\u015f olsun,\u201d dedi.<\/p>\n<h3><strong>Do\u011fal gaz hatt\u0131 yok, \u015f\u00fcphe t\u00fcp \u00fczerinde<\/strong><\/h3>\n<p>Binan\u0131n do\u011fal gaz ba\u011flant\u0131s\u0131n\u0131n bulunmad\u0131\u011f\u0131 \u00f6\u011frenilirken, patlamaya sebep oldu\u011fu de\u011ferlendirilen t\u00fcplerle ilgili incelemeler devam ediyor. B\u00fcfe i\u015fletmecisi Salih Av\u015far, \u201cMuhtemelen t\u00fcp patlam\u0131\u015ft\u0131r ama net olarak bilmiyorum. Sonu\u00e7lar \u00e7\u0131kmadan konu\u015fmak do\u011fru olmaz,\u201d diye konu\u015ftu.<\/p>\n<h4><strong>G\u00fcvenlik kameras\u0131na yans\u0131d\u0131<\/strong><\/h4>\n<p>Patlama an\u0131, \u00e7evredeki bir binan\u0131n g\u00fcvenlik kameras\u0131na yans\u0131d\u0131. G\u00f6r\u00fcnt\u00fclerde patlamayla birlikte malzemelerin soka\u011fa savruldu\u011fu, yo\u011fun toz bulutunun y\u00fckseldi\u011fi ve \u00e7evredeki bir kedinin panikle ka\u00e7t\u0131\u011f\u0131 g\u00f6r\u00fcld\u00fc.<br \/>\n<iframe loading=\"lazy\" title=\"Beyo\u011flu'nda Patlama, Bina \u00c7\u00f6kt\u00fc! CNN T\u00dcRK Olay Yerinden Aktard\u0131...\" src=\"https:\/\/www.youtube.com\/embed\/gzC2Z7DUBTE\" width=\"720\" height=\"405\" frameborder=\"0\" allowfullscreen=\"allowfullscreen\"><\/iframe><\/p>\n","protected":false},"excerpt":{"rendered":"<p>Beyo\u011flu\u2019nda Bereketzade Mahallesi&#8217;nde bir b\u00fcfede meydana gelen patlaman\u0131n ard\u0131ndan bina tamamen \u00e7\u00f6kt\u00fc. <\/p>\n","protected":false},"author":9192226,"featured_media":306537,"comment_status":"closed","ping_status":"closed","sticky":false,"template":"","format":"standard","meta":{"_acf_changed":false,"footnotes":""},"categories":[220549],"tags":[70456,489,222517,222518,1011,58513,222516,52193,222519],"class_list":["post-306536","post","type-post","status-publish","format-standard","has-post-thumbnail","hentry","category-haber","tag-afad","tag-beyoglu","tag-bina-coktu","tag-bufe-patlamasi","tag-istanbul","tag-patlama","tag-tup","tag-valilik","tag-yanikkapi-sokak"],"acf":[],"_links":{"self":[{"href":"https:\/\/www.nationalturk.com\/tr\/wp-json\/wp\/v2\/posts\/306536","targetHints":{"allow":["GET"]}}],"collection":[{"href":"https:\/\/www.nationalturk.com\/tr\/wp-json\/wp\/v2\/posts"}],"about":[{"href":"https:\/\/www.nationalturk.com\/tr\/wp-json\/wp\/v2\/types\/post"}],"author":[{"embeddable":true,"href":"https:\/\/www.nationalturk.com\/tr\/wp-json\/wp\/v2\/users\/9192226"}],"replies":[{"embeddable":true,"href":"https:\/\/www.nationalturk.com\/tr\/wp-json\/wp\/v2\/comments?post=306536"}],"version-history":[{"count":1,"href":"https:\/\/www.nationalturk.com\/tr\/wp-json\/wp\/v2\/posts\/306536\/revisions"}],"predecessor-version":[{"id":306538,"href":"https:\/\/www.nationalturk.com\/tr\/wp-json\/wp\/v2\/posts\/306536\/revisions\/306538"}],"wp:featuredmedia":[{"embeddable":true,"href":"https:\/\/www.nationalturk.com\/tr\/wp-json\/wp\/v2\/media\/306537"}],"wp:attachment":[{"href":"https:\/\/www.nationalturk.com\/tr\/wp-json\/wp\/v2\/media?parent=306536"}],"wp:term":[{"taxonomy":"category","embeddable":true,"href":"https:\/\/www.nationalturk.com\/tr\/wp-json\/wp\/v2\/categories?post=306536"},{"taxonomy":"post_tag","embeddable":true,"href":"https:\/\/www.nationalturk.com\/tr\/wp-json\/wp\/v2\/tags?post=306536"}],"curies":[{"name":"wp","href":"https:\/\/api.w.org\/{rel}","templated":true}]}}