{"id":306540,"date":"2025-07-26T15:49:00","date_gmt":"2025-07-26T12:49:00","guid":{"rendered":"https:\/\/www.nationalturk.com\/tr\/?p=306540"},"modified":"2025-07-26T15:49:00","modified_gmt":"2025-07-26T12:49:00","slug":"yagmur-taktasin-olumunde-yeni-gelisme","status":"publish","type":"post","link":"https:\/\/www.nationalturk.com\/tr\/yagmur-taktasin-olumunde-yeni-gelisme\/","title":{"rendered":"Ya\u011fmur Takta\u015f\u2019\u0131n \u00f6l\u00fcm\u00fcnde yeni geli\u015fme"},"content":{"rendered":"<p>ABD\u2019de ya\u015fam\u0131n\u0131 yitiren sosyal medya fenomeni <a title=\"Ya\u011fmur Takta\u015f \u00f6l\u00fcm\" href=\"https:\/\/www.nationalturk.com\/tr\/iste-benim-stilim-yagmur-taktas-oldu\/\" target=\"_blank\" rel=\"noopener\">Ya\u011fmur Takta\u015f<\/a>\u2019\u0131n \u00f6l\u00fcm\u00fcyle ilgili soru\u015fturmada kritik bir a\u015famaya gelindi. New York\u2019taki Columbia \u00dcniversitesi\u2019nde haz\u0131rlanan otopsi raporunun T\u00fcrkiye\u2019ye ula\u015fmas\u0131n\u0131n ard\u0131ndan, Takta\u015f\u2019\u0131n sevgilisi A.C.F. hakk\u0131nda yakalama karar\u0131 \u00e7\u0131kar\u0131ld\u0131. Raporda, gen\u00e7 kad\u0131n\u0131n v\u00fccudunda farkl\u0131 uyu\u015fturucu maddelere rastland\u0131\u011f\u0131, darp ve i\u015fkence izlerinin bulundu\u011fu belirtildi. Ailenin avukat\u0131 Fethi \u00d6ks\u00fcz, \u201c\u0130ade karar\u0131nda \u0131srarc\u0131y\u0131z\u201d diyerek, s\u00fcrecin yak\u0131ndan takip\u00e7isi olacaklar\u0131n\u0131 vurgulad\u0131.<\/p>\n<h2><strong>Ya\u011fmur Takta\u015f\u2019\u0131n v\u00fccudunda uyu\u015fturucu ve darp izleri tespit edildi<\/strong><\/h2>\n<p>Columbia \u00dcniversitesi\u2019nde haz\u0131rlanan otopsi raporu, Ya\u011fmur Takta\u015f\u2019\u0131n \u00f6l\u00fcm\u00fcnde \u015f\u00fcpheleri do\u011frular nitelikte bulgular i\u00e7eriyor. Raporda Takta\u015f\u2019\u0131n v\u00fccudunda birden fazla uyu\u015fturucu maddeye rastland\u0131\u011f\u0131 ve zehirlenme bulgular\u0131n\u0131n bulundu\u011fu belirtilirken; otopsi videosunda ba\u015f\u0131nda kesiler, boynunda ve bacaklar\u0131nda morluklar ile sigara s\u00f6nd\u00fcrme izleri yer ald\u0131\u011f\u0131 kaydedildi.<\/p>\n<h3><strong>A.C.F. i\u00e7in yakalama karar\u0131 \u00e7\u0131kar\u0131ld\u0131<\/strong><\/h3>\n<p>Adana Cumhuriyet Ba\u015fsavc\u0131l\u0131\u011f\u0131\u2019n\u0131n talebi \u00fczerine 5. Sulh Ceza Hakimli\u011fi, ressam sevgili A.C.F. hakk\u0131nda yakalama karar\u0131 verdi. \u015e\u00fcpheli hakk\u0131nda \u015fu ana kadar ABD\u2019de herhangi bir yasal i\u015flem yap\u0131lmad\u0131\u011f\u0131 bilgisi payla\u015f\u0131l\u0131rken, \u0130stanbul Adli T\u0131p Kurumu\u2019nda haz\u0131rlanan ikinci otopsi raporunun da beklendi\u011fi ifade edildi.<\/p>\n<p><img loading=\"lazy\" decoding=\"async\" class=\"alignnone size-full wp-image-306542\" src=\"https:\/\/www.nationalturk.com\/tr\/wp-content\/uploads\/2025\/07\/yagmur-taktas.jpg\" alt=\"\" width=\"640\" height=\"360\" title=\"\" srcset=\"https:\/\/www.nationalturk.com\/tr\/wp-content\/uploads\/2025\/07\/yagmur-taktas.jpg 640w, https:\/\/www.nationalturk.com\/tr\/wp-content\/uploads\/2025\/07\/yagmur-taktas-200x113.jpg 200w, https:\/\/www.nationalturk.com\/tr\/wp-content\/uploads\/2025\/07\/yagmur-taktas-390x220.jpg 390w\" sizes=\"auto, (max-width: 640px) 100vw, 640px\" \/><\/p>\n<h4><strong>Aile: \u0130\u015fkence ve a\u00e7 b\u0131rakma iddialar\u0131m\u0131z do\u011fruland\u0131<\/strong><\/h4>\n<p>Ailenin avukat\u0131 Fethi \u00d6ks\u00fcz, ABD\u2019li yetkililere iade talebinde bulunacaklar\u0131n\u0131 ve gerekirse ifadesinin al\u0131nmas\u0131 i\u00e7in uluslararas\u0131 i\u015f birli\u011fi s\u00fcrecine gidilece\u011fini a\u00e7\u0131klad\u0131. \u00d6ks\u00fcz, \u201cRaporda yer alan bulgular, Ya\u011fmur\u2019un i\u015fkence g\u00f6rd\u00fc\u011f\u00fcn\u00fc, darbedildi\u011fini ve son a\u015famada uyu\u015fturucu verilerek \u00f6l\u00fcm\u00fcne neden olundu\u011funu ortaya koyuyor\u201d dedi.<\/p>\n<h3><strong>T\u00fcrkiye\u2019de ikinci otopsi yap\u0131lm\u0131\u015ft\u0131<\/strong><\/h3>\n<p>Takta\u015f ailesi, gen\u00e7 kad\u0131n\u0131n \u00f6l\u00fcm\u00fcnde ihmaller ve kas\u0131t oldu\u011funa inanarak ge\u00e7ti\u011fimiz may\u0131s ay\u0131nda Adana\u2019da fethi kabir i\u015flemiyle mezar\u0131n a\u00e7\u0131lmas\u0131n\u0131 sa\u011flam\u0131\u015f, cenaze Adli T\u0131p\u2019a ta\u015f\u0131nm\u0131\u015ft\u0131. Bozulmaya ba\u015flam\u0131\u015f beden \u00fczerinden al\u0131nan \u00f6rnekler \u0130stanbul\u2019a g\u00f6nderilmi\u015fti. Aile, \u00f6l\u00fcmden \u00f6nce darp edildi\u011fini ve a\u00e7 b\u0131rak\u0131ld\u0131\u011f\u0131n\u0131 \u00f6ne s\u00fcrerek T\u00fcrkiye\u2019de yarg\u0131 s\u00fcrecinin ba\u015flat\u0131lmas\u0131n\u0131 talep etmi\u015fti.<br \/>\n<iframe loading=\"lazy\" title=\"Ya\u011fmur Takta\u015f'\u0131n Gizemli \u00d6l\u00fcm\u00fc ve Ortaya At\u0131lan \u0130ddialar\" src=\"https:\/\/www.youtube.com\/embed\/wyZwtsmCvvo\" width=\"720\" height=\"405\" frameborder=\"0\" allowfullscreen=\"allowfullscreen\"><\/iframe><a title=\"National T\u00fcrk\" href=\"https:\/\/www.nationalturk.com\/tr\/\" target=\"_blank\" rel=\"noopener\">National T\u00fcrk<\/a> \u00f6neriyor:\u00a0 <a title=\"Seyahat etmenin faydalar\u0131\" href=\"https:\/\/www.hipokrat.web.tr\/seyahat-etmek-yaslanmayi-geciktiriyor-mu\/\" target=\"_blank\" rel=\"noopener\">Seyahat etmek ya\u015flanmay\u0131 geciktiriyor mu?<\/a><\/p>\n","protected":false},"excerpt":{"rendered":"<p>ABD&#8217;de hayat\u0131n\u0131 kaybeden sosyal medya fenomeni Ya\u011fmur Takta\u015f\u2019\u0131n otopsi raporu T\u00fcrkiye\u2019ye ula\u015ft\u0131. <\/p>\n","protected":false},"author":9192226,"featured_media":306541,"comment_status":"closed","ping_status":"closed","sticky":false,"template":"","format":"standard","meta":{"_acf_changed":false,"footnotes":""},"categories":[220549],"tags":[222522,1887,2933,222521,10098,222523,57789,51750,222520,98228],"class_list":["post-306540","post","type-post","status-publish","format-standard","has-post-thumbnail","hentry","category-haber","tag-a-c-f","tag-abd","tag-adana","tag-darp","tag-otopsi","tag-sosyal-medya-fenomeni","tag-suc","tag-uyusturucu","tag-yagmur-taktas","tag-yakalama-karari"],"acf":[],"_links":{"self":[{"href":"https:\/\/www.nationalturk.com\/tr\/wp-json\/wp\/v2\/posts\/306540","targetHints":{"allow":["GET"]}}],"collection":[{"href":"https:\/\/www.nationalturk.com\/tr\/wp-json\/wp\/v2\/posts"}],"about":[{"href":"https:\/\/www.nationalturk.com\/tr\/wp-json\/wp\/v2\/types\/post"}],"author":[{"embeddable":true,"href":"https:\/\/www.nationalturk.com\/tr\/wp-json\/wp\/v2\/users\/9192226"}],"replies":[{"embeddable":true,"href":"https:\/\/www.nationalturk.com\/tr\/wp-json\/wp\/v2\/comments?post=306540"}],"version-history":[{"count":2,"href":"https:\/\/www.nationalturk.com\/tr\/wp-json\/wp\/v2\/posts\/306540\/revisions"}],"predecessor-version":[{"id":306544,"href":"https:\/\/www.nationalturk.com\/tr\/wp-json\/wp\/v2\/posts\/306540\/revisions\/306544"}],"wp:featuredmedia":[{"embeddable":true,"href":"https:\/\/www.nationalturk.com\/tr\/wp-json\/wp\/v2\/media\/306541"}],"wp:attachment":[{"href":"https:\/\/www.nationalturk.com\/tr\/wp-json\/wp\/v2\/media?parent=306540"}],"wp:term":[{"taxonomy":"category","embeddable":true,"href":"https:\/\/www.nationalturk.com\/tr\/wp-json\/wp\/v2\/categories?post=306540"},{"taxonomy":"post_tag","embeddable":true,"href":"https:\/\/www.nationalturk.com\/tr\/wp-json\/wp\/v2\/tags?post=306540"}],"curies":[{"name":"wp","href":"https:\/\/api.w.org\/{rel}","templated":true}]}}