{"id":306545,"date":"2025-07-28T09:26:05","date_gmt":"2025-07-28T06:26:05","guid":{"rendered":"https:\/\/www.nationalturk.com\/tr\/?p=306545"},"modified":"2026-04-26T13:03:28","modified_gmt":"2026-04-26T10:03:28","slug":"turkiye-sicak-hava-dalgasiyla-kavruluyor","status":"publish","type":"post","link":"https:\/\/www.nationalturk.com\/tr\/turkiye-sicak-hava-dalgasiyla-kavruluyor\/","title":{"rendered":"T\u00fcrkiye s\u0131cak hava dalgas\u0131yla kavruluyor"},"content":{"rendered":"<p>T\u00fcrkiye, kavurucu s\u0131caklar\u0131n etkisi alt\u0131nda. Meteoroloji Genel M\u00fcd\u00fcrl\u00fc\u011f\u00fc verilerine g\u00f6re, yurt genelinde <a title=\"hava s\u0131cakl\u0131klar\u0131 haberleri\" href=\"https:\/\/www.nationalturk.com\/tr\/?s=s%C4%B1cak\" target=\"_blank\" rel=\"noopener\">hava s\u0131cakl\u0131klar\u0131<\/a> mevsim normallerinin 6 ila 12 derece \u00fczerine \u00e7\u0131kt\u0131. 47 ilde termometreler 40 dereceyi a\u015ft\u0131. En y\u00fcksek s\u0131cakl\u0131k ise 49,1 dereceyle \u015e\u0131rnak\u2019\u0131n Cizre il\u00e7esinde kaydedildi.<\/p>\n<h2><strong>T\u00fcrkiye genelinde a\u015f\u0131r\u0131 s\u0131caklar etkili<\/strong><\/h2>\n<p>Meteoroloji&#8217;nin resmi internet sitesinde yer alan \u00f6l\u00e7\u00fcmlere g\u00f6re; \u015e\u0131rnak, Diyarbak\u0131r, \u015eanl\u0131urfa, Mardin, Siirt, Eski\u015fehir, Batman, Ayd\u0131n, Gaziantep, Ad\u0131yaman, Kahramanmara\u015f, Karab\u00fck, Bilecik, Manisa, Kilis, Malatya, Elaz\u0131\u011f, Karaman, Hatay, K\u00fctahya, \u0130zmir, U\u015fak, Bal\u0131kesir, Mersin, Bing\u00f6l, Kastamonu, Zonguldak, Denizli, Bart\u0131n, Mu\u011fla, Sakarya, Antalya, Edirne, Burdur, Afyonkarahisar, Tunceli, Erzincan, Bolu, Konya, Bursa, Isparta, Ankara, Adana, \u00c7anakkale, Kayseri, Kocaeli ve Erzurum&#8217;da s\u0131cakl\u0131klar 40 derecenin \u00fczerine \u00e7\u0131kt\u0131. Bu veriler, yerden 2 metre y\u00fckseklikte g\u00f6lgede yap\u0131lan siperli \u00f6l\u00e7\u00fcmlerle belirlendi.<\/p>\n<h3><strong>Cizre&#8217;de 49,1 dereceyle rekor s\u0131cakl\u0131k<\/strong><\/h3>\n<p>27 Haziran tarihinde T\u00fcrkiye\u2019nin en <a title=\"S\u0131cak havada egzama ile nas\u0131l m\u00fccadele edilir?\" href=\"https:\/\/www.hipokrat.web.tr\/sicak-havada-egzama-ile-nasil-mucadele-edilir\/\" target=\"_blank\" rel=\"noopener\">s\u0131cak<\/a> noktas\u0131, 49,1 dereceyle \u015e\u0131rnak&#8217;\u0131n Cizre il\u00e7esi oldu. Ayn\u0131 g\u00fcn Silopi\u2019de s\u0131cakl\u0131k 48,9 dereceye, Mardin\u2019in Nusaybin ve Siirt\u2019in Kurtalan il\u00e7elerinde ise 48 dereceye ula\u015ft\u0131.<\/p>\n<h3><strong>Tropikal geceler ya\u015fan\u0131yor<\/strong><\/h3>\n<p>S\u0131cakl\u0131klar yaln\u0131zca g\u00fcnd\u00fcz saatlerinde de\u011fil, geceleri de etkisini s\u00fcrd\u00fcr\u00fcyor. T\u00fcrkiye genelinde gece s\u0131cakl\u0131klar\u0131n\u0131n 20 derece ve \u00fczerinde seyretmesi nedeniyle \u201ctropikal gece\u201d ya\u015fan\u0131yor.<\/p>\n<h3><strong>Avrupa\u2019y\u0131 geride b\u0131rakt\u0131<\/strong><\/h3>\n<p>Meteoroloji verilerine g\u00f6re, T\u00fcrkiye \u015fu an Avrupa\u2019n\u0131n bir\u00e7ok b\u00f6lgesinden daha s\u0131cak. S\u0131cak hava dalgas\u0131n\u0131n \u00f6n\u00fcm\u00fczdeki g\u00fcnlerde de etkisini s\u00fcrd\u00fcrece\u011fi tahmin ediliyor.<br \/>\n<iframe loading=\"lazy\" title=\"\u015eu An Avrupa'n\u0131n En S\u0131cak \u00dclkesi: T\u00dcRK\u0130YE! Yeni S\u0131cak Hava Dalgas\u0131 Yolda...\" src=\"https:\/\/www.youtube.com\/embed\/2s_4G6gsXMY\" width=\"720\" height=\"405\" frameborder=\"0\" allowfullscreen=\"allowfullscreen\"><\/iframe><\/p>\n","protected":false},"excerpt":{"rendered":"<p>Yurt genelinde etkisini art\u0131ran s\u0131cak hava dalgas\u0131 nedeniyle 47 ilde 40 derecenin \u00fczerinde s\u0131cakl\u0131k \u00f6l\u00e7\u00fcld\u00fc. Cizre&#8217;de ise 49,1 dereceyle rekor k\u0131r\u0131ld\u0131.<\/p>\n","protected":false},"author":9192226,"featured_media":306546,"comment_status":"closed","ping_status":"closed","sticky":false,"template":"","format":"standard","meta":{"_acf_changed":false,"footnotes":""},"categories":[220549],"tags":[222527,222461,12663,13991,14896,132694,222524,11502,222525,4134,222526],"class_list":["post-306545","post","type-post","status-publish","format-standard","has-post-thumbnail","hentry","category-haber","tag-40-derece","tag-asiri-sicaklik","tag-cizre","tag-hava-durumu","tag-meteoroloji","tag-sicak-hava-dalgasi","tag-sicaklik","tag-sirnak","tag-tropikal-gece","tag-tunceli","tag-turkiye-geneli"],"acf":[],"_links":{"self":[{"href":"https:\/\/www.nationalturk.com\/tr\/wp-json\/wp\/v2\/posts\/306545","targetHints":{"allow":["GET"]}}],"collection":[{"href":"https:\/\/www.nationalturk.com\/tr\/wp-json\/wp\/v2\/posts"}],"about":[{"href":"https:\/\/www.nationalturk.com\/tr\/wp-json\/wp\/v2\/types\/post"}],"author":[{"embeddable":true,"href":"https:\/\/www.nationalturk.com\/tr\/wp-json\/wp\/v2\/users\/9192226"}],"replies":[{"embeddable":true,"href":"https:\/\/www.nationalturk.com\/tr\/wp-json\/wp\/v2\/comments?post=306545"}],"version-history":[{"count":2,"href":"https:\/\/www.nationalturk.com\/tr\/wp-json\/wp\/v2\/posts\/306545\/revisions"}],"predecessor-version":[{"id":306548,"href":"https:\/\/www.nationalturk.com\/tr\/wp-json\/wp\/v2\/posts\/306545\/revisions\/306548"}],"wp:featuredmedia":[{"embeddable":true,"href":"https:\/\/www.nationalturk.com\/tr\/wp-json\/wp\/v2\/media\/306546"}],"wp:attachment":[{"href":"https:\/\/www.nationalturk.com\/tr\/wp-json\/wp\/v2\/media?parent=306545"}],"wp:term":[{"taxonomy":"category","embeddable":true,"href":"https:\/\/www.nationalturk.com\/tr\/wp-json\/wp\/v2\/categories?post=306545"},{"taxonomy":"post_tag","embeddable":true,"href":"https:\/\/www.nationalturk.com\/tr\/wp-json\/wp\/v2\/tags?post=306545"}],"curies":[{"name":"wp","href":"https:\/\/api.w.org\/{rel}","templated":true}]}}