{"id":306635,"date":"2025-09-08T22:28:23","date_gmt":"2025-09-08T19:28:23","guid":{"rendered":"https:\/\/www.nationalturk.com\/tr\/?p=306635"},"modified":"2025-09-08T22:28:23","modified_gmt":"2025-09-08T19:28:23","slug":"izmir-su-kesinti-gunleri-saatleri","status":"publish","type":"post","link":"https:\/\/www.nationalturk.com\/tr\/izmir-su-kesinti-gunleri-saatleri\/","title":{"rendered":"\u0130zmir\u2019de su kesintileri s\u0131kla\u015f\u0131yor: Art\u0131k 2 g\u00fcnde bir uygulanacak"},"content":{"rendered":"<p><a title=\"\u0130zmir haberleri\" href=\"https:\/\/www.nationalturk.com\/tr\/?s=izmir\" target=\"_blank\" rel=\"noopener\">\u0130zmir<\/a>\u2019de kurakl\u0131k nedeniyle s\u00fcrd\u00fcr\u00fclen planl\u0131 su kesintilerinde yeni d\u00fczenlemeye gidildi. \u0130zmir Su ve Kanalizasyon \u0130daresi Genel M\u00fcd\u00fcrl\u00fc\u011f\u00fc (\u0130ZSU), sosyal medya hesab\u0131ndan yapt\u0131\u011f\u0131 a\u00e7\u0131klamada, merkez il\u00e7elerde 3 g\u00fcnde bir ger\u00e7ekle\u015ftirilen kesintilerin yar\u0131ndan itibaren 2 g\u00fcnde bir uygulanaca\u011f\u0131n\u0131 bildirdi. A\u00e7\u0131klamada, karar\u0131n g\u00fcncel su t\u00fcketim verileri g\u00f6z \u00f6n\u00fcnde bulundurularak al\u0131nd\u0131\u011f\u0131 vurguland\u0131.<\/p>\n<h2><strong>\u0130zmir\u2019de kurakl\u0131\u011f\u0131n etkisi artt\u0131<\/strong><\/h2>\n<p>\u0130ZSU, planl\u0131 kesinti uygulamas\u0131n\u0131n, su kaynaklar\u0131ndaki azalma ve artan t\u00fcketim nedeniyle daha s\u0131k aral\u0131klarla yap\u0131laca\u011f\u0131n\u0131 belirtti.<\/p>\n<h3><strong>Vatanda\u015flardan tasarruf \u00e7a\u011fr\u0131s\u0131<\/strong><\/h3>\n<p>Kurum, su kullan\u0131m\u0131nda tasarrufun \u00f6nemine dikkat \u00e7ekerek, vatanda\u015flardan kaynaklar\u0131n korunmas\u0131 i\u00e7in hassasiyet g\u00f6stermelerini istedi.<br \/>\n<iframe loading=\"lazy\" title=\"\u0130zmir'de Su Kesintisi Ne Kadar S\u00fcrecek?\" src=\"https:\/\/www.youtube.com\/embed\/c16KeQCOWFE\" width=\"720\" height=\"405\" frameborder=\"0\" allowfullscreen=\"allowfullscreen\"><\/iframe><\/p>\n","protected":false},"excerpt":{"rendered":"<p>\u0130ZSU, kurakl\u0131k nedeniyle merkez il\u00e7elerde 3 g\u00fcnde bir yap\u0131lan planl\u0131 su kesintilerinin yar\u0131ndan itibaren 2 g\u00fcnde bir uygulanaca\u011f\u0131n\u0131 duyurdu.<\/p>\n","protected":false},"author":9192226,"featured_media":306636,"comment_status":"closed","ping_status":"closed","sticky":false,"template":"","format":"standard","meta":{"_acf_changed":false,"footnotes":""},"categories":[6155],"tags":[1681,47636,558,222492,222580],"class_list":["post-306635","post","type-post","status-publish","format-standard","has-post-thumbnail","hentry","category-gundem","tag-izmir","tag-izsu","tag-kuraklik","tag-su-kesintisi","tag-su-tasarrufu"],"acf":[],"_links":{"self":[{"href":"https:\/\/www.nationalturk.com\/tr\/wp-json\/wp\/v2\/posts\/306635","targetHints":{"allow":["GET"]}}],"collection":[{"href":"https:\/\/www.nationalturk.com\/tr\/wp-json\/wp\/v2\/posts"}],"about":[{"href":"https:\/\/www.nationalturk.com\/tr\/wp-json\/wp\/v2\/types\/post"}],"author":[{"embeddable":true,"href":"https:\/\/www.nationalturk.com\/tr\/wp-json\/wp\/v2\/users\/9192226"}],"replies":[{"embeddable":true,"href":"https:\/\/www.nationalturk.com\/tr\/wp-json\/wp\/v2\/comments?post=306635"}],"version-history":[{"count":1,"href":"https:\/\/www.nationalturk.com\/tr\/wp-json\/wp\/v2\/posts\/306635\/revisions"}],"predecessor-version":[{"id":306637,"href":"https:\/\/www.nationalturk.com\/tr\/wp-json\/wp\/v2\/posts\/306635\/revisions\/306637"}],"wp:featuredmedia":[{"embeddable":true,"href":"https:\/\/www.nationalturk.com\/tr\/wp-json\/wp\/v2\/media\/306636"}],"wp:attachment":[{"href":"https:\/\/www.nationalturk.com\/tr\/wp-json\/wp\/v2\/media?parent=306635"}],"wp:term":[{"taxonomy":"category","embeddable":true,"href":"https:\/\/www.nationalturk.com\/tr\/wp-json\/wp\/v2\/categories?post=306635"},{"taxonomy":"post_tag","embeddable":true,"href":"https:\/\/www.nationalturk.com\/tr\/wp-json\/wp\/v2\/tags?post=306635"}],"curies":[{"name":"wp","href":"https:\/\/api.w.org\/{rel}","templated":true}]}}