{"id":306638,"date":"2025-09-09T16:07:44","date_gmt":"2025-09-09T13:07:44","guid":{"rendered":"https:\/\/www.nationalturk.com\/tr\/?p=306638"},"modified":"2025-09-09T16:07:44","modified_gmt":"2025-09-09T13:07:44","slug":"edirnede-su-seviyesi-alarm-veriyor","status":"publish","type":"post","link":"https:\/\/www.nationalturk.com\/tr\/edirnede-su-seviyesi-alarm-veriyor\/","title":{"rendered":"Meri\u00e7 ve Tunca nehirlerinde su seviyesi alarm veriyor"},"content":{"rendered":"<p>Edirne\u2019de son aylarda ya\u011f\u0131\u015flar\u0131n yetersiz kalmas\u0131, a\u015f\u0131r\u0131 s\u0131caklara ba\u011fl\u0131 buharla\u015fman\u0131n artmas\u0131 ve tar\u0131msal sulama nedeniyle Meri\u00e7 ve Tunca nehirlerinde ciddi bir d\u00fc\u015f\u00fc\u015f ya\u015fand\u0131. Devlet Su \u0130\u015fleri verilerine g\u00f6re Tunca\u2019n\u0131n debisi saniyede 2 metrek\u00fcpe, Meri\u00e7\u2019in debisi ise 35 metrek\u00fcpe kadar geriledi.<\/p>\n<h3><strong>&#8220;Kurak s\u00fcre\u00e7 5-6 y\u0131l daha s\u00fcrebilir&#8221;<\/strong><\/h3>\n<p>Trakya \u00dcniversitesi Do\u011fal Afet Ara\u015ft\u0131rma ve Uygulama Merkezi M\u00fcd\u00fcr Yard\u0131mc\u0131s\u0131 Do\u00e7. Dr. Musa Uluda\u011f, AA\u2019ya konu\u015fan a\u00e7\u0131klamas\u0131nda, iklim de\u011fi\u015fikli\u011fi ve kurakl\u0131\u011f\u0131n b\u00f6lgedeki su kaynaklar\u0131n\u0131 her y\u0131l daha a\u011f\u0131r etkiledi\u011fini belirtti.<\/p>\n<p>Uluda\u011f, \u201c1926\u2019dan bug\u00fcne hidrolojik verilere bakt\u0131\u011f\u0131m\u0131zda <a title=\"\u0130zmir kurakl\u0131k\" href=\"https:\/\/www.nationalturk.com\/tr\/izmir-su-kesinti-gunleri-saatleri\/\" target=\"_blank\" rel=\"noopener\">kurak<\/a> ve nemli d\u00f6nemler bulunuyor. Ancak son y\u0131llarda kurak s\u00fcre\u00e7 daha s\u0131k ve daha \u015fiddetli ya\u015fan\u0131yor. Bu s\u00fcrecin 5-6 y\u0131l daha s\u00fcrmesi \u00f6ng\u00f6r\u00fcl\u00fcyor\u201d dedi.<\/p>\n<h3><strong>&#8220;Su y\u00f6netiminde sorunlar tabloyu a\u011f\u0131rla\u015ft\u0131rd\u0131&#8221;<\/strong><\/h3>\n<p>Uluda\u011f, Edirne\u2019nin mevsim normallerinin \u00fczerinde s\u0131cakl\u0131klarla bo\u011fu\u015ftu\u011funu vurgulayarak \u015funlar\u0131 s\u00f6yledi:<\/p>\n<p>\u201cBu durum buharla\u015fmay\u0131 art\u0131r\u0131yor. Ya\u011f\u0131\u015f olmay\u0131nca ve su y\u00f6netiminde de sorunlar ya\u015fan\u0131nca nehirlerde ciddi su kayb\u0131 ortaya \u00e7\u0131kt\u0131. Meri\u00e7 ve Tunca\u2019ya gelen suyun \u00f6nemli k\u0131sm\u0131 \u00e7eltik sahalar\u0131na aktar\u0131l\u0131yor. Ayr\u0131ca Bulgaristan\u2019\u0131n bu nehirler \u00fczerinde 24 baraj\u0131 var. K\u0131\u015f\u0131n depolad\u0131klar\u0131 suyu yaz\u0131n kullan\u0131yorlar. T\u00fcm bu etkenler tar\u0131msal \u00fcretimi olumsuz etkiliyor. Bunun en net \u00f6rne\u011fi ay\u00e7i\u00e7e\u011finde g\u00f6r\u00fcld\u00fc, verim ciddi \u015fekilde d\u00fc\u015ft\u00fc.\u201d<\/p>\n<h2><strong>&#8220;Edirne\u2019de karasal iklimin etkisi daha sert hissediliyor&#8221;<\/strong><\/h2>\n<p>Edirne\u2019nin \u00e7evre illere g\u00f6re s\u0131cakl\u0131k de\u011ferlerinin her zaman daha y\u00fcksek oldu\u011funu belirten Uluda\u011f, kentin karasal iklimin en \u015fiddetli hissedildi\u011fi b\u00f6lgelerin ba\u015f\u0131nda geldi\u011fini kaydetti.<br \/>\n<iframe loading=\"lazy\" title=\"Kurakl\u0131k ve s\u0131caklar Edirne'deki nehirleri etkiledi\" src=\"https:\/\/www.youtube.com\/embed\/Zfw4MK6R70s\" width=\"720\" height=\"405\" frameborder=\"0\" allowfullscreen=\"allowfullscreen\"><\/iframe><\/p>\n","protected":false},"excerpt":{"rendered":"<p>Edirne\u2019de son aylarda ya\u011f\u0131\u015flar\u0131n yetersiz kalmas\u0131, a\u015f\u0131r\u0131 s\u0131caklara ba\u011fl\u0131 buharla\u015fman\u0131n artmas\u0131 ve tar\u0131msal sulama nedeniyle Meri\u00e7 ve Tunca nehirlerinde ciddi bir d\u00fc\u015f\u00fc\u015f ya\u015fand\u0131. <\/p>\n","protected":false},"author":9192226,"featured_media":306639,"comment_status":"closed","ping_status":"closed","sticky":false,"template":"","format":"standard","meta":{"_acf_changed":false,"footnotes":""},"categories":[220549],"tags":[2812,558,45752,59299,15595],"class_list":["post-306638","post","type-post","status-publish","format-standard","has-post-thumbnail","hentry","category-haber","tag-edirne","tag-kuraklik","tag-meric-nehri","tag-tarim","tag-tunca-nehri"],"acf":[],"_links":{"self":[{"href":"https:\/\/www.nationalturk.com\/tr\/wp-json\/wp\/v2\/posts\/306638","targetHints":{"allow":["GET"]}}],"collection":[{"href":"https:\/\/www.nationalturk.com\/tr\/wp-json\/wp\/v2\/posts"}],"about":[{"href":"https:\/\/www.nationalturk.com\/tr\/wp-json\/wp\/v2\/types\/post"}],"author":[{"embeddable":true,"href":"https:\/\/www.nationalturk.com\/tr\/wp-json\/wp\/v2\/users\/9192226"}],"replies":[{"embeddable":true,"href":"https:\/\/www.nationalturk.com\/tr\/wp-json\/wp\/v2\/comments?post=306638"}],"version-history":[{"count":1,"href":"https:\/\/www.nationalturk.com\/tr\/wp-json\/wp\/v2\/posts\/306638\/revisions"}],"predecessor-version":[{"id":306640,"href":"https:\/\/www.nationalturk.com\/tr\/wp-json\/wp\/v2\/posts\/306638\/revisions\/306640"}],"wp:featuredmedia":[{"embeddable":true,"href":"https:\/\/www.nationalturk.com\/tr\/wp-json\/wp\/v2\/media\/306639"}],"wp:attachment":[{"href":"https:\/\/www.nationalturk.com\/tr\/wp-json\/wp\/v2\/media?parent=306638"}],"wp:term":[{"taxonomy":"category","embeddable":true,"href":"https:\/\/www.nationalturk.com\/tr\/wp-json\/wp\/v2\/categories?post=306638"},{"taxonomy":"post_tag","embeddable":true,"href":"https:\/\/www.nationalturk.com\/tr\/wp-json\/wp\/v2\/tags?post=306638"}],"curies":[{"name":"wp","href":"https:\/\/api.w.org\/{rel}","templated":true}]}}