{"id":306641,"date":"2025-09-10T16:38:07","date_gmt":"2025-09-10T13:38:07","guid":{"rendered":"https:\/\/www.nationalturk.com\/tr\/?p=306641"},"modified":"2025-09-10T16:38:07","modified_gmt":"2025-09-10T13:38:07","slug":"bodrumda-planli-su-kesintileri-basliyor","status":"publish","type":"post","link":"https:\/\/www.nationalturk.com\/tr\/bodrumda-planli-su-kesintileri-basliyor\/","title":{"rendered":"Bodrum\u2019da planl\u0131 su kesintileri ba\u015fl\u0131yor"},"content":{"rendered":"<p>Yaz aylar\u0131ndan bu yana s\u0131k s\u0131k su s\u0131k\u0131nt\u0131s\u0131yla g\u00fcndeme gelen Bodrum\u2019da, i\u00e7me suyu kaynaklar\u0131ndaki yetersizlik nedeniyle planl\u0131 kesinti uygulamas\u0131na ge\u00e7ilece\u011fi duyuruldu. Mu\u011fla Su ve Kanalizasyon \u0130daresi (MUSK\u0130), merkez mahalleler de dahil olmak \u00fczere t\u00fcm il\u00e7ede d\u00f6n\u00fc\u015f\u00fcml\u00fc sistemle su verilece\u011fini a\u00e7\u0131klad\u0131. Kesinti program\u0131n\u0131n ise ayr\u0131ca ilan edilece\u011fi bildirildi.<\/p>\n<h3><strong>Uzman\u0131n uyar\u0131s\u0131<\/strong><\/h3>\n<p>Mu\u011fla S\u0131tk\u0131 Ko\u00e7man \u00dcniversitesi \u00d6\u011fretim \u00dcyesi Prof. Dr. Ceyhun \u00d6z\u00e7elik, il\u00e7ede yaz aylar\u0131ndan bu yana plans\u0131z <a title=\"\u0130zmir su kesinti\" href=\"https:\/\/www.nationalturk.com\/tr\/izmir-su-kesinti-gunleri-saatleri\/\" target=\"_blank\" rel=\"noopener\">kesinti<\/a>lerin ya\u015fand\u0131\u011f\u0131n\u0131 belirterek, \u201cK\u0131\u015f aylar\u0131n\u0131n ba\u015f\u0131na kadar planl\u0131 kesintilere devam edilece\u011fi g\u00f6z\u00fck\u00fcyor. \u0130ki baraj\u0131m\u0131zda da su miktar\u0131 olduk\u00e7a azalm\u0131\u015ft\u0131. Mumcular ve Geyik barajlar\u0131nda toplam 60 milyon metrek\u00fcpl\u00fck bir hacim s\u00f6z konusu. Bu hacmi dolduram\u0131yoruz\u201d dedi.<\/p>\n<h3><strong>Kay\u0131p-ka\u00e7ak sorununa dikkat<\/strong><\/h3>\n<p>Prof. Dr. \u00d6z\u00e7elik, su kaynaklar\u0131nda ciddi kay\u0131p-ka\u00e7ak oldu\u011funa dikkat \u00e7ekerek, \u201c15-20 milyon metrek\u00fcp civar\u0131nda kay\u0131p ka\u00e7ak s\u00f6z konusu. Yeralt\u0131 sular\u0131m\u0131zda da 10-15 milyon metrek\u00fcp su oldu\u011funu d\u00fc\u015f\u00fcnd\u00fc\u011f\u00fcm\u00fczde asl\u0131nda planlamada ciddi bir sorun oldu\u011funu g\u00f6r\u00fcyoruz\u201d ifadelerini kulland\u0131.<\/p>\n<h2><strong>Bodrum\u2019da barajlarda kritik seviyeler<\/strong><\/h2>\n<p>Su seviyesinin g\u00f6zle g\u00f6r\u00fcl\u00fcr bi\u00e7imde d\u00fc\u015ft\u00fc\u011f\u00fc Mumcular Baraj\u0131 dron ile g\u00f6r\u00fcnt\u00fclendi. G\u00f6r\u00fcnt\u00fcler, Bodrum\u2019un i\u00e7me suyu krizinin boyutlar\u0131n\u0131 g\u00f6zler \u00f6n\u00fcne serdi.<br \/>\n<iframe loading=\"lazy\" title=\"MUSK\u0130 Duyurdu! Mu\u011fla'da Su Kesintisi 16 Saat! An\u0131\" src=\"https:\/\/www.youtube.com\/embed\/86z_t93FQIw\" width=\"720\" height=\"405\" frameborder=\"0\" allowfullscreen=\"allowfullscreen\"><\/iframe><\/p>\n","protected":false},"excerpt":{"rendered":"<p>Yaz aylar\u0131ndan bu yana s\u0131k s\u0131k su s\u0131k\u0131nt\u0131s\u0131yla g\u00fcndeme gelen Bodrum\u2019da, i\u00e7me suyu kaynaklar\u0131ndaki yetersizlik nedeniyle planl\u0131 kesinti uygulamas\u0131na ge\u00e7ilece\u011fi duyuruldu. Mu\u011fla Su ve Kanalizasyon \u0130daresi (MUSK\u0130), merkez mahalleler de dahil olmak \u00fczere t\u00fcm il\u00e7ede d\u00f6n\u00fc\u015f\u00fcml\u00fc sistemle su verilece\u011fini a\u00e7\u0131klad\u0131. Kesinti program\u0131n\u0131n ise ayr\u0131ca ilan edilece\u011fi bildirildi. Uzman\u0131n uyar\u0131s\u0131 Mu\u011fla S\u0131tk\u0131 Ko\u00e7man \u00dcniversitesi \u00d6\u011fretim \u00dcyesi &hellip;<\/p>\n","protected":false},"author":9192226,"featured_media":306642,"comment_status":"closed","ping_status":"closed","sticky":false,"template":"","format":"standard","meta":{"_acf_changed":false,"footnotes":""},"categories":[6155],"tags":[707,222583,702,222582,222581,222492],"class_list":["post-306641","post","type-post","status-publish","format-standard","has-post-thumbnail","hentry","category-gundem","tag-bodrum","tag-geyik-baraji","tag-mugla","tag-mumcular-baraji","tag-muski","tag-su-kesintisi"],"acf":[],"_links":{"self":[{"href":"https:\/\/www.nationalturk.com\/tr\/wp-json\/wp\/v2\/posts\/306641","targetHints":{"allow":["GET"]}}],"collection":[{"href":"https:\/\/www.nationalturk.com\/tr\/wp-json\/wp\/v2\/posts"}],"about":[{"href":"https:\/\/www.nationalturk.com\/tr\/wp-json\/wp\/v2\/types\/post"}],"author":[{"embeddable":true,"href":"https:\/\/www.nationalturk.com\/tr\/wp-json\/wp\/v2\/users\/9192226"}],"replies":[{"embeddable":true,"href":"https:\/\/www.nationalturk.com\/tr\/wp-json\/wp\/v2\/comments?post=306641"}],"version-history":[{"count":1,"href":"https:\/\/www.nationalturk.com\/tr\/wp-json\/wp\/v2\/posts\/306641\/revisions"}],"predecessor-version":[{"id":306643,"href":"https:\/\/www.nationalturk.com\/tr\/wp-json\/wp\/v2\/posts\/306641\/revisions\/306643"}],"wp:featuredmedia":[{"embeddable":true,"href":"https:\/\/www.nationalturk.com\/tr\/wp-json\/wp\/v2\/media\/306642"}],"wp:attachment":[{"href":"https:\/\/www.nationalturk.com\/tr\/wp-json\/wp\/v2\/media?parent=306641"}],"wp:term":[{"taxonomy":"category","embeddable":true,"href":"https:\/\/www.nationalturk.com\/tr\/wp-json\/wp\/v2\/categories?post=306641"},{"taxonomy":"post_tag","embeddable":true,"href":"https:\/\/www.nationalturk.com\/tr\/wp-json\/wp\/v2\/tags?post=306641"}],"curies":[{"name":"wp","href":"https:\/\/api.w.org\/{rel}","templated":true}]}}