{"id":306710,"date":"2025-10-26T16:12:12","date_gmt":"2025-10-26T13:12:12","guid":{"rendered":"https:\/\/www.nationalturk.com\/tr\/?p=306710"},"modified":"2025-10-26T16:12:12","modified_gmt":"2025-10-26T13:12:12","slug":"akom-istanbul-icin-kuvvetli-saganak","status":"publish","type":"post","link":"https:\/\/www.nationalturk.com\/tr\/akom-istanbul-icin-kuvvetli-saganak\/","title":{"rendered":"AKOM\u2019dan \u0130stanbul i\u00e7in kuvvetli sa\u011fanak ve f\u0131rt\u0131na uyar\u0131s\u0131"},"content":{"rendered":"<p>\u0130stanbul yeni haftaya sert hava ko\u015fullar\u0131yla girmeye haz\u0131rlan\u0131yor. <a title=\"AKOM haberleri\" href=\"http:\/\/nationalturk.com\/tr\/?s=akom\" target=\"_blank\" rel=\"noopener\">AKOM<\/a>\u2019un son meteorolojik de\u011ferlendirmelerine g\u00f6re, hafta sonu \u0131l\u0131k ve par\u00e7al\u0131 bulutlu seyreden hava, pazartesi sabah\u0131ndan itibaren yerini kuvvetli sa\u011fanak ya\u011f\u0131\u015fa ve zaman zaman f\u0131rt\u0131na h\u0131z\u0131na ula\u015fan r\u00fczg\u00e2rlara b\u0131rakacak. Kent genelinde metrekareye 10 ila 30 kilogram ya\u011f\u0131\u015f d\u00fc\u015fmesi beklenirken, r\u00fczg\u00e2r\u0131n h\u0131z\u0131 saatte 65 kilometreye kadar \u00e7\u0131kacak.<\/p>\n<h3><strong>Yollarda su birikintilerine dikkat<\/strong><\/h3>\n<p>AKOM, ani su bask\u0131nlar\u0131 ve yollarda olu\u015fabilecek su birikintilerine kar\u015f\u0131 uyar\u0131da bulundu. Ekiplerin, olas\u0131 ta\u015fk\u0131n ve trafik aksamalar\u0131na kar\u015f\u0131 haz\u0131r bekletilece\u011fi belirtildi. Vatanda\u015flardan \u00f6zellikle sabah ve ak\u015fam saatlerinde trafikte dikkatli olmalar\u0131 istendi.<\/p>\n<h3><strong>Ya\u011f\u0131\u015f sal\u0131 g\u00fcn\u00fc de s\u00fcrecek<\/strong><\/h3>\n<p>Tahminlere g\u00f6re, \u0130stanbul\u2019da ya\u011f\u0131\u015f sal\u0131 g\u00fcn\u00fc de etkisini s\u00fcrd\u00fcrecek. \u00c7ar\u015famba g\u00fcn\u00fcnden itibaren ise hava par\u00e7al\u0131 ve az bulutlu bir g\u00f6r\u00fcn\u00fcme kavu\u015facak. Hava s\u0131cakl\u0131klar\u0131n\u0131n da mevsim normallerinin biraz alt\u0131na d\u00fc\u015fmesi \u00f6ng\u00f6r\u00fcl\u00fcyor.<br \/>\n<iframe loading=\"lazy\" title=\"\u0130stanbul'da zorlu gece! Uyar\u0131 verilmi\u015fti... Metropol\u00fc sa\u011fanak ya\u011f\u0131\u015f vurdu! Yol \u00e7\u00f6kt\u00fc, toprak kayd\u0131!\" src=\"https:\/\/www.youtube.com\/embed\/9EyWVCJW9WA\" width=\"720\" height=\"405\" frameborder=\"0\" allowfullscreen=\"allowfullscreen\"><\/iframe><\/p>\n","protected":false},"excerpt":{"rendered":"<p>AKOM, pazartesi g\u00fcn\u00fc itibar\u0131yla kent genelinde etkili olacak sa\u011fanak ve f\u0131rt\u0131na konusunda vatanda\u015flara dikkatli olunmas\u0131 \u00e7a\u011fr\u0131s\u0131nda bulundu.<\/p>\n","protected":false},"author":9192226,"featured_media":306711,"comment_status":"closed","ping_status":"closed","sticky":false,"template":"","format":"standard","meta":{"_acf_changed":false,"footnotes":""},"categories":[220549],"tags":[171426,125672,13991,1011,173693],"class_list":["post-306710","post","type-post","status-publish","format-standard","has-post-thumbnail","hentry","category-haber","tag-akom","tag-firtina","tag-hava-durumu","tag-istanbul","tag-saganak"],"acf":[],"_links":{"self":[{"href":"https:\/\/www.nationalturk.com\/tr\/wp-json\/wp\/v2\/posts\/306710","targetHints":{"allow":["GET"]}}],"collection":[{"href":"https:\/\/www.nationalturk.com\/tr\/wp-json\/wp\/v2\/posts"}],"about":[{"href":"https:\/\/www.nationalturk.com\/tr\/wp-json\/wp\/v2\/types\/post"}],"author":[{"embeddable":true,"href":"https:\/\/www.nationalturk.com\/tr\/wp-json\/wp\/v2\/users\/9192226"}],"replies":[{"embeddable":true,"href":"https:\/\/www.nationalturk.com\/tr\/wp-json\/wp\/v2\/comments?post=306710"}],"version-history":[{"count":1,"href":"https:\/\/www.nationalturk.com\/tr\/wp-json\/wp\/v2\/posts\/306710\/revisions"}],"predecessor-version":[{"id":306712,"href":"https:\/\/www.nationalturk.com\/tr\/wp-json\/wp\/v2\/posts\/306710\/revisions\/306712"}],"wp:featuredmedia":[{"embeddable":true,"href":"https:\/\/www.nationalturk.com\/tr\/wp-json\/wp\/v2\/media\/306711"}],"wp:attachment":[{"href":"https:\/\/www.nationalturk.com\/tr\/wp-json\/wp\/v2\/media?parent=306710"}],"wp:term":[{"taxonomy":"category","embeddable":true,"href":"https:\/\/www.nationalturk.com\/tr\/wp-json\/wp\/v2\/categories?post=306710"},{"taxonomy":"post_tag","embeddable":true,"href":"https:\/\/www.nationalturk.com\/tr\/wp-json\/wp\/v2\/tags?post=306710"}],"curies":[{"name":"wp","href":"https:\/\/api.w.org\/{rel}","templated":true}]}}