{"id":306745,"date":"2025-12-01T15:03:15","date_gmt":"2025-12-01T12:03:15","guid":{"rendered":"https:\/\/www.nationalturk.com\/tr\/?p=306745"},"modified":"2025-12-01T15:03:15","modified_gmt":"2025-12-01T12:03:15","slug":"ali-yerlikaya-2025-yapilan-operasyonlar","status":"publish","type":"post","link":"https:\/\/www.nationalturk.com\/tr\/ali-yerlikaya-2025-yapilan-operasyonlar\/","title":{"rendered":"Ali Yerlikaya: Ter\u00f6r\u00fcn g\u00f6lgesi de\u011fil, huzurun y\u00fckseldi\u011fi T\u00fcrkiye\u2019yi konu\u015faca\u011f\u0131z"},"content":{"rendered":"<p>\u0130\u00e7i\u015fleri Bakan\u0131 <a title=\"Ali Yerlikaya haberleri\" href=\"https:\/\/www.nationalturk.com\/tr\/?s=Ali+Yerlikaya\" target=\"_blank\" rel=\"noopener\">Ali Yerlikaya<\/a>, Jandarma Genel Komutanl\u0131\u011f\u0131\u2019nda d\u00fczenlenen 2025 Y\u0131l\u0131 De\u011ferlendirme Toplant\u0131s\u0131\u2019nda T\u00fcrkiye\u2019nin g\u00fcvenlik g\u00fcndemine ili\u015fkin \u00f6nemli mesajlar verdi. Yerlikaya, jandarman\u0131n as\u0131rlara dayanan kurumsal yap\u0131s\u0131yla karde\u015fli\u011fi, birlik ve kamu d\u00fczenini korumaya devam etti\u011fini belirterek, \u201cT\u00fcrkiye\u2019nin Huzuru\u201d anlay\u0131\u015f\u0131yla sahada her alanda g\u00fc\u00e7l\u00fc bir m\u00fccadele y\u00fcr\u00fct\u00fcld\u00fc\u011f\u00fcn\u00fc s\u00f6yledi. Ter\u00f6rle m\u00fccadeleden organize su\u00e7lara, uyu\u015fturucudan siber operasyonlara kadar t\u00fcm ba\u015fl\u0131klarda 2025 boyunca elde edilen verileri payla\u015fan Yerlikaya, ter\u00f6r\u00fcn etkisizle\u015fti\u011fi, g\u00fcvenli\u011fin g\u00fc\u00e7lendi\u011fi bir T\u00fcrkiye hedefinin alt\u0131n\u0131 \u00e7izdi.<\/p>\n<h3><strong>Ter\u00f6rle m\u00fccadelede yo\u011fun operasyon y\u0131l\u0131<\/strong><\/h3>\n<p>Yerlikaya, \u201cTer\u00f6rs\u00fcz T\u00fcrkiye\u201d vizyonu do\u011frultusunda k\u0131rsaldaki arama\u2013tarama faaliyetlerinin aral\u0131ks\u0131z s\u00fcrd\u00fc\u011f\u00fcn\u00fc belirtti. 2025\u2019te 14\u2019\u00fc b\u00fcy\u00fck, 77\u2019si orta \u00e7apl\u0131 olmak \u00fczere toplam 91 operasyon y\u00fcr\u00fct\u00fcld\u00fc\u011f\u00fcn\u00fc s\u00f6yleyen Bakan, bu operasyonlarda 306 ma\u011fara ve s\u0131\u011f\u0131na\u011f\u0131n imha edildi\u011fini, binlerce kilogram patlay\u0131c\u0131 ile y\u00fczlerce silah ve m\u00fchimmat\u0131n ele ge\u00e7irildi\u011fini a\u00e7\u0131klad\u0131. \u0130HA ve \u0130KU\u2019lar\u0131n y\u0131l boyunca 43 bini a\u015fk\u0131n saat u\u00e7u\u015f ger\u00e7ekle\u015ftirdi\u011fini belirten Yerlikaya, 103 \u00f6rg\u00fct mensubunun ikna yoluyla teslim oldu\u011funu ifade etti.<\/p>\n<h2><strong>Ali Yerlikaya: Asayi\u015f su\u00e7lar\u0131nda belirgin d\u00fc\u015f\u00fc\u015f<\/strong><\/h2>\n<p>Jandarma sorumluluk b\u00f6lgesindeki 10 \u00f6nemli su\u00e7 t\u00fcr\u00fcnde, bir \u00f6nceki y\u0131la g\u00f6re y\u00fczde 10\u2019u a\u015fan bir d\u00fc\u015f\u00fc\u015f ya\u015fand\u0131\u011f\u0131n\u0131 belirten Yerlikaya, olay say\u0131s\u0131n\u0131n 100 bin 773\u2019ten 90 bin 205\u2019e geriledi\u011fini s\u00f6yledi. Kasten yaralama ve kasten \u00f6ld\u00fcrme gibi su\u00e7larda da ciddi azalmalar oldu\u011funu kaydederek, ayd\u0131nlatma oran\u0131n\u0131n y\u00fczde 99,8\u2019e ula\u015ft\u0131\u011f\u0131n\u0131 vurgulad\u0131. Mal varl\u0131\u011f\u0131na kar\u015f\u0131 i\u015flenen su\u00e7larda ise 11 bin 381 olan olay say\u0131s\u0131n\u0131n 9 bin 10&#8217;a d\u00fc\u015ft\u00fc\u011f\u00fcn\u00fc, motosiklet ve evden h\u0131rs\u0131zl\u0131k gibi su\u00e7larda y\u0131l boyunca kayda de\u011fer bir gerileme ya\u015fand\u0131\u011f\u0131n\u0131 aktard\u0131.<\/p>\n<h3><strong>328 organize su\u00e7 \u00e7etesi \u00e7\u00f6kertildi<\/strong><\/h3>\n<p>Organize su\u00e7larla m\u00fccadelede 2025\u2019in olduk\u00e7a yo\u011fun ge\u00e7ti\u011fini s\u00f6yleyen Yerlikaya, y\u0131l\u0131n 11 ay\u0131nda 328 \u00e7etenin \u00e7\u00f6kertildi\u011fini ve 1934 ki\u015finin tutukland\u0131\u011f\u0131n\u0131 a\u00e7\u0131klad\u0131. Uyu\u015fturucuyla m\u00fccadelede de b\u00fcy\u00fck bir ivme yakaland\u0131\u011f\u0131n\u0131 belirterek, jandarma sorumluluk b\u00f6lgesinde 73 ton uyu\u015fturucu madde ile 16 milyonu a\u015fk\u0131n uyu\u015fturucu hap\u0131n ele ge\u00e7irildi\u011fini, 4 bin 120 ki\u015finin tutukland\u0131\u011f\u0131n\u0131 ifade etti. Teknoloji destekli m\u00fccadele kapsam\u0131nda NARVAS ihbar sistemi, TB2 \u0130HA\u2019lar ve uydu destekli ekim tespit \u00e7al\u0131\u015fmalar\u0131n\u0131n etkin \u015fekilde kullan\u0131ld\u0131\u011f\u0131n\u0131 s\u00f6yledi.<\/p>\n<h4><strong>Siber su\u00e7larla m\u00fccadelede artan denetim<\/strong><\/h4>\n<p>Yerlikaya, siber su\u00e7larla m\u00fccadelede 2025 boyunca 43 bin 40 hesap ve ki\u015fi \u00fczerinde su\u00e7 unsuru tespit edildi\u011fini, bunlar\u0131n 17 bin 121\u2019inin ter\u00f6rle iltisakl\u0131 oldu\u011funu belirtti. Y\u00fcr\u00fct\u00fclen operasyonlar sonucunda 1200 ki\u015finin tutukland\u0131\u011f\u0131n\u0131 s\u00f6yleyen Bakan, dijital alan\u0131n su\u00e7 \u00f6rg\u00fctleri i\u00e7in bir bar\u0131nak de\u011fil, s\u0131k\u0131 bir denetim sahas\u0131 oldu\u011funu vurgulad\u0131.<\/p>\n<blockquote class=\"wp-embedded-content\" data-secret=\"Ila2CIs6u9\"><p><a href=\"https:\/\/www.turizmtatilseyahat.com\/sarm-el-seyh-avantajli-balayi-turu\/\" target=\"_blank\" rel=\"noopener\">\u015earm El-\u015eeyh: \u00c7\u00f6l\u00fcn ortas\u0131nda K\u0131z\u0131ldeniz ka\u00e7ama\u011f\u0131<\/a><\/p><\/blockquote>\n<p><iframe loading=\"lazy\" class=\"wp-embedded-content\" sandbox=\"allow-scripts\" security=\"restricted\" style=\"position: absolute; visibility: hidden;\" title=\"&#8220;\u015earm El-\u015eeyh: \u00c7\u00f6l\u00fcn ortas\u0131nda K\u0131z\u0131ldeniz ka\u00e7ama\u011f\u0131&#8221; &#8212; Turizm Tatil Seyahat\" src=\"https:\/\/www.turizmtatilseyahat.com\/sarm-el-seyh-avantajli-balayi-turu\/embed\/#?secret=oa68rEcVTb#?secret=Ila2CIs6u9\" data-secret=\"Ila2CIs6u9\" width=\"500\" height=\"282\" frameborder=\"0\" marginwidth=\"0\" marginheight=\"0\" scrolling=\"no\"><\/iframe><\/p>\n<h3><strong>Otoyol jandarmas\u0131yla yeni g\u00fcvenlik modeli<\/strong><\/h3>\n<p>Trafik g\u00fcvenli\u011fi konusunda \u201cotoyol jandarmas\u0131\u201d uygulamas\u0131n\u0131n kritik bir ad\u0131m oldu\u011funu s\u00f6yleyen Yerlikaya, sistemin otoyol a\u011f\u0131n\u0131n y\u00fczde 75\u2019inde aktif hale getirildi\u011fini ifade etti. 27 komutanl\u0131k, 26 karakol ve 3 tesis koruma tak\u0131m\u0131yla geni\u015f bir yap\u0131n\u0131n kuruldu\u011funu, 3 bin 793 personelin 1006 timle sahada oldu\u011funu belirtti. Y\u00fcz tan\u0131ma \u00f6zellikli yaka kameralar\u0131 ve yerli radar sistemleriyle otoyollar\u0131n g\u00fcvenlik koridoruna d\u00f6n\u00fc\u015ft\u00fcr\u00fcld\u00fc\u011f\u00fcn\u00fc dile getirdi.<\/p>\n<h3><strong>Yeni ara\u00e7lar, yeni binalar, g\u00fc\u00e7lenen teknoloji<\/strong><\/h3>\n<p>Yerlikaya, g\u00f6reve geldiklerinden bu yana jandarma te\u015fkilat\u0131na 9 bin 728 kara arac\u0131 ve 35 hava arac\u0131 kazand\u0131r\u0131ld\u0131\u011f\u0131n\u0131 belirterek, yaka kameras\u0131 say\u0131s\u0131n\u0131n 50 bine ula\u015ft\u0131\u011f\u0131n\u0131 s\u00f6yledi. Ayr\u0131ca 393 yeni hizmet binas\u0131n\u0131n in\u015fas\u0131na ba\u015fland\u0131\u011f\u0131n\u0131, bunlardan 259\u2019unun tamamland\u0131\u011f\u0131n\u0131 ifade etti.<\/p>\n<h4><strong>\u201cBu kazan\u0131m kal\u0131c\u0131 olacak\u201d<\/strong><\/h4>\n<p>Jandarma Genel Komutan\u0131 Orgeneral Ali \u00c7ardakc\u0131 da konu\u015fmas\u0131nda, \u201cTer\u00f6rs\u00fcz T\u00fcrkiye\u201d hedefinin art\u0131k sahada somut bir ger\u00e7eklik oldu\u011funu vurgulad\u0131. Ter\u00f6r \u00f6rg\u00fctlerinin bar\u0131nma alanlar\u0131n\u0131n da\u011f\u0131t\u0131ld\u0131\u011f\u0131n\u0131, lojistik hatlar\u0131n\u0131n \u00e7\u00f6kt\u00fc\u011f\u00fcn\u00fc ve finans kaynaklar\u0131n\u0131n kurutuldu\u011funu s\u00f6yledi. 2026 y\u0131l\u0131 i\u00e7in \u00fc\u00e7 temel \u00f6ncelik a\u00e7\u0131klad\u0131: ter\u00f6rden ar\u0131nd\u0131r\u0131lan alanlar\u0131n temizlenmesi, kesintisiz arazi h\u00e2kimiyetinin s\u00fcrd\u00fcr\u00fclmesi ve ter\u00f6r\u00fcn finansman kaynaklar\u0131n\u0131n tamamen yok edilmesi.<br \/>\n<iframe loading=\"lazy\" title=\"CANLI | \u0130\u00e7i\u015fleri Bakan\u0131 Ali Yerlikaya konu\u015fuyor\" src=\"https:\/\/www.youtube.com\/embed\/-jvEMODdwKA\" width=\"720\" height=\"405\" frameborder=\"0\" allowfullscreen=\"allowfullscreen\"><\/iframe><\/p>\n","protected":false},"excerpt":{"rendered":"<p>\u0130\u00e7i\u015fleri Bakan\u0131 Ali Yerlikaya, jandarman\u0131n 2025 boyunca y\u00fcr\u00fctt\u00fc\u011f\u00fc operasyonlar\u0131n sonu\u00e7lar\u0131n\u0131 a\u00e7\u0131klad\u0131<\/p>\n","protected":false},"author":9192226,"featured_media":306746,"comment_status":"closed","ping_status":"closed","sticky":false,"template":"","format":"standard","meta":{"_acf_changed":false,"footnotes":""},"categories":[6155],"tags":[24766,222600,60734,222574,20470,29170,195938],"class_list":["post-306745","post","type-post","status-publish","format-standard","has-post-thumbnail","hentry","category-gundem","tag-ali-yerlikaya","tag-asayis","tag-guvenlik","tag-icisleri","tag-jandarma","tag-teror","tag-turkiye"],"acf":[],"_links":{"self":[{"href":"https:\/\/www.nationalturk.com\/tr\/wp-json\/wp\/v2\/posts\/306745","targetHints":{"allow":["GET"]}}],"collection":[{"href":"https:\/\/www.nationalturk.com\/tr\/wp-json\/wp\/v2\/posts"}],"about":[{"href":"https:\/\/www.nationalturk.com\/tr\/wp-json\/wp\/v2\/types\/post"}],"author":[{"embeddable":true,"href":"https:\/\/www.nationalturk.com\/tr\/wp-json\/wp\/v2\/users\/9192226"}],"replies":[{"embeddable":true,"href":"https:\/\/www.nationalturk.com\/tr\/wp-json\/wp\/v2\/comments?post=306745"}],"version-history":[{"count":1,"href":"https:\/\/www.nationalturk.com\/tr\/wp-json\/wp\/v2\/posts\/306745\/revisions"}],"predecessor-version":[{"id":306748,"href":"https:\/\/www.nationalturk.com\/tr\/wp-json\/wp\/v2\/posts\/306745\/revisions\/306748"}],"wp:featuredmedia":[{"embeddable":true,"href":"https:\/\/www.nationalturk.com\/tr\/wp-json\/wp\/v2\/media\/306746"}],"wp:attachment":[{"href":"https:\/\/www.nationalturk.com\/tr\/wp-json\/wp\/v2\/media?parent=306745"}],"wp:term":[{"taxonomy":"category","embeddable":true,"href":"https:\/\/www.nationalturk.com\/tr\/wp-json\/wp\/v2\/categories?post=306745"},{"taxonomy":"post_tag","embeddable":true,"href":"https:\/\/www.nationalturk.com\/tr\/wp-json\/wp\/v2\/tags?post=306745"}],"curies":[{"name":"wp","href":"https:\/\/api.w.org\/{rel}","templated":true}]}}