{"id":307648,"date":"2026-03-10T19:22:47","date_gmt":"2026-03-10T16:22:47","guid":{"rendered":"https:\/\/www.nationalturk.com\/tr\/?p=307648"},"modified":"2026-03-10T19:22:47","modified_gmt":"2026-03-10T16:22:47","slug":"ara-tatil-kalkacak-mi-anket-sonuc","status":"publish","type":"post","link":"https:\/\/www.nationalturk.com\/tr\/ara-tatil-kalkacak-mi-anket-sonuc\/","title":{"rendered":"Ara tatil kalks\u0131n m\u0131? \u0130\u015fte \u00f6\u011fretmenlerin net g\u00f6r\u00fc\u015f\u00fc"},"content":{"rendered":"<p>Milli E\u011fitim Bakanl\u0131\u011f\u0131\u2019n\u0131n g\u00fcndemine gelen \u201c<a title=\"Okul tatili haberleri\" href=\"https:\/\/www.nationalturk.com\/tr\/?s=tatil\" target=\"_blank\" rel=\"noopener\">ara tatil<\/a>ler kald\u0131r\u0131lmal\u0131 m\u0131?\u201d tart\u0131\u015fmas\u0131yla ilgili \u00f6\u011fretmenlerin g\u00f6r\u00fc\u015fleri ortaya \u00e7\u0131kt\u0131. T\u00fcrk E\u011fitim-Sen taraf\u0131ndan T\u00fcrkiye genelinde yap\u0131lan ankete g\u00f6re \u00f6\u011fretmenlerin b\u00fcy\u00fck b\u00f6l\u00fcm\u00fc birer haftal\u0131k ara tatillerin kald\u0131r\u0131lmas\u0131na kar\u015f\u0131 oldu\u011funu belirtti.<\/p>\n<h2><strong>\u00d6\u011fretmenlerin y\u00fczde 80,5\u2019i tatilin kald\u0131r\u0131lmas\u0131na kar\u015f\u0131<\/strong><\/h2>\n<p>T\u00fcrk E\u011fitim-Sen\u2019in 2 bin 748 ki\u015finin kat\u0131l\u0131m\u0131yla ger\u00e7ekle\u015ftirdi\u011fi ankette \u201cBirer haftal\u0131k ara tatiller kald\u0131r\u0131lmal\u0131 m\u0131?\u201d sorusu y\u00f6neltildi. Ankete kat\u0131lanlar\u0131n y\u00fczde 80,5\u2019i ara tatillerin kald\u0131r\u0131lmamas\u0131 gerekti\u011fini belirtirken, y\u00fczde 19,5\u2019i kald\u0131r\u0131lmas\u0131n\u0131 istedi.<\/p>\n<p>Anket sonu\u00e7lar\u0131na g\u00f6re anaokulu ve anas\u0131n\u0131f\u0131nda g\u00f6rev yapan \u00f6\u011fretmenlerin y\u00fczde 82,9\u2019u ara tatillerin kald\u0131r\u0131lmas\u0131na kar\u015f\u0131 \u00e7\u0131kt\u0131. \u0130lkokul \u00f6\u011fretmenlerinde de benzer bir tablo ortaya \u00e7\u0131kt\u0131 ve \u00f6\u011fretmenlerin y\u00fczde 81,3\u2019\u00fc ara tatilin devam etmesi gerekti\u011fini ifade etti.<\/p>\n<h2><strong>Lise \u00f6\u011fretmenlerinde farkl\u0131 tablo<\/strong><\/h2>\n<p>Ara tatillerin kald\u0131r\u0131lmas\u0131n\u0131 savunanlar\u0131n en y\u00fcksek oldu\u011fu kademenin ise lise \u00f6\u011fretmenleri oldu\u011fu g\u00f6r\u00fcld\u00fc. Liselerde g\u00f6rev yapan \u00f6\u011fretmenlerin y\u00fczde 24,6\u2019s\u0131 ara tatillerin kald\u0131r\u0131lmas\u0131 gerekti\u011fini d\u00fc\u015f\u00fcn\u00fcrken, y\u00fczde 75,4\u2019\u00fc buna kar\u015f\u0131 \u00e7\u0131kt\u0131.<\/p>\n<p>T\u00fcrk E\u011fitim-Sen\u2019e g\u00f6re bu farkl\u0131l\u0131kta lise d\u00fczeyinde s\u0131nav bask\u0131s\u0131, m\u00fcfredat\u0131 yeti\u015ftirme kayg\u0131s\u0131 ve yo\u011fun akademik takvimin etkili olabilece\u011fi de\u011ferlendiriliyor.<\/p>\n<h3><strong>En \u00f6nemli gerek\u00e7e: Psikolojik iyi olu\u015f<\/strong><\/h3>\n<p>Ara tatillerin kald\u0131r\u0131lmas\u0131na kar\u015f\u0131 \u00e7\u0131kan \u00f6\u011fretmenlerin en \u00f6nemli gerek\u00e7esi ise psikolojik iyi olu\u015f ve stresin azalmas\u0131 oldu. Bu gerek\u00e7eyi y\u00fczde 18,4 oran\u0131ndaki kat\u0131l\u0131mc\u0131 dile getirdi.<\/p>\n<p>Bunu \u201cailelerin birlikte zaman ge\u00e7irmesini sa\u011flamas\u0131\u201d y\u00fczde 16,7, \u201c\u00f6\u011fretmenlerin ders haz\u0131rl\u0131k s\u00fcrecini olumlu etkilemesi\u201d y\u00fczde 16,5 ve \u201c\u00f6\u011frencilerin motivasyonunu art\u0131rmas\u0131\u201d y\u00fczde 16,2 gerek\u00e7eleri izledi.<\/p>\n<p>Ara tatilin sosyal faaliyetlere zaman ay\u0131rma imkan\u0131 sa\u011flamas\u0131 y\u00fczde 15,5, okul d\u0131\u015f\u0131 etkinliklerin \u00f6\u011frenmeyi desteklemesi ise y\u00fczde 13,9 oran\u0131nda ifade edildi.<\/p>\n<h3><strong>Kald\u0131r\u0131lmas\u0131n\u0131 isteyenlerin gerek\u00e7esi<\/strong><\/h3>\n<p>Ara tatillerin kald\u0131r\u0131lmas\u0131n\u0131 isteyen \u00f6\u011fretmenlerin en s\u0131k dile getirdi\u011fi gerek\u00e7eler ise tatil sonras\u0131 \u00f6\u011frencilerde motivasyonun d\u00fc\u015fmesi ve okula d\u00f6n\u00fc\u015f s\u00fcrecinde uyum sorunlar\u0131n\u0131n ya\u015fanmas\u0131 oldu. Bu iki gerek\u00e7enin her biri y\u00fczde 23,4 oran\u0131nda ifade edildi.<\/p>\n<h3><strong>\u201c\u00d6\u011fretmenlerin b\u00fcy\u00fck \u00e7o\u011funlu\u011fu kar\u015f\u0131\u201d<\/strong><\/h3>\n<p>Anket sonu\u00e7lar\u0131n\u0131 de\u011ferlendiren T\u00fcrk E\u011fitim-Sen Genel Ba\u015fkan\u0131 Talip Geylan, \u00f6\u011fretmenlerin ara tatillere yaln\u0131zca dinlenme aras\u0131 olarak bakmad\u0131\u011f\u0131n\u0131 belirtti.<\/p>\n<p>Geylan, \u201cRaporun en dikkat \u00e7ekici sonucu, \u00f6\u011fretmenlerin b\u00fcy\u00fck \u00e7o\u011funlu\u011funun ara tatillerin kald\u0131r\u0131lmas\u0131na kar\u015f\u0131 olmas\u0131d\u0131r. Bu durum, ara tatillerin \u00f6\u011fretmenler taraf\u0131ndan yaln\u0131zca bir dinlenme aras\u0131 de\u011fil; e\u011fitim s\u00fcrecini destekleyen, \u00f6\u011fretmen ve \u00f6\u011frencinin yeniden toparlanmas\u0131n\u0131 sa\u011flayan bir ara d\u00f6nem olarak de\u011ferlendirildi\u011fini g\u00f6stermektedir\u201d dedi.<\/p>\n<p><iframe loading=\"lazy\" title=\"Ara tatil uygulamas\u0131na y\u00f6nelik saha ara\u015ft\u0131rmas\u0131 sonu\u00e7lar\u0131 a\u00e7\u0131kland\u0131\" src=\"https:\/\/www.youtube.com\/embed\/noRSvDAsPCk\" width=\"951\" height=\"535\" frameborder=\"0\" allowfullscreen=\"allowfullscreen\"><\/iframe><\/p>\n","protected":false},"excerpt":{"rendered":"<p>Milli E\u011fitim Bakanl\u0131\u011f\u0131\u2019n\u0131n g\u00fcndemine gelen \u201cara tatiller kald\u0131r\u0131lmal\u0131 m\u0131?\u201d tart\u0131\u015fmas\u0131yla ilgili \u00f6\u011fretmenlerin g\u00f6r\u00fc\u015fleri ortaya \u00e7\u0131kt\u0131. T\u00fcrk E\u011fitim-Sen taraf\u0131ndan T\u00fcrkiye genelinde yap\u0131lan ankete g\u00f6re \u00f6\u011fretmenlerin b\u00fcy\u00fck b\u00f6l\u00fcm\u00fc birer haftal\u0131k ara tatillerin kald\u0131r\u0131lmas\u0131na kar\u015f\u0131 oldu\u011funu belirtti. \u00d6\u011fretmenlerin y\u00fczde 80,5\u2019i tatilin kald\u0131r\u0131lmas\u0131na kar\u015f\u0131 T\u00fcrk E\u011fitim-Sen\u2019in 2 bin 748 ki\u015finin kat\u0131l\u0131m\u0131yla ger\u00e7ekle\u015ftirdi\u011fi ankette \u201cBirer haftal\u0131k ara tatiller kald\u0131r\u0131lmal\u0131 m\u0131?\u201d &hellip;<\/p>\n","protected":false},"author":9192226,"featured_media":307649,"comment_status":"closed","ping_status":"closed","sticky":false,"template":"","format":"standard","meta":{"_acf_changed":false,"footnotes":""},"categories":[6663],"tags":[222768,195941,10359,26300,222769],"class_list":["post-307648","post","type-post","status-publish","format-standard","has-post-thumbnail","hentry","category-egitim","tag-ara-tatil","tag-egitim","tag-milli-egitim-bakanligi","tag-ogretmen","tag-turk-egitim-sen"],"acf":[],"_links":{"self":[{"href":"https:\/\/www.nationalturk.com\/tr\/wp-json\/wp\/v2\/posts\/307648","targetHints":{"allow":["GET"]}}],"collection":[{"href":"https:\/\/www.nationalturk.com\/tr\/wp-json\/wp\/v2\/posts"}],"about":[{"href":"https:\/\/www.nationalturk.com\/tr\/wp-json\/wp\/v2\/types\/post"}],"author":[{"embeddable":true,"href":"https:\/\/www.nationalturk.com\/tr\/wp-json\/wp\/v2\/users\/9192226"}],"replies":[{"embeddable":true,"href":"https:\/\/www.nationalturk.com\/tr\/wp-json\/wp\/v2\/comments?post=307648"}],"version-history":[{"count":1,"href":"https:\/\/www.nationalturk.com\/tr\/wp-json\/wp\/v2\/posts\/307648\/revisions"}],"predecessor-version":[{"id":307651,"href":"https:\/\/www.nationalturk.com\/tr\/wp-json\/wp\/v2\/posts\/307648\/revisions\/307651"}],"wp:featuredmedia":[{"embeddable":true,"href":"https:\/\/www.nationalturk.com\/tr\/wp-json\/wp\/v2\/media\/307649"}],"wp:attachment":[{"href":"https:\/\/www.nationalturk.com\/tr\/wp-json\/wp\/v2\/media?parent=307648"}],"wp:term":[{"taxonomy":"category","embeddable":true,"href":"https:\/\/www.nationalturk.com\/tr\/wp-json\/wp\/v2\/categories?post=307648"},{"taxonomy":"post_tag","embeddable":true,"href":"https:\/\/www.nationalturk.com\/tr\/wp-json\/wp\/v2\/tags?post=307648"}],"curies":[{"name":"wp","href":"https:\/\/api.w.org\/{rel}","templated":true}]}}