{"id":307652,"date":"2026-03-10T21:07:48","date_gmt":"2026-03-10T18:07:48","guid":{"rendered":"https:\/\/www.nationalturk.com\/tr\/?p=307652"},"modified":"2026-03-10T21:07:48","modified_gmt":"2026-03-10T18:07:48","slug":"eskisehirde-gizemli-olum","status":"publish","type":"post","link":"https:\/\/www.nationalturk.com\/tr\/eskisehirde-gizemli-olum\/","title":{"rendered":"Eski\u015fehir&#8217;de gizemli \u00f6l\u00fcm"},"content":{"rendered":"<h2><a href=\"https:\/\/www.nationalturk.com\/tr\/eskisehirde-surucu-supermarkete-girdi\/\">Eski\u015fehir<\/a>&#8216;de cans\u0131z bedeni evde bulundu<\/h2>\n<p>Eski\u015fehir&#8217;in Y\u0131ld\u0131ztepe Mahallesi Alia\u011flar Sokak&#8217;ta 19 numaral\u0131 Mustafa Kuban Apartman\u0131&#8217;n\u0131n i\u00e7erisindeki a\u011f\u0131r kokuyu fark eden apartman sakinlerinin \u015fikayeti \u00fczerine emekli okul m\u00fcd\u00fcr\u00fcn\u00fcn cans\u0131z bedeni bulundu.<\/p>\n<p><img loading=\"lazy\" decoding=\"async\" class=\"alignnone wp-image-307653 size-medium\" src=\"https:\/\/www.nationalturk.com\/tr\/wp-content\/uploads\/2026\/03\/AW659254_02-800x450.jpg\" alt=\"Eski\u015fehir&#039;de cans\u0131z bedeni evde bulundu\" width=\"800\" height=\"450\" title=\"\" srcset=\"https:\/\/www.nationalturk.com\/tr\/wp-content\/uploads\/2026\/03\/AW659254_02-800x450.jpg 800w, https:\/\/www.nationalturk.com\/tr\/wp-content\/uploads\/2026\/03\/AW659254_02-1024x577.jpg 1024w, https:\/\/www.nationalturk.com\/tr\/wp-content\/uploads\/2026\/03\/AW659254_02-200x113.jpg 200w, https:\/\/www.nationalturk.com\/tr\/wp-content\/uploads\/2026\/03\/AW659254_02-1536x865.jpg 1536w, https:\/\/www.nationalturk.com\/tr\/wp-content\/uploads\/2026\/03\/AW659254_02-2048x1153.jpg 2048w, https:\/\/www.nationalturk.com\/tr\/wp-content\/uploads\/2026\/03\/AW659254_02-390x220.jpg 390w\" sizes=\"auto, (max-width: 800px) 100vw, 800px\" \/><\/p>\n<p>Bir s\u00fcredir haber al\u0131namayan 1&#8217;inci katta ikamet eden Dursun Baycan (80) isimli emekli okul m\u00fcd\u00fcr\u00fcn\u00fcn cans\u0131z bedeni dairesinde bulundu.<\/p>\n<p>Kom\u015fular\u0131n \u015fikayeti \u00fczerine olay yerine gelen <a href=\"http:\/\/polis\">polis<\/a> ve\u00a0sa\u011fl\u0131k ekipleri \u00e7ilingir yard\u0131m\u0131yla giri\u015f yapt\u0131klar\u0131 dairede, Baycan&#8217;\u0131n \u00e7\u00fcr\u00fcmeye ba\u015flayan cans\u0131z bedenine ula\u015ft\u0131. \u00d6l\u00fcmle ilgili inceleme ba\u015flat\u0131ld\u0131.<\/p>\n<h3>\u015e\u00fcpheli \u00f6l\u00fcm inceleniyor- Video<\/h3>\n<div style=\"width: 512px;\" class=\"wp-video\"><video class=\"wp-video-shortcode\" id=\"video-307652-1\" width=\"512\" height=\"288\" preload=\"metadata\" controls=\"controls\"><source type=\"video\/mp4\" src=\"https:\/\/www.nationalturk.com\/tr\/wp-content\/uploads\/2026\/03\/B25D4B0C-D03A-460F-B3D9-06803048DDB8.mp4?_=1\" \/><a href=\"https:\/\/www.nationalturk.com\/tr\/wp-content\/uploads\/2026\/03\/B25D4B0C-D03A-460F-B3D9-06803048DDB8.mp4\">https:\/\/www.nationalturk.com\/tr\/wp-content\/uploads\/2026\/03\/B25D4B0C-D03A-460F-B3D9-06803048DDB8.mp4<\/a><\/video><\/div>\n","protected":false},"excerpt":{"rendered":"<p>Eski\u015fehir&#8216;de cans\u0131z bedeni evde bulundu Eski\u015fehir&#8217;in Y\u0131ld\u0131ztepe Mahallesi Alia\u011flar Sokak&#8217;ta 19 numaral\u0131 Mustafa Kuban Apartman\u0131&#8217;n\u0131n i\u00e7erisindeki a\u011f\u0131r kokuyu fark eden apartman sakinlerinin \u015fikayeti \u00fczerine emekli okul m\u00fcd\u00fcr\u00fcn\u00fcn cans\u0131z bedeni bulundu. Bir s\u00fcredir haber al\u0131namayan 1&#8217;inci katta ikamet eden Dursun Baycan (80) isimli emekli okul m\u00fcd\u00fcr\u00fcn\u00fcn cans\u0131z bedeni dairesinde bulundu. Kom\u015fular\u0131n \u015fikayeti \u00fczerine olay yerine gelen &hellip;<\/p>\n","protected":false},"author":9192229,"featured_media":307654,"comment_status":"closed","ping_status":"closed","sticky":false,"template":"","format":"standard","meta":{"_acf_changed":false,"footnotes":""},"categories":[6805,220549,342],"tags":[8985,7070,222770],"class_list":["post-307652","post","type-post","status-publish","format-standard","has-post-thumbnail","hentry","category-turkiye","category-haber","category-video","tag-eskisehir","tag-polis","tag-supheli-olum"],"acf":[],"_links":{"self":[{"href":"https:\/\/www.nationalturk.com\/tr\/wp-json\/wp\/v2\/posts\/307652","targetHints":{"allow":["GET"]}}],"collection":[{"href":"https:\/\/www.nationalturk.com\/tr\/wp-json\/wp\/v2\/posts"}],"about":[{"href":"https:\/\/www.nationalturk.com\/tr\/wp-json\/wp\/v2\/types\/post"}],"author":[{"embeddable":true,"href":"https:\/\/www.nationalturk.com\/tr\/wp-json\/wp\/v2\/users\/9192229"}],"replies":[{"embeddable":true,"href":"https:\/\/www.nationalturk.com\/tr\/wp-json\/wp\/v2\/comments?post=307652"}],"version-history":[{"count":1,"href":"https:\/\/www.nationalturk.com\/tr\/wp-json\/wp\/v2\/posts\/307652\/revisions"}],"predecessor-version":[{"id":307656,"href":"https:\/\/www.nationalturk.com\/tr\/wp-json\/wp\/v2\/posts\/307652\/revisions\/307656"}],"wp:featuredmedia":[{"embeddable":true,"href":"https:\/\/www.nationalturk.com\/tr\/wp-json\/wp\/v2\/media\/307654"}],"wp:attachment":[{"href":"https:\/\/www.nationalturk.com\/tr\/wp-json\/wp\/v2\/media?parent=307652"}],"wp:term":[{"taxonomy":"category","embeddable":true,"href":"https:\/\/www.nationalturk.com\/tr\/wp-json\/wp\/v2\/categories?post=307652"},{"taxonomy":"post_tag","embeddable":true,"href":"https:\/\/www.nationalturk.com\/tr\/wp-json\/wp\/v2\/tags?post=307652"}],"curies":[{"name":"wp","href":"https:\/\/api.w.org\/{rel}","templated":true}]}}