{"id":307657,"date":"2026-03-10T21:24:19","date_gmt":"2026-03-10T18:24:19","guid":{"rendered":"https:\/\/www.nationalturk.com\/tr\/?p=307657"},"modified":"2026-03-10T21:24:19","modified_gmt":"2026-03-10T18:24:19","slug":"bursada-feci-kaza-4-yarali","status":"publish","type":"post","link":"https:\/\/www.nationalturk.com\/tr\/bursada-feci-kaza-4-yarali\/","title":{"rendered":"Bursa&#8217;da feci kaza: 4 yaral\u0131"},"content":{"rendered":"<h2><a href=\"https:\/\/www.nationalturk.com\/tr\/bursada-surpriz-pahaliya-patladi\/\">Bursa<\/a>&#8216;da kontrol \u00e7\u0131kan motor devrildi<\/h2>\n<p>Bursa&#8217;n\u0131n \u0130neg\u00f6l ile Alanyurt&#8217;u ba\u011flayan k\u00f6pr\u00fcl\u00fc kav\u015fakta seyir halinde olan Mouayad A. (27) y\u00f6netimindeki \u00a0motosiklet, s\u00fcr\u00fcc\u00fcs\u00fcn\u00fcn kontrol\u00fcnden \u00e7\u0131karak devrildi.<\/p>\n<p><img loading=\"lazy\" decoding=\"async\" class=\"alignnone wp-image-307658 size-medium\" src=\"https:\/\/www.nationalturk.com\/tr\/wp-content\/uploads\/2026\/03\/AW659248_01-800x450.jpg\" alt=\"Bursa&#039;da kontrol \u00e7\u0131kan motor devrildi\" width=\"800\" height=\"450\" title=\"\" srcset=\"https:\/\/www.nationalturk.com\/tr\/wp-content\/uploads\/2026\/03\/AW659248_01-800x450.jpg 800w, https:\/\/www.nationalturk.com\/tr\/wp-content\/uploads\/2026\/03\/AW659248_01-1024x576.jpg 1024w, https:\/\/www.nationalturk.com\/tr\/wp-content\/uploads\/2026\/03\/AW659248_01-200x113.jpg 200w, https:\/\/www.nationalturk.com\/tr\/wp-content\/uploads\/2026\/03\/AW659248_01-1536x864.jpg 1536w, https:\/\/www.nationalturk.com\/tr\/wp-content\/uploads\/2026\/03\/AW659248_01-2048x1152.jpg 2048w, https:\/\/www.nationalturk.com\/tr\/wp-content\/uploads\/2026\/03\/AW659248_01-390x220.jpg 390w\" sizes=\"auto, (max-width: 800px) 100vw, 800px\" \/><\/p>\n<p>Devrilen motosiklettten d\u00fc\u015fen s\u00fcr\u00fcc\u00fc ve arkas\u0131ndaki e\u015fi Sidre A. (23) ve \u00e7ocuklar\u0131 4 ya\u015f\u0131ndaki Henadi A. ve 2 ya\u015f\u0131ndaki Abdullatif A. yaraland\u0131. Yaral\u0131lara ilk m\u00fcdahale olay yerinde yap\u0131ld\u0131. Korkutan kazada aile b\u00fcy\u00fck bir \u015fok ya\u015fad\u0131.<\/p>\n<p>Yaral\u0131lar kaza yerine sevk edilen ambulanslarla \u0130neg\u00f6l Devlet Hastanesine kald\u0131r\u0131ld\u0131.<\/p>\n<p>Polis <a href=\"http:\/\/kaza\">kazayla<\/a> ilgili soru\u015fturma ba\u015flatt\u0131.<\/p>\n<h3>Korkutan kazada 4 yaral\u0131- Video<\/h3>\n<div style=\"width: 512px;\" class=\"wp-video\"><video class=\"wp-video-shortcode\" id=\"video-307657-1\" width=\"512\" height=\"288\" preload=\"metadata\" controls=\"controls\"><source type=\"video\/mp4\" src=\"https:\/\/www.nationalturk.com\/tr\/wp-content\/uploads\/2026\/03\/8FEA86AC-58C6-4A9D-B4C6-F12A265C61B2.mp4?_=1\" \/><a href=\"https:\/\/www.nationalturk.com\/tr\/wp-content\/uploads\/2026\/03\/8FEA86AC-58C6-4A9D-B4C6-F12A265C61B2.mp4\">https:\/\/www.nationalturk.com\/tr\/wp-content\/uploads\/2026\/03\/8FEA86AC-58C6-4A9D-B4C6-F12A265C61B2.mp4<\/a><\/video><\/div>\n","protected":false},"excerpt":{"rendered":"<p>Bursa&#8216;da kontrol \u00e7\u0131kan motor devrildi Bursa&#8217;n\u0131n \u0130neg\u00f6l ile Alanyurt&#8217;u ba\u011flayan k\u00f6pr\u00fcl\u00fc kav\u015fakta seyir halinde olan Mouayad A. (27) y\u00f6netimindeki \u00a0motosiklet, s\u00fcr\u00fcc\u00fcs\u00fcn\u00fcn kontrol\u00fcnden \u00e7\u0131karak devrildi. Devrilen motosiklettten d\u00fc\u015fen s\u00fcr\u00fcc\u00fc ve arkas\u0131ndaki e\u015fi Sidre A. (23) ve \u00e7ocuklar\u0131 4 ya\u015f\u0131ndaki Henadi A. ve 2 ya\u015f\u0131ndaki Abdullatif A. yaraland\u0131. Yaral\u0131lara ilk m\u00fcdahale olay yerinde yap\u0131ld\u0131. Korkutan kazada aile &hellip;<\/p>\n","protected":false},"author":9192229,"featured_media":307659,"comment_status":"closed","ping_status":"closed","sticky":false,"template":"","format":"standard","meta":{"_acf_changed":false,"footnotes":""},"categories":[6805,1,342],"tags":[845,222771,59376],"class_list":["post-307657","post","type-post","status-publish","format-standard","has-post-thumbnail","hentry","category-turkiye","category-nationalturk","category-video","tag-bursa","tag-motor-kazasi","tag-yarali"],"acf":[],"_links":{"self":[{"href":"https:\/\/www.nationalturk.com\/tr\/wp-json\/wp\/v2\/posts\/307657","targetHints":{"allow":["GET"]}}],"collection":[{"href":"https:\/\/www.nationalturk.com\/tr\/wp-json\/wp\/v2\/posts"}],"about":[{"href":"https:\/\/www.nationalturk.com\/tr\/wp-json\/wp\/v2\/types\/post"}],"author":[{"embeddable":true,"href":"https:\/\/www.nationalturk.com\/tr\/wp-json\/wp\/v2\/users\/9192229"}],"replies":[{"embeddable":true,"href":"https:\/\/www.nationalturk.com\/tr\/wp-json\/wp\/v2\/comments?post=307657"}],"version-history":[{"count":1,"href":"https:\/\/www.nationalturk.com\/tr\/wp-json\/wp\/v2\/posts\/307657\/revisions"}],"predecessor-version":[{"id":307661,"href":"https:\/\/www.nationalturk.com\/tr\/wp-json\/wp\/v2\/posts\/307657\/revisions\/307661"}],"wp:featuredmedia":[{"embeddable":true,"href":"https:\/\/www.nationalturk.com\/tr\/wp-json\/wp\/v2\/media\/307659"}],"wp:attachment":[{"href":"https:\/\/www.nationalturk.com\/tr\/wp-json\/wp\/v2\/media?parent=307657"}],"wp:term":[{"taxonomy":"category","embeddable":true,"href":"https:\/\/www.nationalturk.com\/tr\/wp-json\/wp\/v2\/categories?post=307657"},{"taxonomy":"post_tag","embeddable":true,"href":"https:\/\/www.nationalturk.com\/tr\/wp-json\/wp\/v2\/tags?post=307657"}],"curies":[{"name":"wp","href":"https:\/\/api.w.org\/{rel}","templated":true}]}}