{"id":307662,"date":"2026-03-10T22:47:24","date_gmt":"2026-03-10T19:47:24","guid":{"rendered":"https:\/\/www.nationalturk.com\/tr\/?p=307662"},"modified":"2026-03-10T22:48:01","modified_gmt":"2026-03-10T19:48:01","slug":"izmirde-lise-onunde-film-gibi-kovalamaca","status":"publish","type":"post","link":"https:\/\/www.nationalturk.com\/tr\/izmirde-lise-onunde-film-gibi-kovalamaca\/","title":{"rendered":"\u0130zmir\u2019de lise \u00f6n\u00fcnde film gibi kovalamaca"},"content":{"rendered":"<h2><a href=\"https:\/\/www.nationalturk.com\/tr\/izmirde-vinc-otomobili-surukledi\/\">\u0130zmir<\/a>\u2019de lise \u00f6n\u00fcnde kovalamaca<\/h2>\n<p>Lise&#8217;de bir lisenin \u00f6n\u00fcnde \u015f\u00fcpheli g\u00f6z\u00fcken \u015fah\u0131slar kontrol yaparken <a href=\"http:\/\/polis\">polisten<\/a> ko\u015farak ka\u00e7t\u0131.<\/p>\n<p><img loading=\"lazy\" decoding=\"async\" class=\"alignnone wp-image-307663 size-medium\" src=\"https:\/\/www.nationalturk.com\/tr\/wp-content\/uploads\/2026\/03\/izmir2-800x450.jpg\" alt=\"\u0130zmir\u2019de lise \u00f6n\u00fcnde kovalamaca\" width=\"800\" height=\"450\" title=\"\" srcset=\"https:\/\/www.nationalturk.com\/tr\/wp-content\/uploads\/2026\/03\/izmir2-800x450.jpg 800w, https:\/\/www.nationalturk.com\/tr\/wp-content\/uploads\/2026\/03\/izmir2-1024x576.jpg 1024w, https:\/\/www.nationalturk.com\/tr\/wp-content\/uploads\/2026\/03\/izmir2-200x113.jpg 200w, https:\/\/www.nationalturk.com\/tr\/wp-content\/uploads\/2026\/03\/izmir2-390x220.jpg 390w, https:\/\/www.nationalturk.com\/tr\/wp-content\/uploads\/2026\/03\/izmir2.jpg 1280w\" sizes=\"auto, (max-width: 800px) 100vw, 800px\" \/><\/p>\n<p>Lise \u00f6n\u00fcnde yap\u0131lan kontrol s\u0131ras\u0131nda iki \u015fah\u0131s, polis sorgu i\u00e7in \u00e7evirdi\u011fi s\u0131rada ko\u015farak ka\u00e7t\u0131. Farkl\u0131 y\u00f6nlere do\u011fru ka\u00e7an \u015fah\u0131slar polis memuruna zor anlar ya\u015fatt\u0131.<\/p>\n<p>Lise \u00f6n\u00fcnde her ge\u00e7en g\u00fcn artan \u015fah\u0131slar velilere b\u00fcy\u00fck bir korku ya\u015fat\u0131rken vatanda\u015flar \u00e7ocuklar\u0131n\u0131n g\u00fcvenli\u011fi i\u00e7in yetkililerden yard\u0131m istedi.<\/p>\n<p>\u015eah\u0131slar\u0131n yakalanmas\u0131 i\u00e7in \u00e7al\u0131\u015fma ba\u015flat\u0131ld\u0131.<\/p>\n<h2>Korku dolu anlar b\u00f6yle g\u00f6r\u00fcnt\u00fclendi-Video<\/h2>\n<div style=\"width: 396px;\" class=\"wp-video\"><video class=\"wp-video-shortcode\" id=\"video-307662-1\" width=\"396\" height=\"360\" preload=\"metadata\" controls=\"controls\"><source type=\"video\/mp4\" src=\"https:\/\/www.nationalturk.com\/tr\/wp-content\/uploads\/2026\/03\/ssstwitter.com_1773171495988.mp4?_=1\" \/><a href=\"https:\/\/www.nationalturk.com\/tr\/wp-content\/uploads\/2026\/03\/ssstwitter.com_1773171495988.mp4\">https:\/\/www.nationalturk.com\/tr\/wp-content\/uploads\/2026\/03\/ssstwitter.com_1773171495988.mp4<\/a><\/video><\/div>\n","protected":false},"excerpt":{"rendered":"<p>\u0130zmir\u2019de lise \u00f6n\u00fcnde kovalamaca Lise&#8217;de bir lisenin \u00f6n\u00fcnde \u015f\u00fcpheli g\u00f6z\u00fcken \u015fah\u0131slar kontrol yaparken polisten ko\u015farak ka\u00e7t\u0131. Lise \u00f6n\u00fcnde yap\u0131lan kontrol s\u0131ras\u0131nda iki \u015fah\u0131s, polis sorgu i\u00e7in \u00e7evirdi\u011fi s\u0131rada ko\u015farak ka\u00e7t\u0131. Farkl\u0131 y\u00f6nlere do\u011fru ka\u00e7an \u015fah\u0131slar polis memuruna zor anlar ya\u015fatt\u0131. Lise \u00f6n\u00fcnde her ge\u00e7en g\u00fcn artan \u015fah\u0131slar velilere b\u00fcy\u00fck bir korku ya\u015fat\u0131rken vatanda\u015flar \u00e7ocuklar\u0131n\u0131n g\u00fcvenli\u011fi &hellip;<\/p>\n","protected":false},"author":9192229,"featured_media":307664,"comment_status":"closed","ping_status":"closed","sticky":false,"template":"","format":"standard","meta":{"_acf_changed":false,"footnotes":""},"categories":[6805,220549,342],"tags":[1681,141413,7070],"class_list":["post-307662","post","type-post","status-publish","format-standard","has-post-thumbnail","hentry","category-turkiye","category-haber","category-video","tag-izmir","tag-lise","tag-polis"],"acf":[],"_links":{"self":[{"href":"https:\/\/www.nationalturk.com\/tr\/wp-json\/wp\/v2\/posts\/307662","targetHints":{"allow":["GET"]}}],"collection":[{"href":"https:\/\/www.nationalturk.com\/tr\/wp-json\/wp\/v2\/posts"}],"about":[{"href":"https:\/\/www.nationalturk.com\/tr\/wp-json\/wp\/v2\/types\/post"}],"author":[{"embeddable":true,"href":"https:\/\/www.nationalturk.com\/tr\/wp-json\/wp\/v2\/users\/9192229"}],"replies":[{"embeddable":true,"href":"https:\/\/www.nationalturk.com\/tr\/wp-json\/wp\/v2\/comments?post=307662"}],"version-history":[{"count":1,"href":"https:\/\/www.nationalturk.com\/tr\/wp-json\/wp\/v2\/posts\/307662\/revisions"}],"predecessor-version":[{"id":307666,"href":"https:\/\/www.nationalturk.com\/tr\/wp-json\/wp\/v2\/posts\/307662\/revisions\/307666"}],"wp:featuredmedia":[{"embeddable":true,"href":"https:\/\/www.nationalturk.com\/tr\/wp-json\/wp\/v2\/media\/307664"}],"wp:attachment":[{"href":"https:\/\/www.nationalturk.com\/tr\/wp-json\/wp\/v2\/media?parent=307662"}],"wp:term":[{"taxonomy":"category","embeddable":true,"href":"https:\/\/www.nationalturk.com\/tr\/wp-json\/wp\/v2\/categories?post=307662"},{"taxonomy":"post_tag","embeddable":true,"href":"https:\/\/www.nationalturk.com\/tr\/wp-json\/wp\/v2\/tags?post=307662"}],"curies":[{"name":"wp","href":"https:\/\/api.w.org\/{rel}","templated":true}]}}